{"id":434369,"date":"2025-10-02T19:11:11","date_gmt":"2025-10-02T19:11:11","guid":{"rendered":"https:\/\/www.europesays.com\/fr\/434369\/"},"modified":"2025-10-02T19:11:11","modified_gmt":"2025-10-02T19:11:11","slug":"entre-metz-et-nancy-laeroport-lorrain-en-sursis","status":"publish","type":"post","link":"https:\/\/www.europesays.com\/fr\/434369\/","title":{"rendered":"Entre Metz et Nancy, l\u2019a\u00e9roport lorrain en sursis"},"content":{"rendered":"<p>S&rsquo;agissait-il d&rsquo;une derni\u00e8re subvention, ou d&rsquo;un dernier sursis ? En accordant le 19 septembre une contribution de 650 000 euros au d\u00e9ficit de l&rsquo;a\u00e9roport lorrain, le conseil r\u00e9gional du Grand Est a offert une bouff\u00e9e d&rsquo;oxyg\u00e8ne \u00e0 cette plate-forme d\u00e9sert\u00e9e par les passagers. Situ\u00e9 \u00e0 mi-chemin entre Nancy et Metz n&rsquo;appara\u00eet plus comme un outil d&rsquo;am\u00e9nagement du territoire. Avec 105 000 passagers en 2024 contre 263 000 en 2019, et avec la r\u00e9gion comme actionnaire unique, des \u00e9lus l&rsquo;accusent d&rsquo;\u00eatre devenu un gouffre pour les finances publiques.<\/p>\n<p>\u00ab\u2009J\u2019observe un encha\u00eenement de subventions pour combler le d\u00e9ficit d\u2019exploitation. 1,2 million d\u2019euros en janvier, 300 000 euros en mars, 650 000 euros en septembre, soit 2,15 millions d\u2019euros cette ann\u00e9e. On ne peut pas continuer comme cela\u2009\u00bb, pr\u00e9vient Christophe Choserot, pr\u00e9sident du groupe Centristes et Territoires au conseil r\u00e9gional du Grand Est.<\/p>\n","protected":false},"excerpt":{"rendered":"S&rsquo;agissait-il d&rsquo;une derni\u00e8re subvention, ou d&rsquo;un dernier sursis ? En accordant le 19 septembre une contribution de 650&hellip;\n","protected":false},"author":2,"featured_media":434370,"comment_status":"","ping_status":"","sticky":false,"template":"","format":"standard","meta":{"footnotes":""},"categories":[9635],"tags":[17,1111,11,2834,1777,674,1011,27,775,46482,56208,6212,1702,12,1306,25,6252],"class_list":{"0":"post-434369","1":"post","2":"type-post","3":"status-publish","4":"format-standard","5":"has-post-thumbnail","7":"category-nancy","8":"tag-17","9":"tag-actu","10":"tag-actualites","11":"tag-entre","12":"tag-eu","13":"tag-europe","14":"tag-fr","15":"tag-france","16":"tag-grand-est","17":"tag-laeroport","18":"tag-lorrain","19":"tag-metz","20":"tag-nancy","21":"tag-news","22":"tag-regions","23":"tag-republique-francaise","24":"tag-sursis"},"share_on_mastodon":{"url":"https:\/\/pubeurope.com\/@fr\/115306160680405816","error":""},"_links":{"self":[{"href":"https:\/\/www.europesays.com\/fr\/wp-json\/wp\/v2\/posts\/434369","targetHints":{"allow":["GET"]}}],"collection":[{"href":"https:\/\/www.europesays.com\/fr\/wp-json\/wp\/v2\/posts"}],"about":[{"href":"https:\/\/www.europesays.com\/fr\/wp-json\/wp\/v2\/types\/post"}],"author":[{"embeddable":true,"href":"https:\/\/www.europesays.com\/fr\/wp-json\/wp\/v2\/users\/2"}],"replies":[{"embeddable":true,"href":"https:\/\/www.europesays.com\/fr\/wp-json\/wp\/v2\/comments?post=434369"}],"version-history":[{"count":0,"href":"https:\/\/www.europesays.com\/fr\/wp-json\/wp\/v2\/posts\/434369\/revisions"}],"wp:featuredmedia":[{"embeddable":true,"href":"https:\/\/www.europesays.com\/fr\/wp-json\/wp\/v2\/media\/434370"}],"wp:attachment":[{"href":"https:\/\/www.europesays.com\/fr\/wp-json\/wp\/v2\/media?parent=434369"}],"wp:term":[{"taxonomy":"category","embeddable":true,"href":"https:\/\/www.europesays.com\/fr\/wp-json\/wp\/v2\/categories?post=434369"},{"taxonomy":"post_tag","embeddable":true,"href":"https:\/\/www.europesays.com\/fr\/wp-json\/wp\/v2\/tags?post=434369"}],"curies":[{"name":"wp","href":"https:\/\/api.w.org\/{rel}","templated":true}]}}