{"id":434373,"date":"2025-10-02T19:14:09","date_gmt":"2025-10-02T19:14:09","guid":{"rendered":"https:\/\/www.europesays.com\/fr\/434373\/"},"modified":"2025-10-02T19:14:09","modified_gmt":"2025-10-02T19:14:09","slug":"le-pilote-dune-moto-grievement-blesse-son-frere-accidente-en-allant-sur-place","status":"publish","type":"post","link":"https:\/\/www.europesays.com\/fr\/434373\/","title":{"rendered":"le pilote d&rsquo;une moto gri\u00e8vement bless\u00e9, son fr\u00e8re accident\u00e9 en allant sur place"},"content":{"rendered":"<p>            Par<br \/>\n        <strong><br \/>\n            <a href=\"https:\/\/actu.fr\/auteur\/jm-aubert\" title=\"Consulter tous les articles de Jean-Marc Aubert\" target=\"_blank\" rel=\"noopener\">Jean-Marc Aubert<\/a><br \/>\n        <\/strong><\/p>\n<p>        Publi\u00e9 le<\/p>\n<p>            2 oct. 2025 \u00e0 21h11        <\/p>\n<p>Le pilote d\u2019une motocross a \u00e9t\u00e9 gri\u00e8vement bless\u00e9, ce jeudi soir, \u00e0<strong> Saint-Jean-de-V\u00e9das<\/strong>, aux portes ouest de Montpellier, lors d\u2019un d\u00e9lit de fuite. Son fr\u00e8re a \u00e9t\u00e9 victime d\u2019un accident en se rendant sur les lieux. Et comble de malheur, leur maman est hospitalis\u00e9e au <strong>CHU de Montpellier<\/strong> depuis ce matin.<\/p>\n<p class=\" wall-content\">C\u2019est un encha\u00eenement incroyable qui frappe une famille depuis ce jeudi 2 octobre 2025 au matin. Vers 18h45, ce jeudi, le pilote d\u2019une motocross \u00e2g\u00e9 de 19 ans refuse d\u2019obtemp\u00e9rer \u00e0 des <strong>policiers municipaux<\/strong>, alors qu\u2019il circule dans la commune de Saint-Jean-de-V\u00e9das, notamment en commettant deux infractions, en sus de sa fuite, dont celui d\u2019utiliser un engin non homologu\u00e9 pour circuler en ville. Un peu plus loin, alors qu\u2019il roule vite semble t-il pour semer les agents, il percute une voiture.<\/p>\n<p>    <a href=\"https:\/\/www.google.com\/maps\/embed?pb=!1m18!1m12!1m3!1d59982.24563744502!2d3.795741434315039!3d43.569278634987874!2m3!1f0!2f0!3f0!3m2!1i1024!2i768!4f13.1!3m3!1m2!1s0x12b6b1fd7f73acd3%3A0x4078821166abe30!2s34430%20Saint-Jean-de-V%C3%A9das!5e0!3m2!1sfr!2sfr!4v1759429087922!5m2!1sfr!2sfr\" title=\"Ouvrie le lien\" target=\"_blank\" rel=\"noopener\">Cliquez ici pour visualiser le contenu<\/a><\/p>\n<p class=\" wall-content\">Il a \u00e9t\u00e9 secouru dans un \u00e9tat grave par les sapeurs-pompiers du <strong>Sdis 34<\/strong> et par une \u00e9quipe du <strong>Smur-Samu<\/strong> et, apr\u00e8s avoir \u00e9t\u00e9 m\u00e9dicalis\u00e9 sur place, il a \u00e9t\u00e9 transport\u00e9 en urgence absolue \u00e0 l\u2019h\u00f4pital Lapeyronie. En raison d\u2019une blessure \u00e0 la t\u00eate, notamment, il a \u00e9t\u00e9 admis au d\u00e9partement anesth\u00e9sie r\u00e9animation, DAR A.<\/p>\n<p class=\" wall-content\">Inform\u00e9 de la situation, son fr\u00e8re a pris sas voiture pour se rendre sur les lieux, mais en cours de route, il a \u00e9t\u00e9 victime d\u2019un accident, fort heureusement sans gravit\u00e9. Une journ\u00e9e \u00e0 marquer d\u2019une pierre noire pour cette famille, puisque leur maman est admise depuis ce jeudi matin dans un service du CHU de Montpellier. L\u2019enqu\u00eate sur l\u2019accident avec d\u00e9lit de fuite est men\u00e9e par les <strong>gendarmes<\/strong> de la compagnie de Castelnau-le-Lez.<\/p>\n<p class=\" wall-content\">Personnalisez votre actualit\u00e9 en ajoutant vos villes et m\u00e9dias en favori avec <a href=\"https:\/\/moncompte.actu.fr\" title=\"D\u00e9couvez Mon Actu\" rel=\"nofollow noopener\" data-trk=\"{&quot;cta&quot;:{&quot;action&quot;:&quot;https:\\\/\\\/moncompte.actu.fr&quot;,&quot;category&quot;:&quot;mon compte&quot;,&quot;from&quot;:&quot;article footer&quot;,&quot;name&quot;:&quot;Mon actu&quot;,&quot;type&quot;:&quot;cta&quot;}}\" target=\"_blank\">Mon Actu<\/a>.<\/p>\n","protected":false},"excerpt":{"rendered":"Par Jean-Marc Aubert Publi\u00e9 le 2 oct. 2025 \u00e0 21h11 Le pilote d\u2019une motocross a \u00e9t\u00e9 gri\u00e8vement bless\u00e9,&hellip;\n","protected":false},"author":2,"featured_media":434374,"comment_status":"","ping_status":"","sticky":false,"template":"","format":"standard","meta":{"footnotes":""},"categories":[9599],"tags":[1111,11,15154,1777,674,118,1011,27,3381,2208,12,2680,1311,25],"class_list":{"0":"post-434373","1":"post","2":"type-post","3":"status-publish","4":"format-standard","5":"has-post-thumbnail","7":"category-montpellier","8":"tag-actu","9":"tag-actualites","10":"tag-chu-de-montpellier","11":"tag-eu","12":"tag-europe","13":"tag-faits-divers","14":"tag-fr","15":"tag-france","16":"tag-gendarmerie","17":"tag-montpellier","18":"tag-news","19":"tag-occitanie","20":"tag-pompiers","21":"tag-republique-francaise"},"share_on_mastodon":{"url":"https:\/\/pubeurope.com\/@fr\/115306172603093824","error":""},"_links":{"self":[{"href":"https:\/\/www.europesays.com\/fr\/wp-json\/wp\/v2\/posts\/434373","targetHints":{"allow":["GET"]}}],"collection":[{"href":"https:\/\/www.europesays.com\/fr\/wp-json\/wp\/v2\/posts"}],"about":[{"href":"https:\/\/www.europesays.com\/fr\/wp-json\/wp\/v2\/types\/post"}],"author":[{"embeddable":true,"href":"https:\/\/www.europesays.com\/fr\/wp-json\/wp\/v2\/users\/2"}],"replies":[{"embeddable":true,"href":"https:\/\/www.europesays.com\/fr\/wp-json\/wp\/v2\/comments?post=434373"}],"version-history":[{"count":0,"href":"https:\/\/www.europesays.com\/fr\/wp-json\/wp\/v2\/posts\/434373\/revisions"}],"wp:featuredmedia":[{"embeddable":true,"href":"https:\/\/www.europesays.com\/fr\/wp-json\/wp\/v2\/media\/434374"}],"wp:attachment":[{"href":"https:\/\/www.europesays.com\/fr\/wp-json\/wp\/v2\/media?parent=434373"}],"wp:term":[{"taxonomy":"category","embeddable":true,"href":"https:\/\/www.europesays.com\/fr\/wp-json\/wp\/v2\/categories?post=434373"},{"taxonomy":"post_tag","embeddable":true,"href":"https:\/\/www.europesays.com\/fr\/wp-json\/wp\/v2\/tags?post=434373"}],"curies":[{"name":"wp","href":"https:\/\/api.w.org\/{rel}","templated":true}]}}