{"id":434377,"date":"2025-10-02T19:16:10","date_gmt":"2025-10-02T19:16:10","guid":{"rendered":"https:\/\/www.europesays.com\/fr\/434377\/"},"modified":"2025-10-02T19:16:10","modified_gmt":"2025-10-02T19:16:10","slug":"bientot-une-unite-de-methanisation-dans-un-village-de-la-seine-maritime-la-commune-proteste","status":"publish","type":"post","link":"https:\/\/www.europesays.com\/fr\/434377\/","title":{"rendered":"Bient\u00f4t une unit\u00e9 de m\u00e9thanisation dans un village de la Seine-Maritime ? La commune proteste"},"content":{"rendered":"<p>            Par<br \/>\n        <strong><br \/>\n            <a href=\"https:\/\/actu.fr\/auteur\/adrien-filoche\" title=\"Consulter tous les articles de Adrien Filoche\" rel=\"nofollow noopener\" target=\"_blank\">Adrien Filoche<\/a><br \/>\n        <\/strong><\/p>\n<p>        Publi\u00e9 le<\/p>\n<p>            2 oct. 2025 \u00e0 20h40        <\/p>\n<p><strong>Un bras de fer engag\u00e9.<\/strong> Ce jeudi 2\u00a0octobre 2025, une audience s\u2019est tenue devant le tribunal administratif de Rouen. La commune de <a href=\"https:\/\/actu.fr\/normandie\/frichemesnil_76290\" rel=\"nofollow noopener\" target=\"_blank\">Frichemesnil (Seine-Maritime)<\/a>, \u00e0 environ 30\u00a0km au nord de <a href=\"https:\/\/actu.fr\/normandie\/rouen_76540\" rel=\"nofollow noopener\" target=\"_blank\">Rouen<\/a>, a r\u00e9clam\u00e9 l\u2019annulation d\u2019un permis de construire octroy\u00e9 en 2024 par la pr\u00e9fecture de la Seine-Maritime. Cet arr\u00eat\u00e9 avait autoris\u00e9 la construction d\u2019une<strong> unit\u00e9 de m\u00e9thanisation agricole<\/strong> sur un terrain communal situ\u00e9 rue Clovis-Burette. Ce futur b\u00e2timent, g\u00e9r\u00e9 par la SAS M\u00e9tha des Plaines d\u2019\u00c9levage, a pour vocation de traiter plusieurs tonnes de d\u00e9chets v\u00e9g\u00e9taux.<\/p>\n<p>Un panneau d\u2019affichage pas assez visible<\/p>\n<p class=\" wall-content\">La premi\u00e8re contestation de la municipalit\u00e9 concerne un<strong> d\u00e9faut d\u2019affichage.<\/strong> \u00ab\u2009Les conditions d\u2019affichages n\u2019ont pas \u00e9t\u00e9 respect\u00e9es. Un tiers du panneau \u00e9tait masqu\u00e9 par la v\u00e9g\u00e9tation, ce qui le rendait illisible depuis la voie publique\u2009\u00bb, soutient l\u2019avocat de la commune.<\/p>\n<p class=\" wall-content\">De son c\u00f4t\u00e9, l\u2019avocat de la SAS M\u00e9tha des Plaines d\u2019Elevage soutient que \u00ab\u2009l\u2019ensemble des conditions d\u2019affichage ont \u00e9t\u00e9 respect\u00e9es\u2009\u00bb.<\/p>\n<p class=\" wall-content\">La rapporteure publique pr\u00e9cise \u00e0 son tour que le panneau d\u2019affichage est cens\u00e9 \u00eatre visible deux mois suivant l\u2019accord du permis de construire. Toujours selon ses conclusions, le panneau \u00ab<strong>\u2009n\u2019\u00e9tait pas enti\u00e8rement visible<\/strong>, cach\u00e9 par la v\u00e9g\u00e9tation\u2009\u00bb.<\/p>\n<p class=\" wall-content\">Malgr\u00e9 ces \u00e9l\u00e9ments, la rapporteure publique balaie la demande de la commune, estimant que la requ\u00eate de la commune portant sur le recours contentieux est \u00ab\u2009tardive\u2009\u00bb, c\u2019est-\u00e0-dire hors du d\u00e9lai l\u00e9gal qui suit la prise de connaissance du permis. Un argument soutenu par la pr\u00e9fecture de la Seine-Maritime.<\/p>\n<p>La commune craint des nuisances<\/p>\n<p class=\" wall-content\">Un autre \u00e9l\u00e9ment est invoqu\u00e9 par l\u2019avocat de la commune\u2009: la pr\u00e9sence d\u2019un<strong> axe de ruissellement<\/strong> qui traverse le terrain sur lequel est pr\u00e9vu le site. Selon le conseil de Frichemesnil, l\u2019am\u00e9nagement de l\u2019unit\u00e9 de m\u00e9thanisation risquerait de d\u00e9vier cet axe de ruissellement, provoquant ainsi <strong>des risques d\u2019inondations<\/strong> sur la RD100, en contrebas.<\/p>\n<p class=\" wall-content\">De plus, il met en garde contre des risques de pollutions des sols, \u00ab\u2009un bois class\u00e9 se trouve \u00e0 proximit\u00e9 du terrain du projet,\u2009\u00bb ainsi que des nuisances sonores et odorantes pour les habitations avoisinantes, les plus proches \u00e9tant \u00e0 environ 700\u00a0m\u00e8tres.<\/p>\n<p>Votre r\u00e9gion, votre actu !<\/p>\n<p>Recevez chaque jour les infos qui comptent pour vous.<\/p>\n<p>\t<a href=\"https:\/\/actu.fr\/newsletter\" class=\"ac-btn ac-btn--corner ac-btn--medium ac-btn--blue800\" rel=\"nofollow noopener\" target=\"_blank\">S&rsquo;incrire<\/a><br \/>\n<strong>\u00ab\u2009<\/strong>Tout a \u00e9t\u00e9 fait dans les r\u00e8gles\u2009\u00bb<\/p>\n<p class=\" wall-content\">En r\u00e9ponse, l\u2019avocat de la soci\u00e9t\u00e9 soutient que \u00ab\u2009l\u2019axe de ruissellement est mal cartographi\u00e9\u2009\u00bb et que \u00ab\u2009l\u2019ensemble des conditions du code de l\u2019urbanisme et du plan local d\u2019urbanisme ont \u00e9t\u00e9 respect\u00e9es\u2009\u00bb.<\/p>\n<p class=\" wall-content\">Interrog\u00e9s par 76actu, les g\u00e9rants de la SAS M\u00e9tha des Plaines d\u2019Elevage soulignent que \u00ab\u2009la mairie a toujours \u00e9t\u00e9 inform\u00e9e, nous avons \u00e9t\u00e9 transparents\u2009\u00bb. Et d\u2019ajouter\u2009: \u00ab\u2009Tous les ruissellements produits sur le site seront contenus.\u2009\u00bb<\/p>\n<blockquote class=\"ac-article-quote wall-content\">\n<p>On ne sait pas pourquoi la commune est contre. Notre projet respecte toutes les autorisations. Si nous avons obtenus le permis de construire, ce que nous avons respect\u00e9 les conditions du plan local d&rsquo;urbanisme. Tout a \u00e9t\u00e9 fait dans les r\u00e8gles.<\/p>\n<p>    <strong>Les g\u00e9rants de la SAS M\u00e9tha des Plaines d&rsquo;Elevage<\/strong>\n            <\/p><\/blockquote>\n<p class=\" wall-content\">Concernant les risques de nuisances pour les riverains, les g\u00e9rants assurent qu\u2019ils respectent la r\u00e9glementation\u2009: \u00ab<strong>\u2009Nous sommes \u00e0 800\u00a0m\u00e8tres<\/strong>, donc bien au-del\u00e0 de la distance minimale fix\u00e9e \u00e0 200 m\u00e8tres. \u00bb Enfin, ils l\u2019assurent, \u00ab\u2009nous connaissons parfaitement ce terrain. L\u2019int\u00e9r\u00eat du projet, c\u2019est de r\u00e9duire les nuisances, pas d\u2019en rajouter\u2009\u00bb.<\/p>\n<p class=\" wall-content\">La d\u00e9cision du tribunal administratif sera rendue mi-octobre\u00a02025.<\/p>\n<p>Suivez l\u2019actualit\u00e9 de Rouen sur <a href=\"https:\/\/www.whatsapp.com\/channel\/0029VaKfnf99hXF2ddApFB1D\" rel=\"nofollow noopener\" target=\"_blank\">notre cha\u00eene WhatsApp<\/a> et <a href=\"https:\/\/www.tiktok.com\/@76actu.fr?lang=fr\" rel=\"nofollow noopener\" target=\"_blank\">sur notre compte TikTok<\/a><\/p>\n<p class=\" wall-content\">Personnalisez votre actualit\u00e9 en ajoutant vos villes et m\u00e9dias en favori avec <a href=\"https:\/\/moncompte.actu.fr\" title=\"D\u00e9couvez Mon Actu\" rel=\"nofollow noopener\" data-trk=\"{&quot;cta&quot;:{&quot;action&quot;:&quot;https:\\\/\\\/moncompte.actu.fr&quot;,&quot;category&quot;:&quot;mon compte&quot;,&quot;from&quot;:&quot;article footer&quot;,&quot;name&quot;:&quot;Mon actu&quot;,&quot;type&quot;:&quot;cta&quot;}}\" target=\"_blank\">Mon Actu<\/a>.<\/p>\n<p>                    <script async src=\"\/\/www.tiktok.com\/embed.js\"><\/script><\/p>\n","protected":false},"excerpt":{"rendered":"Par Adrien Filoche Publi\u00e9 le 2 oct. 2025 \u00e0 20h40 Un bras de fer engag\u00e9. Ce jeudi 2\u00a0octobre&hellip;\n","protected":false},"author":2,"featured_media":434378,"comment_status":"","ping_status":"","sticky":false,"template":"","format":"standard","meta":{"footnotes":""},"categories":[9587],"tags":[1111,11,1777,674,1011,27,303,35206,12,5161,25,9590,104],"class_list":{"0":"post-434377","1":"post","2":"type-post","3":"status-publish","4":"format-standard","5":"has-post-thumbnail","7":"category-rouen","8":"tag-actu","9":"tag-actualites","10":"tag-eu","11":"tag-europe","12":"tag-fr","13":"tag-france","14":"tag-justice","15":"tag-methanisation","16":"tag-news","17":"tag-normandie","18":"tag-republique-francaise","19":"tag-rouen","20":"tag-societe"},"share_on_mastodon":{"url":"https:\/\/pubeurope.com\/@fr\/115306180358453233","error":""},"_links":{"self":[{"href":"https:\/\/www.europesays.com\/fr\/wp-json\/wp\/v2\/posts\/434377","targetHints":{"allow":["GET"]}}],"collection":[{"href":"https:\/\/www.europesays.com\/fr\/wp-json\/wp\/v2\/posts"}],"about":[{"href":"https:\/\/www.europesays.com\/fr\/wp-json\/wp\/v2\/types\/post"}],"author":[{"embeddable":true,"href":"https:\/\/www.europesays.com\/fr\/wp-json\/wp\/v2\/users\/2"}],"replies":[{"embeddable":true,"href":"https:\/\/www.europesays.com\/fr\/wp-json\/wp\/v2\/comments?post=434377"}],"version-history":[{"count":0,"href":"https:\/\/www.europesays.com\/fr\/wp-json\/wp\/v2\/posts\/434377\/revisions"}],"wp:featuredmedia":[{"embeddable":true,"href":"https:\/\/www.europesays.com\/fr\/wp-json\/wp\/v2\/media\/434378"}],"wp:attachment":[{"href":"https:\/\/www.europesays.com\/fr\/wp-json\/wp\/v2\/media?parent=434377"}],"wp:term":[{"taxonomy":"category","embeddable":true,"href":"https:\/\/www.europesays.com\/fr\/wp-json\/wp\/v2\/categories?post=434377"},{"taxonomy":"post_tag","embeddable":true,"href":"https:\/\/www.europesays.com\/fr\/wp-json\/wp\/v2\/tags?post=434377"}],"curies":[{"name":"wp","href":"https:\/\/api.w.org\/{rel}","templated":true}]}}