{"id":434379,"date":"2025-10-02T19:17:20","date_gmt":"2025-10-02T19:17:20","guid":{"rendered":"https:\/\/www.europesays.com\/fr\/434379\/"},"modified":"2025-10-02T19:17:20","modified_gmt":"2025-10-02T19:17:20","slug":"la-traviata-de-verdi-soiree-opera-magique-gratuite-a-rouen","status":"publish","type":"post","link":"https:\/\/www.europesays.com\/fr\/434379\/","title":{"rendered":"La Traviata de Verdi, soir\u00e9e op\u00e9ra magique &#038; gratuite \u00e0 Rouen"},"content":{"rendered":"<p>            \u26a0\ufe0f <strong>Attention : changement de lieu !<\/strong> En raison de la m\u00e9t\u00e9o, la diffusion de <strong>La Traviata<\/strong> aura finalement lieu \u00e0 <strong>l\u2019Abbatiale Saint-Ouen<\/strong> au lieu de la place de la Cath\u00e9drale.<\/p>\n<p><strong>Rouen accueille La Traviata de Verdi<\/strong> pour une soir\u00e9e magique et gratuite \u00e0 l\u2019Abbatiale Saint-Ouen \u2014 une exp\u00e9rience \u00e0 vivre absolument ce <strong>4 octobre<\/strong>.<\/p>\n<p><strong>\ud83c\udfb6 Une soir\u00e9e qui va te transporter<\/strong><\/p>\n<p>Oublie Netflix pour une nuit, <strong>Rouen sort le grand jeu<\/strong> ! Le rendez-vous devenu culte revient : <strong>l\u2019Op\u00e9ra en direct<\/strong>. Cette ann\u00e9e, place \u00e0 <strong>La Traviata<\/strong> de <strong>Giuseppe Verdi<\/strong>, l\u2019un des op\u00e9ras italiens les plus puissants et bouleversants.<\/p>\n<p>On va rire, vibrer, peut-\u00eatre verser une petite larme (on te jugera pas) et surtout lever nos verres au rythme du c\u00e9l\u00e8bre <strong>Brindisi<\/strong>, ce toast festif qui c\u00e9l\u00e8bre la vie et l\u2019amour avant que le destin ne vienne tout chambouler\u2026<\/p>\n<p style=\"margin: 0; color: #000000; font-size: 16px; font-weight: bold;\">\u00c0 voir aussi sur Rouen Bouge<\/p>\n<\/p>\n<p>                    \u2716\n                <\/p>\n<p><strong>\ud83c\udf1f Gratuit, grandiose et ouvert \u00e0 tous<\/strong><\/p>\n<p>Que tu sois m\u00e9lomane aguerri ou simple curieux, c\u2019est <strong>le plan du vendredi soir<\/strong> : <strong>gratuit<\/strong>, <strong>grand \u00e9cran<\/strong>, ambiance conviviale et cadre incroyable.<\/p>\n<p>Initialement pr\u00e9vu sur la <strong>place de la Cath\u00e9drale<\/strong>, l\u2019\u00e9v\u00e9nement se d\u00e9place finalement \u00e0 <strong>l\u2019Abbatiale Saint-Ouen<\/strong> pour nous prot\u00e9ger des caprices de la m\u00e9t\u00e9o (on dit merci la Normandie). Spoiler : l\u2019acoustique y sera incroyable !<\/p>\n<p><strong>\ud83d\udcfd\ufe0f \u00c0 voir o\u00f9 tu veux<\/strong><\/p>\n<p>Pas dispo pour sortir ? Bonne nouvelle : tu peux aussi suivre <strong>La Traviata<\/strong> depuis les salles de spectacle partenaires en Normandie ou m\u00eame depuis ton canap\u00e9 \u2014 la soir\u00e9e parfaite pour impressionner ton chat (ou ton date) avec un peu de grande culture italienne.<\/p>\n<p><strong>\ud83d\uddd3\ufe0f Infos pratiques<\/strong><\/p>\n<ul class=\"wp-block-list\">\n<li><strong>\ud83d\udccd Lieu<\/strong> : Abbatiale Saint-Ouen, Rouen<\/li>\n<li><strong>\ud83d\udcc5 Date<\/strong> : <strong>vendredi 4 octobre<\/strong><\/li>\n<li><strong>\u23f0 Horaire<\/strong> : soir\u00e9e \u00e0 partir de 20h<\/li>\n<li><strong>\ud83d\udcb8 Tarif<\/strong> : <strong>gratuit<\/strong><\/li>\n<\/ul>\n","protected":false},"excerpt":{"rendered":"\u26a0\ufe0f Attention : changement de lieu ! En raison de la m\u00e9t\u00e9o, la diffusion de La Traviata aura&hellip;\n","protected":false},"author":2,"featured_media":434380,"comment_status":"","ping_status":"","sticky":false,"template":"","format":"standard","meta":{"footnotes":""},"categories":[9587],"tags":[1111,11,1777,674,1011,27,12,5161,25,9590],"class_list":{"0":"post-434379","1":"post","2":"type-post","3":"status-publish","4":"format-standard","5":"has-post-thumbnail","7":"category-rouen","8":"tag-actu","9":"tag-actualites","10":"tag-eu","11":"tag-europe","12":"tag-fr","13":"tag-france","14":"tag-news","15":"tag-normandie","16":"tag-republique-francaise","17":"tag-rouen"},"share_on_mastodon":{"url":"https:\/\/pubeurope.com\/@fr\/115306184558971685","error":""},"_links":{"self":[{"href":"https:\/\/www.europesays.com\/fr\/wp-json\/wp\/v2\/posts\/434379","targetHints":{"allow":["GET"]}}],"collection":[{"href":"https:\/\/www.europesays.com\/fr\/wp-json\/wp\/v2\/posts"}],"about":[{"href":"https:\/\/www.europesays.com\/fr\/wp-json\/wp\/v2\/types\/post"}],"author":[{"embeddable":true,"href":"https:\/\/www.europesays.com\/fr\/wp-json\/wp\/v2\/users\/2"}],"replies":[{"embeddable":true,"href":"https:\/\/www.europesays.com\/fr\/wp-json\/wp\/v2\/comments?post=434379"}],"version-history":[{"count":0,"href":"https:\/\/www.europesays.com\/fr\/wp-json\/wp\/v2\/posts\/434379\/revisions"}],"wp:featuredmedia":[{"embeddable":true,"href":"https:\/\/www.europesays.com\/fr\/wp-json\/wp\/v2\/media\/434380"}],"wp:attachment":[{"href":"https:\/\/www.europesays.com\/fr\/wp-json\/wp\/v2\/media?parent=434379"}],"wp:term":[{"taxonomy":"category","embeddable":true,"href":"https:\/\/www.europesays.com\/fr\/wp-json\/wp\/v2\/categories?post=434379"},{"taxonomy":"post_tag","embeddable":true,"href":"https:\/\/www.europesays.com\/fr\/wp-json\/wp\/v2\/tags?post=434379"}],"curies":[{"name":"wp","href":"https:\/\/api.w.org\/{rel}","templated":true}]}}