{"id":434381,"date":"2025-10-02T19:18:23","date_gmt":"2025-10-02T19:18:23","guid":{"rendered":"https:\/\/www.europesays.com\/fr\/434381\/"},"modified":"2025-10-02T19:18:23","modified_gmt":"2025-10-02T19:18:23","slug":"le-sondage-qui-donne-un-gros-avantage-a-la-liste-de-laurence-ruffin","status":"publish","type":"post","link":"https:\/\/www.europesays.com\/fr\/434381\/","title":{"rendered":"le sondage qui donne un gros avantage \u00e0 la liste de Laurence Ruffin"},"content":{"rendered":"<p>En septembre dernier, nous avions titr\u00e9 \u00ab\u00a0Municipales 2026\u00a0: <a href=\"https:\/\/www.ledauphine.com\/elections\/2025\/09\/04\/municipales-mais-quel-est-donc-ce-mysterieux-sondage\" target=\"_blank\" rel=\"noopener\">mais quel est donc ce myst\u00e9rieux sondage\u00a0?<\/a>\u00a0\u00bb, apr\u00e8s avoir eu vent d\u2019une enqu\u00eate men\u00e9e par l\u2019Institut Cluster 17. Depuis ce jeudi, on sait que le commanditaire n\u2019\u00e9tait autre que l\u2019Ades, l\u2019historique association \u00e9cologiste de Grenoble (\u00e0 laquelle appartiennent <a href=\"https:\/\/www.ledauphine.com\/p\/raymond-avrillier\" target=\"_blank\" rel=\"noopener\">Raymond Avrillier<\/a> et Vincent Comparat notamment), qui participe \u00e0 la campagne de <a href=\"https:\/\/www.ledauphine.com\/p\/laurence-ruffin\" target=\"_blank\" rel=\"noopener\">Laurence Ruffin<\/a>, la candidate de l\u2019apr\u00e8s-Piolle.<\/p>\n<p>Le Dauphin\u00e9 Lib\u00e9r\u00e9 a aussi pu consulter les r\u00e9sultats de ce sondage, avant que la notice officielle soit publi\u00e9e. Si les r\u00e9sultats vont ravir un certain \u00ab\u00a0camp\u00a0\u00bb, il convient toutefois de rappeler qu\u2019un sondage reste un sondage, que ce n\u2019est pas une pr\u00e9diction, et que l\u2019impact d\u2019une campagne \u00e9lectorale, avec ses rebondissements, peut changer bien des choses. D\u2019autant qu\u2019on a pu conna\u00eetre, par le pass\u00e9, y compris \u00e0 Grenoble, quelques \u00e9checs sondagiers retentissants&#8230;<\/p>\n<p>Maintenant que tout cela est dit, la parole d\u2019introduction est donn\u00e9e \u00e0 Jean-Yves Dormagen, pr\u00e9sident de Cluster 17 et professeur \u00e0 l\u2019universit\u00e9 de Montpellier\u00a0: \u00ab\u00a0Les r\u00e9sultats que nous avons obtenus ne sont pas si \u00e9tonnants que cela. On le sait, et on le voit au fil des diff\u00e9rents scrutins, Grenoble fait partie des villes les plus \u00e0 gauche de France. Dans notre classification sous forme de clusters, c\u2019est m\u00eame la commune qui compte le plus de \u201cmulticulturalistes\u201d et de \u201csolidaires\u201d du pays, c\u2019est-\u00e0-dire que la gauche radicale est tr\u00e8s pr\u00e9sente chez vous. C\u2019est donc presque normal que, dans notre sondage, une liste d\u2019union de la gauche \u00e9cologiste, men\u00e9e par Laurence Ruffin, atteigne 45\u00a0% des intentions de vote au premier tour des municipales\u00a0\u00bb.<\/p>\n<p>Autres enseignements\u00a0?<\/p>\n<p>\u00ab\u00a0On voit que les deux listes du centre [pour le sondage, il y a une hypoth\u00e9tique liste Renaissance avec <a href=\"https:\/\/www.ledauphine.com\/p\/emilie-chalas\" target=\"_blank\" rel=\"noopener\">\u00c9milie Chalas<\/a> et une autre, qui existe d\u00e9j\u00e0 en vrai, avec <a href=\"https:\/\/www.ledauphine.com\/p\/herve-gerbi\" target=\"_blank\" rel=\"noopener\">Herv\u00e9 Gerbi<\/a>, chef de file d\u2019Horizons, NDLR] ont un peu de mal. Mais \u00e7a, c\u2019est g\u00e9n\u00e9ral dans toute la France, avec le rejet grandissant d\u2019<a href=\"https:\/\/www.ledauphine.com\/p\/emmanuel-macron\" target=\"_blank\" rel=\"noopener\">Emmanuel Macron<\/a> \u00bb.<\/p>\n<p>  \u00ab\u00a0Grenoble fait partie des villes les plus \u00e0 gauche de France\u00a0\u00bb<\/p>\n<p>Il continue\u00a0: \u00ab\u00a0Nous avions ensuite test\u00e9 une configuration avec une liste d\u2019union de la gauche (\u00c9cologistes, PCF, PS), mais sans LFI qui part en autonome (ce qui est devenu vrai depuis la r\u00e9alisation du sondage). L\u00e0, on s\u2019aper\u00e7oit que m\u00eame si La France insoumise fait un score haut, elle n\u2019arrive pas \u00e0 faire le plein des voix qu\u2019elle avait pu avoir aux Europ\u00e9ennes \u00e0 Grenoble en 2024. LFI n\u2019arrive pas \u00e0 se placer en t\u00eate de la gauche.\u00a0\u00bb<\/p>\n<p>Et pour ce qui est d\u2019<a href=\"https:\/\/www.ledauphine.com\/p\/alain-carignon\" target=\"_blank\" rel=\"noopener\">Alain Carignon<\/a> (LR), l\u2019ancien maire de Grenoble \u00e0 nouveau candidat, qui part avec une liste sans \u00e9tiquette\u00a0? \u00ab\u00a0On voit qu\u2019il se maintient tr\u00e8s bien et d\u00e9passe m\u00eame son score des municipales de 2020, avec 24\u00a0% et 22\u00a0% selon les hypoth\u00e8ses. Il arrive tr\u00e8s bien \u00e0 agr\u00e9ger autour de lui toutes les droites. Et si le RN [qui dans le sondage est cr\u00e9dit\u00e9 de 8\u00a0% des intentions de vote, NDLR] ne pr\u00e9sentait pas de liste au final, cela pourrait faire monter son score.\u00a0\u00bb<\/p>\n<p class=\"chiffre\"><strong>Voici quelques d\u00e9tails du sondage<\/strong><\/p>\n<p>Premi\u00e8re configuration pour les intentions de vote au premier tour, et avec des listes et des \u00e9tiquettes imagin\u00e9es par le sondeur.<\/p>\n<p>&#8211; Liste union avec Ruffin (EELV\/LFI\/PS\/PCF)\u00a0: 45\u00a0%<\/p>\n<p>&#8211; Liste Carignon (LR\/DVD)\u00a0: 24\u00a0%<\/p>\n<p>&#8211; Liste Chalas (Renaissance et Modem)\u00a0: 14\u00a0%<\/p>\n<p>&#8211; Liste Gerbi (Horizons)\u00a0: 9\u00a0%<\/p>\n<p>&#8211; Liste Gabriac (RN- UDR)\u00a0: 8\u00a0%<\/p>\n<p>Deuxi\u00e8me configuration pour un premier tour<\/p>\n<p>&#8211; Liste Ruffin (EELV\/PS\/PCF)\u00a0: 31\u00a0%<\/p>\n<p>&#8211; Liste Carignon (DVD-LR)\u00a0: 22\u00a0%<\/p>\n<p>&#8211; Liste Brunon (LFI)\u00a0: 12\u00a0%<\/p>\n<p>&#8211; Liste Chalas (Renaissance\/MoDem)\u00a0: 11\u00a0%<\/p>\n<p>&#8211; Liste Gentil (d\u00e9finie comme Place publique, alors que c\u2019est la coalition \u00ab\u00a0G2C\u00a0\u00bb)\u00a0: 9\u00a0%<\/p>\n<p>&#8211; Liste Gabriac (RN\/UDR)\u00a0: 8\u00a0%<\/p>\n<p>&#8211; Liste Gerbi (Horizons)\u00a0: 7\u00a0%<\/p>\n<p>Il est \u00e0 noter que dans les deux configurations, il manque la liste citoyenne GAC (Grenoble alpes collectif), porteuse d\u2019id\u00e9es de gauche.<\/p>\n<p>Les \u00e9lecteurs de Piolle et de Carignon en 2020 voteraient\u2026<\/p>\n<p>&#8211; Dans la premi\u00e8re configuration (celle de l\u2019alliance \u00e0 gauche), les \u00e9lecteurs d\u2019<a href=\"https:\/\/www.ledauphine.com\/p\/eric-piolle\" target=\"_blank\" rel=\"noopener\">Eric Piolle<\/a> en 2020 voteraient \u00e0 85\u00a0% pour Laurence Ruffin. Dans la seconde, ils voteraient \u00e0 67\u00a0% pour Laurence Ruffin et \u00e0 18\u00a0% pour Allan Brunon (LFI).<\/p>\n<p>&#8211; Ceux qui ont vot\u00e9 pour Carignon en 2020 feraient la m\u00eame chose \u00e0 70\u00a0% dans les deux configurations, avec un transfert de 17\u00a0% ou 18\u00a0% pour l\u2019\u00e9ventuelle liste RN de Valentin Gabriac\u2026<\/p>\n<p>Pour le centre<\/p>\n<p>Les \u00e9lecteurs d\u2019\u00c9milie Chalas aux municipales de 2020 seraient 47\u00a0% \u00e0 revoter pour elle, 23\u00a0% \u00e0 voter pour Gerbi et \u00e0 16\u00a0% pour Carignon, dans la premi\u00e8re configuration.<\/p>\n<p>Ceux qui ont vot\u00e9 LFI aux Europ\u00e9ennes<\/p>\n<p>Ceux qui ont vot\u00e9 pour LFI aux Europ\u00e9ennes de 2024 voteraient \u00e0 53\u00a0% pour Allan Brunon, et \u00e0 41\u00a0% pour Laurence Ruffin dans la seconde configuration.<\/p>\n<p>Ceux qui ont vot\u00e9 RN<\/p>\n<p>Ceux qui ont vot\u00e9 pour le RN aux Europ\u00e9ennes de 2024 voteraient \u00e0 53\u00a0% pour Alain Carignon et \u00e0 37\u00a0% pour Valentin Gabriac (peut-\u00eatre en raison du d\u00e9ficit de notori\u00e9t\u00e9 de ce dernier), dans la 1re\u00a0configuration.<\/p>\n<p>Ceux qui avaient vot\u00e9 Noblecourt en 2020<\/p>\n<p>Ceux qui avaient vot\u00e9 Olivier Noblecourt (PS et alli\u00e9s) aux municipales de 2020 voteraient \u00e0 53\u00a0% pour Ruffin dans la premi\u00e8re\u00a0configuration. Mais ils voteraient \u00e0 29\u00a0% pour Ruffin et 29\u00a0% pour la liste Gentil, qui appara\u00eet seulement dans la seconde configuration.<\/p>\n","protected":false},"excerpt":{"rendered":"En septembre dernier, nous avions titr\u00e9 \u00ab\u00a0Municipales 2026\u00a0: mais quel est donc ce myst\u00e9rieux sondage\u00a0?\u00a0\u00bb, apr\u00e8s avoir eu&hellip;\n","protected":false},"author":2,"featured_media":434382,"comment_status":"","ping_status":"","sticky":false,"template":"","format":"standard","meta":{"footnotes":""},"categories":[9566],"tags":[1111,11,2430,112,4188,1777,674,107,1011,27,2731,2732,3540,108,2338,3539,6319,12,3541,316,1078,25,273,106],"class_list":{"0":"post-434381","1":"post","2":"type-post","3":"status-publish","4":"format-standard","5":"has-post-thumbnail","7":"category-grenoble","8":"tag-actu","9":"tag-actualites","10":"tag-auvergne-rhone-alpes","11":"tag-edition-grenoble-agglomeration","12":"tag-elections-municipales","13":"tag-eu","14":"tag-europe","15":"tag-fil-info","16":"tag-fr","17":"tag-france","18":"tag-grenoble","19":"tag-grenoble-bassin","20":"tag-horizons","21":"tag-isere","22":"tag-la-france-insoumise","23":"tag-les-ecologistes","24":"tag-les-republicains","25":"tag-news","26":"tag-parti-socialiste","27":"tag-politique","28":"tag-rassemblement-national","29":"tag-republique-francaise","30":"tag-selection-de-la-redaction","31":"tag-selection-de-la-redaction-38"},"share_on_mastodon":{"url":"https:\/\/pubeurope.com\/@fr\/115306188252760291","error":""},"_links":{"self":[{"href":"https:\/\/www.europesays.com\/fr\/wp-json\/wp\/v2\/posts\/434381","targetHints":{"allow":["GET"]}}],"collection":[{"href":"https:\/\/www.europesays.com\/fr\/wp-json\/wp\/v2\/posts"}],"about":[{"href":"https:\/\/www.europesays.com\/fr\/wp-json\/wp\/v2\/types\/post"}],"author":[{"embeddable":true,"href":"https:\/\/www.europesays.com\/fr\/wp-json\/wp\/v2\/users\/2"}],"replies":[{"embeddable":true,"href":"https:\/\/www.europesays.com\/fr\/wp-json\/wp\/v2\/comments?post=434381"}],"version-history":[{"count":0,"href":"https:\/\/www.europesays.com\/fr\/wp-json\/wp\/v2\/posts\/434381\/revisions"}],"wp:featuredmedia":[{"embeddable":true,"href":"https:\/\/www.europesays.com\/fr\/wp-json\/wp\/v2\/media\/434382"}],"wp:attachment":[{"href":"https:\/\/www.europesays.com\/fr\/wp-json\/wp\/v2\/media?parent=434381"}],"wp:term":[{"taxonomy":"category","embeddable":true,"href":"https:\/\/www.europesays.com\/fr\/wp-json\/wp\/v2\/categories?post=434381"},{"taxonomy":"post_tag","embeddable":true,"href":"https:\/\/www.europesays.com\/fr\/wp-json\/wp\/v2\/tags?post=434381"}],"curies":[{"name":"wp","href":"https:\/\/api.w.org\/{rel}","templated":true}]}}