{"id":434385,"date":"2025-10-02T19:20:31","date_gmt":"2025-10-02T19:20:31","guid":{"rendered":"https:\/\/www.europesays.com\/fr\/434385\/"},"modified":"2025-10-02T19:20:31","modified_gmt":"2025-10-02T19:20:31","slug":"noyal-chatillon-sur-seiche-la-commune-a-accueilli-ses-nouveaux-habitants","status":"publish","type":"post","link":"https:\/\/www.europesays.com\/fr\/434385\/","title":{"rendered":"Noyal-Ch\u00e2tillon-sur-Seiche. La commune a accueilli ses nouveaux habitants"},"content":{"rendered":"<p>Ils \u00e9taient une trentaine de nouveaux Castelnaudais \u00e0 avoir r\u00e9pondu \u00e0 l\u2019invitation de S\u00e9bastien Gu\u00e9ret, maire, entour\u00e9 des \u00e9lus.<\/p>\n<p>L\u2019occasion pour l\u2019\u00e9dile, de jouer le guide sur ses terres, \u00e0 l\u2019occasion d\u2019une visite en bus, dans le territoire de la commune. D\u00e9part \u00e0 10\u00a0h\u00a030, pour une d\u00e9couverte comment\u00e9e par le maire et les \u00e9lus eux-m\u00eames a travers les 26, 5\u00a0km2 de la commune.<\/p>\n<p><strong>\u00ab\u00a0Tous les ans \u00e0 cette \u00e9poque, nous avons \u00e0 c\u0153ur d\u2019accueillir nos nouveaux habitants, leur pr\u00e9senter le territoire et la g\u00e9ographie de la commune, mais aussi les services et activit\u00e9s propos\u00e9es sur le territoire castelnaudais\u00a0\u00bb<\/strong>, explique Val\u00e9rie Le Bouler, premi\u00e8re adjointe.<\/p>\n<p>Au-del\u00e0 des motivations d\u2019installation des nouveaux venus, tous s\u2019accordent sur l\u2019\u00e9tendue de la commune, et s\u2019\u00e9tonnent lorsque le bus sur la D82\u00a0qui enjambe la rocade sud p\u00e9n\u00e8tre dans Rennes. Tous s\u2019exclament \u00ab\u00a0<strong>mais pourquoi sommes-nous l\u00e0\u00a0?\u00a0\u00bb<\/strong> Arnaud Morvan, adjoint urbanisme et travaux rappelle cette particularit\u00e9 g\u00e9ographique\u00a0: <strong>\u00ab\u00a0Les limites de la commune au nord int\u00e8grent une partie du Crapa, la caserne des pompiers, une partie de l\u2019avenue du Canada, de la rue d\u2019Angleterre et la rue d\u2019\u00c9cosse et se prolongent \u00e0 l\u2019ouest vers le Bois-Harel en constituant une enclave particuli\u00e8re.\u00a0\u00bb<\/strong><\/p>\n<p>\u00a0<\/p>\n","protected":false},"excerpt":{"rendered":"Ils \u00e9taient une trentaine de nouveaux Castelnaudais \u00e0 avoir r\u00e9pondu \u00e0 l\u2019invitation de S\u00e9bastien Gu\u00e9ret, maire, entour\u00e9 des&hellip;\n","protected":false},"author":2,"featured_media":434386,"comment_status":"","ping_status":"","sticky":false,"template":"","format":"standard","meta":{"footnotes":""},"categories":[2821],"tags":[36792,1111,11,829,7052,1777,674,1011,27,4021,12,2845,15142,584,25,3728],"class_list":{"0":"post-434385","1":"post","2":"type-post","3":"status-publish","4":"format-standard","5":"has-post-thumbnail","7":"category-rennes","8":"tag-accueilli","9":"tag-actu","10":"tag-actualites","11":"tag-bretagne","12":"tag-commune","13":"tag-eu","14":"tag-europe","15":"tag-fr","16":"tag-france","17":"tag-habitants","18":"tag-news","19":"tag-nouveaux","20":"tag-noyal-chatillon-sur-seiche","21":"tag-rennes","22":"tag-republique-francaise","23":"tag-saint-malo"},"share_on_mastodon":{"url":"https:\/\/pubeurope.com\/@fr\/115306196188979193","error":""},"_links":{"self":[{"href":"https:\/\/www.europesays.com\/fr\/wp-json\/wp\/v2\/posts\/434385","targetHints":{"allow":["GET"]}}],"collection":[{"href":"https:\/\/www.europesays.com\/fr\/wp-json\/wp\/v2\/posts"}],"about":[{"href":"https:\/\/www.europesays.com\/fr\/wp-json\/wp\/v2\/types\/post"}],"author":[{"embeddable":true,"href":"https:\/\/www.europesays.com\/fr\/wp-json\/wp\/v2\/users\/2"}],"replies":[{"embeddable":true,"href":"https:\/\/www.europesays.com\/fr\/wp-json\/wp\/v2\/comments?post=434385"}],"version-history":[{"count":0,"href":"https:\/\/www.europesays.com\/fr\/wp-json\/wp\/v2\/posts\/434385\/revisions"}],"wp:featuredmedia":[{"embeddable":true,"href":"https:\/\/www.europesays.com\/fr\/wp-json\/wp\/v2\/media\/434386"}],"wp:attachment":[{"href":"https:\/\/www.europesays.com\/fr\/wp-json\/wp\/v2\/media?parent=434385"}],"wp:term":[{"taxonomy":"category","embeddable":true,"href":"https:\/\/www.europesays.com\/fr\/wp-json\/wp\/v2\/categories?post=434385"},{"taxonomy":"post_tag","embeddable":true,"href":"https:\/\/www.europesays.com\/fr\/wp-json\/wp\/v2\/tags?post=434385"}],"curies":[{"name":"wp","href":"https:\/\/api.w.org\/{rel}","templated":true}]}}