{"id":434387,"date":"2025-10-02T19:21:16","date_gmt":"2025-10-02T19:21:16","guid":{"rendered":"https:\/\/www.europesays.com\/fr\/434387\/"},"modified":"2025-10-02T19:21:16","modified_gmt":"2025-10-02T19:21:16","slug":"glaz-photo-marathon-objectif-rennes-le-19-octobre","status":"publish","type":"post","link":"https:\/\/www.europesays.com\/fr\/434387\/","title":{"rendered":"GLAZ Photo Marathon : Objectif Rennes le 19 octobre"},"content":{"rendered":"<p><a href=\"https:\/\/unidivers.fr\/wp-content\/uploads\/2025\/10\/glaz-marathon-rennes.jpg\" data-caption=\"\" rel=\"nofollow noopener\" target=\"_blank\"><img decoding=\"async\" loading=\"eager\" fetchpriority=\"high\" width=\"696\" height=\"500\" class=\"entry-thumb td-modal-image\" src=\"https:\/\/www.europesays.com\/fr\/wp-content\/uploads\/2025\/10\/glaz-marathon-rennes-696x500.jpg\"   alt=\"glaz marathon rennes\" title=\"glaz marathon rennes\" data-eio=\"p\"\/><\/a>\u00c0 l\u2019occasion de sa seconde \u00e9dition, le d\u00e9j\u00e0 r\u00e9put\u00e9 <strong>festival GLAZ, Rencontres Internationales de la Photographie<\/strong>, convie le grand public \u00e0 un moment unique : le <strong>GLAZ Photo Marathon<\/strong>. Gratuit, festif et participatif, l\u2019\u00e9v\u00e9nement se tiendra le <strong>dimanche 19 octobre 2025<\/strong>, de <strong>10 h \u00e0 17 h<\/strong>.<\/p>\n<p>Ouvert \u00e0 toutes et tous, enfants comme adultes, ce Photo Marathon propose aux passionn\u00e9s de photographie comme aux curieux d\u2019explorer Rennes de mani\u00e8re ludique et sensible. Pas d\u2019entra\u00eenement fractionn\u00e9 n\u00e9cessaire\u2026 Munis d\u2019un appareil photo ou d\u2019un smartphone, les participantes et participants auront pour mission de r\u00e9aliser six photos sur six th\u00e8mes diff\u00e9rents, d\u00e9voil\u00e9s au fil de la journ\u00e9e depuis le Th\u00e9\u00e2tre de la Parcheminerie.<\/p>\n<p>Dans un esprit \u00e0 la fois convivial, cr\u00e9atif et \u00e9quitable, la marche sera le seul moyen de d\u00e9placement autoris\u00e9, \u00e0 l\u2019allure de son choix. Les participantes et participants sont invit\u00e9s, s\u2019ils le souhaitent, \u00e0 venir d\u00e9guis\u00e9s : un prix sp\u00e9cial r\u00e9compensera les plus inventifs !<\/p>\n<p>\u00c0 l\u2019issue de l\u2019\u00e9v\u00e9nement, les clich\u00e9s seront pr\u00e9sent\u00e9s de fa\u00e7on anonyme \u00e0 un jury compos\u00e9 de professionnels de l\u2019image. Les laur\u00e9ates et laur\u00e9ats seront d\u00e9voil\u00e9s lors de la remise des prix, le dimanche 23 novembre, en cl\u00f4ture de la semaine inaugurale du festival GLAZ. Au cours de cette soir\u00e9e, l\u2019ensemble des photos sera pr\u00e9sent\u00e9 dans le cadre d\u2019une projection. Les portfolios gagnants seront ensuite expos\u00e9s dans les vitrines des magasins Bessec.<\/p>\n<p><strong><a href=\"https:\/\/glaz-festival.com\/collection\/glaz-photo-marathon\/\" target=\"_blank\" rel=\"noreferrer noopener nofollow\">Inscriptions<\/a><\/strong> gratuites et obligatoires avant le dimanche 12 octobre.<\/p>\n<p><strong><a href=\"https:\/\/glaz-festival.com\/collection\/glaz-photo-marathon\/\" target=\"_blank\" rel=\"noreferrer noopener nofollow\">Lien vers le formulaire d\u2019inscription &gt; ICI<\/a><\/strong><\/p>\n<p>Les infos pratiques<\/p>\n<p><strong>Date :<\/strong> Dimanche 19 octobre 2025<br \/><strong>Horaires :<\/strong> 10 h \u2013 17 h<br \/><strong>Lieu de rendez-vous :<\/strong> Th\u00e9\u00e2tre de la Parcheminerie, 23 rue de la Parcheminerie, 35000 Rennes<\/p>\n<p>Cat\u00e9gories d\u2019inscription<\/p>\n<ul class=\"wp-block-list\">\n<li><strong>Entreprise<\/strong> : de 1 \u00e0 6 personnes maximum<\/li>\n<li><strong>Jeunesse<\/strong> : 15-20 ans<\/li>\n<li><strong>Famille<\/strong> : de 2 \u00e0 6 personnes maximum<\/li>\n<li><strong>\u00c9quipe<\/strong> : de 2 \u00e0 6 personnes maximum<\/li>\n<li><strong>Solo<\/strong> : \u00e0 partir de 20 ans<\/li>\n<\/ul>\n<p><a href=\"https:\/\/unidivers.fr\/author\/rennes\/\" aria-label=\"author-photo\" rel=\"nofollow noopener\" target=\"_blank\"><img loading=\"lazy\" decoding=\"async\" src=\"https:\/\/www.europesays.com\/fr\/wp-content\/uploads\/2025\/08\/logo-gros-favicon-unidivers.png\"  width=\"96\" height=\"96\" alt=\"Rennes\" class=\"avatar avatar-96 wp-user-avatar wp-user-avatar-96 photo avatar-default lazy\" data-eio=\"p\"\/><\/a><\/p>\n<p>Unidivers, la culture \u00e0 Rennes, en Bretagne et en France !<\/p>\n","protected":false},"excerpt":{"rendered":"\u00c0 l\u2019occasion de sa seconde \u00e9dition, le d\u00e9j\u00e0 r\u00e9put\u00e9 festival GLAZ, Rencontres Internationales de la Photographie, convie le&hellip;\n","protected":false},"author":2,"featured_media":434388,"comment_status":"","ping_status":"","sticky":false,"template":"","format":"standard","meta":{"footnotes":""},"categories":[2821],"tags":[1111,11,829,1777,674,1011,27,12,584,25],"class_list":{"0":"post-434387","1":"post","2":"type-post","3":"status-publish","4":"format-standard","5":"has-post-thumbnail","7":"category-rennes","8":"tag-actu","9":"tag-actualites","10":"tag-bretagne","11":"tag-eu","12":"tag-europe","13":"tag-fr","14":"tag-france","15":"tag-news","16":"tag-rennes","17":"tag-republique-francaise"},"share_on_mastodon":{"url":"https:\/\/pubeurope.com\/@fr\/115306200096427888","error":""},"_links":{"self":[{"href":"https:\/\/www.europesays.com\/fr\/wp-json\/wp\/v2\/posts\/434387","targetHints":{"allow":["GET"]}}],"collection":[{"href":"https:\/\/www.europesays.com\/fr\/wp-json\/wp\/v2\/posts"}],"about":[{"href":"https:\/\/www.europesays.com\/fr\/wp-json\/wp\/v2\/types\/post"}],"author":[{"embeddable":true,"href":"https:\/\/www.europesays.com\/fr\/wp-json\/wp\/v2\/users\/2"}],"replies":[{"embeddable":true,"href":"https:\/\/www.europesays.com\/fr\/wp-json\/wp\/v2\/comments?post=434387"}],"version-history":[{"count":0,"href":"https:\/\/www.europesays.com\/fr\/wp-json\/wp\/v2\/posts\/434387\/revisions"}],"wp:featuredmedia":[{"embeddable":true,"href":"https:\/\/www.europesays.com\/fr\/wp-json\/wp\/v2\/media\/434388"}],"wp:attachment":[{"href":"https:\/\/www.europesays.com\/fr\/wp-json\/wp\/v2\/media?parent=434387"}],"wp:term":[{"taxonomy":"category","embeddable":true,"href":"https:\/\/www.europesays.com\/fr\/wp-json\/wp\/v2\/categories?post=434387"},{"taxonomy":"post_tag","embeddable":true,"href":"https:\/\/www.europesays.com\/fr\/wp-json\/wp\/v2\/tags?post=434387"}],"curies":[{"name":"wp","href":"https:\/\/api.w.org\/{rel}","templated":true}]}}