{"id":434389,"date":"2025-10-02T19:22:23","date_gmt":"2025-10-02T19:22:23","guid":{"rendered":"https:\/\/www.europesays.com\/fr\/434389\/"},"modified":"2025-10-02T19:22:23","modified_gmt":"2025-10-02T19:22:23","slug":"strasbourg-mulhouse-des-milliers-de-manifestants-en-alsace","status":"publish","type":"post","link":"https:\/\/www.europesays.com\/fr\/434389\/","title":{"rendered":"Strasbourg, Mulhouse&#8230; des milliers de manifestants en Alsace"},"content":{"rendered":"<p>Apr\u00e8s celle du 18 septembre, une intersynicale r\u00e9unissant la CFDT, la CGT,\u00a0 FO, CFE-CGC , la CFTC, l&rsquo;UNSA et FSU &#8211; Solidaires appellaient\u00a0\u00e0 nouveau \u00e0 la gr\u00e8ve, consid\u00e9rant qu\u2019\u00ab\u00a0aucune r\u00e9ponse claire\u00a0\u00bb n\u2019a \u00e9t\u00e9 apport\u00e9e \u00e0 leurs revendications. Ils r\u00e9clament notamment l\u2019abandon de l\u2019ensemble du projet de budget, plus de justice fiscale avec la mise en place d&rsquo;une taxe sur les gros patrimoines et tr\u00e8s hauts revenus ou encore des \u00ab moyens budg\u00e9taire \u00e0 la hauteur des services publics\u00a0\u00bb.<\/p>\n<p>En Alsace, des rassemblements ont eu lieu \u00e0 Strasbourg, Mulhouse et Colmar.<\/p>\n","protected":false},"excerpt":{"rendered":"Apr\u00e8s celle du 18 septembre, une intersynicale r\u00e9unissant la CFDT, la CGT,\u00a0 FO, CFE-CGC , la CFTC, l&rsquo;UNSA&hellip;\n","protected":false},"author":2,"featured_media":434390,"comment_status":"","ping_status":"","sticky":false,"template":"","format":"standard","meta":{"footnotes":""},"categories":[2820],"tags":[1111,11,2389,5065,9671,1777,674,107,1011,27,775,1634,12,25,801,640],"class_list":{"0":"post-434389","1":"post","2":"type-post","3":"status-publish","4":"format-standard","5":"has-post-thumbnail","7":"category-strasbourg","8":"tag-actu","9":"tag-actualites","10":"tag-alsace","11":"tag-colmar","12":"tag-conflit-social","13":"tag-eu","14":"tag-europe","15":"tag-fil-info","16":"tag-fr","17":"tag-france","18":"tag-grand-est","19":"tag-mulhouse","20":"tag-news","21":"tag-republique-francaise","22":"tag-social","23":"tag-strasbourg"},"share_on_mastodon":{"url":"https:\/\/pubeurope.com\/@fr\/115306203970926197","error":""},"_links":{"self":[{"href":"https:\/\/www.europesays.com\/fr\/wp-json\/wp\/v2\/posts\/434389","targetHints":{"allow":["GET"]}}],"collection":[{"href":"https:\/\/www.europesays.com\/fr\/wp-json\/wp\/v2\/posts"}],"about":[{"href":"https:\/\/www.europesays.com\/fr\/wp-json\/wp\/v2\/types\/post"}],"author":[{"embeddable":true,"href":"https:\/\/www.europesays.com\/fr\/wp-json\/wp\/v2\/users\/2"}],"replies":[{"embeddable":true,"href":"https:\/\/www.europesays.com\/fr\/wp-json\/wp\/v2\/comments?post=434389"}],"version-history":[{"count":0,"href":"https:\/\/www.europesays.com\/fr\/wp-json\/wp\/v2\/posts\/434389\/revisions"}],"wp:featuredmedia":[{"embeddable":true,"href":"https:\/\/www.europesays.com\/fr\/wp-json\/wp\/v2\/media\/434390"}],"wp:attachment":[{"href":"https:\/\/www.europesays.com\/fr\/wp-json\/wp\/v2\/media?parent=434389"}],"wp:term":[{"taxonomy":"category","embeddable":true,"href":"https:\/\/www.europesays.com\/fr\/wp-json\/wp\/v2\/categories?post=434389"},{"taxonomy":"post_tag","embeddable":true,"href":"https:\/\/www.europesays.com\/fr\/wp-json\/wp\/v2\/tags?post=434389"}],"curies":[{"name":"wp","href":"https:\/\/api.w.org\/{rel}","templated":true}]}}