{"id":434395,"date":"2025-10-02T19:25:24","date_gmt":"2025-10-02T19:25:24","guid":{"rendered":"https:\/\/www.europesays.com\/fr\/434395\/"},"modified":"2025-10-02T19:25:24","modified_gmt":"2025-10-02T19:25:24","slug":"nice-encore-battu-en-ligue-europa-sur-le-terrain-de-fenerbahce-2-1","status":"publish","type":"post","link":"https:\/\/www.europesays.com\/fr\/434395\/","title":{"rendered":"Nice encore battu en Ligue Europa sur le terrain de Fenerbah\u00e7e (2-1)"},"content":{"rendered":"<p class=\"fs-5 \">Il n\u2019y a pas eu de r\u00e9veil ce jeudi soir. Battu il y a une semaine par l\u2019AS Rome (1-2) lors de la premi\u00e8re journ\u00e9e de Ligue Europa, <strong>le Gym a encore plong\u00e9 sur la pelouse de Fenerbah\u00e7e <\/strong>(2-1). La soir\u00e9e a tr\u00e8s mal d\u00e9but\u00e9. D\u00e8s la 3e minute, <strong>Kerem Akt\u00fcrkoglu<\/strong> ouvrait le score sur un contre rapide, en profitant d\u2019un ballon perdu par<strong> Melvin Bard <\/strong>(1-0).<\/p>\n<p class=\"fs-5 \">L\u2019attaquant turc doublait la mise \u00e0 la 25e minute. Sa frappe, d\u00e9tourn\u00e9e par Bah, trompait Diouf impuissant et malheureux (2-0).<\/p>\n<p>                                                                                Un penalty qui redonne espoir<\/p>\n<p class=\"fs-5 \">Une soir\u00e9e cauchemardesque\u00a0? C\u2019est ce qu\u2019on pouvait craindre, mais Skriniar a relanc\u00e9 le match en d\u00e9tournant de la main une frappe de Louchet dans sa surface de r\u00e9paration (34\u2019). <strong>Kevin Carlos<\/strong> en profitait pour r\u00e9duire le score et <strong>inscrire son premier but <\/strong>avec Nice (2-1).<\/p>\n<p class=\"fs-5 \">Cinq minutes plus tard, <strong>Tiago Gouveia<\/strong> \u00e9tait proche d\u2019\u00e9galiser. Il reprenait un corner de Clauss de l\u2019\u00e9paule, le ballon terminant sur le haut de la transversale d\u2019Ederson.<\/p>\n<p class=\"fs-5 \">En deuxi\u00e8me mi-temps, Haise lan\u00e7ait Moffi, Abdi, Diop ou Cho pour pousser, mais Ederson, le gardien br\u00e9silien de Fenerbah\u00e7e, passait finalement une deuxi\u00e8me mi-temps tranquille et le Gym n\u2019a pas encore inscrit un point en Ligue Europa cette saison&#8230; Lors de la prochaine journ\u00e9e, le Gym se d\u00e9placera \u00e0 Celta Vigo, jeudi 23\u00a0octobre.<\/p>\n","protected":false},"excerpt":{"rendered":"Il n\u2019y a pas eu de r\u00e9veil ce jeudi soir. Battu il y a une semaine par l\u2019AS&hellip;\n","protected":false},"author":2,"featured_media":434396,"comment_status":"","ping_status":"","sticky":false,"template":"","format":"standard","meta":{"footnotes":""},"categories":[2819],"tags":[1111,11,1777,674,1011,27,12,2401,54521,882,25],"class_list":{"0":"post-434395","1":"post","2":"type-post","3":"status-publish","4":"format-standard","5":"has-post-thumbnail","7":"category-nice","8":"tag-actu","9":"tag-actualites","10":"tag-eu","11":"tag-europe","12":"tag-fr","13":"tag-france","14":"tag-news","15":"tag-nice","16":"tag-ogcnice","17":"tag-provence-alpes-cote-dazur","18":"tag-republique-francaise"},"share_on_mastodon":{"url":"https:\/\/pubeurope.com\/@fr\/115306215764011958","error":""},"_links":{"self":[{"href":"https:\/\/www.europesays.com\/fr\/wp-json\/wp\/v2\/posts\/434395","targetHints":{"allow":["GET"]}}],"collection":[{"href":"https:\/\/www.europesays.com\/fr\/wp-json\/wp\/v2\/posts"}],"about":[{"href":"https:\/\/www.europesays.com\/fr\/wp-json\/wp\/v2\/types\/post"}],"author":[{"embeddable":true,"href":"https:\/\/www.europesays.com\/fr\/wp-json\/wp\/v2\/users\/2"}],"replies":[{"embeddable":true,"href":"https:\/\/www.europesays.com\/fr\/wp-json\/wp\/v2\/comments?post=434395"}],"version-history":[{"count":0,"href":"https:\/\/www.europesays.com\/fr\/wp-json\/wp\/v2\/posts\/434395\/revisions"}],"wp:featuredmedia":[{"embeddable":true,"href":"https:\/\/www.europesays.com\/fr\/wp-json\/wp\/v2\/media\/434396"}],"wp:attachment":[{"href":"https:\/\/www.europesays.com\/fr\/wp-json\/wp\/v2\/media?parent=434395"}],"wp:term":[{"taxonomy":"category","embeddable":true,"href":"https:\/\/www.europesays.com\/fr\/wp-json\/wp\/v2\/categories?post=434395"},{"taxonomy":"post_tag","embeddable":true,"href":"https:\/\/www.europesays.com\/fr\/wp-json\/wp\/v2\/tags?post=434395"}],"curies":[{"name":"wp","href":"https:\/\/api.w.org\/{rel}","templated":true}]}}