{"id":434402,"date":"2025-10-02T19:29:14","date_gmt":"2025-10-02T19:29:14","guid":{"rendered":"https:\/\/www.europesays.com\/fr\/434402\/"},"modified":"2025-10-02T19:29:14","modified_gmt":"2025-10-02T19:29:14","slug":"le-livreur-la-nourrice-et-le-dealer-de-cannabis-devant-le-tribunal-de-bordeaux","status":"publish","type":"post","link":"https:\/\/www.europesays.com\/fr\/434402\/","title":{"rendered":"Le livreur, la nourrice et le dealer de cannabis devant le tribunal de Bordeaux"},"content":{"rendered":"<p>Le second, \u00e2g\u00e9 de 49\u00a0ans, d\u00e9pressif et souffrant d\u2019addictions, occupait la place de \u00ab\u00a0nourrice\u00a0\u00bb\u00a0: de la drogue \u00e9tait stock\u00e9e dans son appartement o\u00f9 ont \u00e9t\u00e9 retrouv\u00e9s 1,3\u00a0kilo de r\u00e9sine de cannabis, un kilo d\u2019herbe, quelques grammes de coca\u00efne, des cachets d\u2019ecstasy et 2\u00a0800\u00a0euros en num\u00e9raire. Il a \u00e9t\u00e9 condamn\u00e9 \u00e0 neuf mois de prison ferme, am\u00e9nag\u00e9s sous bracelet \u00e9lectronique, en plus d\u2019une obligation de suivre des soins, de travailler et une amende de 1\u00a0500\u00a0euros.<\/p>\n","protected":false},"excerpt":{"rendered":"Le second, \u00e2g\u00e9 de 49\u00a0ans, d\u00e9pressif et souffrant d\u2019addictions, occupait la place de \u00ab\u00a0nourrice\u00a0\u00bb\u00a0: de la drogue \u00e9tait&hellip;\n","protected":false},"author":2,"featured_media":434403,"comment_status":"","ping_status":"","sticky":false,"template":"","format":"standard","meta":{"footnotes":""},"categories":[2817],"tags":[1111,11,1997,1777,674,1011,27,12,2219,25],"class_list":{"0":"post-434402","1":"post","2":"type-post","3":"status-publish","4":"format-standard","5":"has-post-thumbnail","7":"category-bordeaux","8":"tag-actu","9":"tag-actualites","10":"tag-bordeaux","11":"tag-eu","12":"tag-europe","13":"tag-fr","14":"tag-france","15":"tag-news","16":"tag-nouvelle-aquitaine","17":"tag-republique-francaise"},"share_on_mastodon":{"url":"https:\/\/pubeurope.com\/@fr\/115306231466161408","error":""},"_links":{"self":[{"href":"https:\/\/www.europesays.com\/fr\/wp-json\/wp\/v2\/posts\/434402","targetHints":{"allow":["GET"]}}],"collection":[{"href":"https:\/\/www.europesays.com\/fr\/wp-json\/wp\/v2\/posts"}],"about":[{"href":"https:\/\/www.europesays.com\/fr\/wp-json\/wp\/v2\/types\/post"}],"author":[{"embeddable":true,"href":"https:\/\/www.europesays.com\/fr\/wp-json\/wp\/v2\/users\/2"}],"replies":[{"embeddable":true,"href":"https:\/\/www.europesays.com\/fr\/wp-json\/wp\/v2\/comments?post=434402"}],"version-history":[{"count":0,"href":"https:\/\/www.europesays.com\/fr\/wp-json\/wp\/v2\/posts\/434402\/revisions"}],"wp:featuredmedia":[{"embeddable":true,"href":"https:\/\/www.europesays.com\/fr\/wp-json\/wp\/v2\/media\/434403"}],"wp:attachment":[{"href":"https:\/\/www.europesays.com\/fr\/wp-json\/wp\/v2\/media?parent=434402"}],"wp:term":[{"taxonomy":"category","embeddable":true,"href":"https:\/\/www.europesays.com\/fr\/wp-json\/wp\/v2\/categories?post=434402"},{"taxonomy":"post_tag","embeddable":true,"href":"https:\/\/www.europesays.com\/fr\/wp-json\/wp\/v2\/tags?post=434402"}],"curies":[{"name":"wp","href":"https:\/\/api.w.org\/{rel}","templated":true}]}}