{"id":434408,"date":"2025-10-02T19:32:21","date_gmt":"2025-10-02T19:32:21","guid":{"rendered":"https:\/\/www.europesays.com\/fr\/434408\/"},"modified":"2025-10-02T19:32:21","modified_gmt":"2025-10-02T19:32:21","slug":"les-04-05-octobre-2025-le-garage-de-lille-accueille-le-festival-nuit-japonaise","status":"publish","type":"post","link":"https:\/\/www.europesays.com\/fr\/434408\/","title":{"rendered":"Les 04 &#038; 05 octobre 2025, le Garage de Lille accueille le festival Nuit Japonaise"},"content":{"rendered":"<p style=\"text-align: justify;\">C\u2019est <strong>l\u2019\u00e9v\u00e9nement incontournable<\/strong> pour (re)d\u00e9couvrir la<strong> culture japonaise traditionnelle<\/strong> <strong>sous toutes ses coutures.<\/strong> Pour cette <strong>6\u00e8me \u00e9dition,<\/strong> le <strong>Petit Konbini<\/strong> vous donne de nouveau rendez-vous au <strong>Garage,<\/strong> qui met \u00e0 disposition ses <strong>2500 m\u00b2<\/strong> pour <strong>une immersion totale<\/strong> <strong>au c\u0153ur du Japon !<\/strong><\/p>\n<p><a href=\"https:\/\/www.zoomsurlille.fr\/wp-content\/uploads\/2025\/10\/nuits_japonaise_octobre_2025_02.jpg\" target=\"_blank\" rel=\"noopener\"><img loading=\"lazy\" decoding=\"async\" width=\"725\" height=\"1024\" src=\"https:\/\/www.europesays.com\/fr\/wp-content\/uploads\/2025\/10\/nuits_japonaise_octobre_2025_02-725x1024.jpg\" alt=\"\" class=\"wp-image-87494\" style=\"aspect-ratio:0.7080078125;width:450px;height:auto\"  \/><\/a><\/p>\n<p style=\"text-align: justify;\"><strong>Au programme :<\/strong><br \/><img loading=\"lazy\" decoding=\"async\" src=\"https:\/\/www.europesays.com\/fr\/wp-content\/uploads\/2025\/04\/1744100656_185_arrow.png\" alt=\"\" width=\"9\" height=\"9\"\/> Explorer <strong>plus de 40 stands de cr\u00e9ateurs,<\/strong> <strong>d\u2019illustrateurs<\/strong> et <strong>d\u2019artisans<\/strong> venant de toute la <strong>France<\/strong> et de la <strong>Belgique<\/strong> (et des tas de nouveaux stands \u00e0 d\u00e9couvrir).<\/p>\n<p style=\"text-align: justify;\"><img loading=\"lazy\" decoding=\"async\" src=\"https:\/\/www.europesays.com\/fr\/wp-content\/uploads\/2025\/04\/1744100656_185_arrow.png\" alt=\"\" width=\"9\" height=\"9\"\/> <strong>D\u00e9couvrir, pratiquer<\/strong> et<strong> s\u2019initier aux arts martiaux<\/strong> avec le<strong> club de Sumo de Paris<\/strong> le <strong>samedi,<\/strong> et durant <strong>tout le week-end <\/strong>avec le <strong>club Jodo Lille.<\/strong><\/p>\n<p style=\"text-align: justify;\"><img loading=\"lazy\" decoding=\"async\" src=\"https:\/\/www.europesays.com\/fr\/wp-content\/uploads\/2025\/04\/1744100656_185_arrow.png\" alt=\"\" width=\"9\" height=\"9\"\/> <strong>Chiner <\/strong>avec le <strong>c\u00e9l\u00e8bre Koji Japon, <\/strong>qui <strong>d\u00e9barque avec ses tr\u00e9sors<\/strong> pour <strong>une \u00e9norme brocante japonaise<\/strong><\/p>\n<p style=\"text-align: justify;\"><strong> <img loading=\"lazy\" decoding=\"async\" src=\"https:\/\/www.europesays.com\/fr\/wp-content\/uploads\/2025\/04\/1744100656_185_arrow.png\" alt=\"\" width=\"9\" height=\"9\"\/> Manger <\/strong>sur les<strong> stands street food sal\u00e9e<\/strong> et <strong>sucr\u00e9e <\/strong>avec <strong>Peko Peko, Crowntea, Chef Misato<\/strong> et <strong>ses bentos<\/strong>, <strong>Oh mochi !\u2026<\/strong><\/p>\n<p style=\"text-align: justify;\"><img loading=\"lazy\" decoding=\"async\" src=\"https:\/\/www.europesays.com\/fr\/wp-content\/uploads\/2025\/04\/1744100656_185_arrow.png\" alt=\"\" width=\"9\" height=\"9\"\/> <strong>Assister <\/strong>et <strong>chanter <\/strong>aux <strong>concerts d\u2019AFTER 5, l\u2019unique groupe de City-Pop en France et en Europe<\/strong>.<\/p>\n<p style=\"text-align: justify;\"><img decoding=\"async\" loading=\"lazy\" class=\"tie-appear\" src=\"https:\/\/www.europesays.com\/fr\/wp-content\/uploads\/2025\/04\/1744100656_185_arrow.png\" alt=\"\" width=\"9\" height=\"9\"\/> Participer \u00e0 des <strong>ateliers gratuits <\/strong>pour <strong>apprendre la calligraphie, l\u2019origami etc. <\/strong>ou \u00e0 des <strong>ateliers payants<\/strong> pour <strong>apprendre \u00e0 cuisiner des dango<\/strong>.<\/p>\n<p style=\"text-align: justify;\"><img decoding=\"async\" loading=\"lazy\" class=\"tie-appear\" src=\"https:\/\/www.europesays.com\/fr\/wp-content\/uploads\/2025\/04\/1744100656_185_arrow.png\" alt=\"\" width=\"9\" height=\"9\"\/>\u00a0<strong>Se faire masser<\/strong> par <strong>l\u2019\u00e9cole de Shiatsu de Lille,<\/strong> ou <strong>repartir avec un magnifique tatouage traditionnel japonais<\/strong>.<\/p>\n<p style=\"text-align: justify;\"><img decoding=\"async\" loading=\"lazy\" class=\"tie-appear\" src=\"https:\/\/www.europesays.com\/fr\/wp-content\/uploads\/2025\/04\/1744100656_185_arrow.png\" alt=\"\" width=\"9\" height=\"9\"\/>\u00a0<strong>En apprendre plus sur le sak\u00e9<\/strong> gr\u00e2ce \u00e0 <strong>Osak\u00e9,<\/strong> <strong>accompagn\u00e9 des formateurs<\/strong> et <strong>brasseurs les plus connus de France<\/strong><\/p>\n<p><img decoding=\"async\" loading=\"lazy\" width=\"9\" height=\"9\" class=\"tie-appear\" src=\"https:\/\/www.europesays.com\/fr\/wp-content\/uploads\/2025\/04\/1744100656_185_arrow.png\" alt=\"\"\/> <strong>Boire un d\u00e9licieux matcha<\/strong> au <strong>bar de Maison Satori.<\/strong><\/p>\n<p><img decoding=\"async\" loading=\"lazy\" width=\"9\" height=\"9\" class=\"tie-appear\" src=\"https:\/\/www.europesays.com\/fr\/wp-content\/uploads\/2025\/04\/1744100656_185_arrow.png\" alt=\"\"\/> <strong>Craquer sur des magnifiques illustrations <\/strong>dans le <strong>village japonais de Paiheme.<\/strong><\/p>\n<p><img decoding=\"async\" loading=\"lazy\" width=\"9\" height=\"9\" class=\"tie-appear\" src=\"https:\/\/www.europesays.com\/fr\/wp-content\/uploads\/2025\/04\/1744100656_185_arrow.png\" alt=\"\"\/> <strong>Acheter des produits d\u2019\u00e9picerie traditionnelle\u2026<\/strong><\/p>\n<p>Infos Pratiques<br \/><strong><img decoding=\"async\" loading=\"lazy\" width=\"9\" height=\"9\" data-lazy-src=\"https:\/\/www.europesays.com\/fr\/wp-content\/uploads\/2025\/04\/1743937991_452_arrow.png\" class=\"tie-appear\" src=\"https:\/\/www.europesays.com\/fr\/wp-content\/uploads\/2025\/04\/1743937991_452_arrow.png\" alt=\"\"\/> Dates :<\/strong><br \/>Samedi 04 octobre 2025 : de 11h \u00e0 20h<br \/>Dimanche 05 octobre 2025 : de 10h \u00e0 18h<\/p>\n<p><strong><img decoding=\"async\" loading=\"lazy\" class=\"tie-appear\" src=\"https:\/\/www.europesays.com\/fr\/wp-content\/uploads\/2025\/04\/1743937991_452_arrow.png\" alt=\"\" width=\"9\" height=\"9\" data-lazy-src=\"https:\/\/www.europesays.com\/fr\/wp-content\/uploads\/2025\/04\/1743937991_452_arrow.png\"\/> Lieu :<\/strong><br \/>Le Garage<br \/>34, boulevard Carnot<br \/>59800 Lille<\/p>\n<p><strong><img decoding=\"async\" loading=\"lazy\" class=\"tie-appear\" src=\"https:\/\/www.europesays.com\/fr\/wp-content\/uploads\/2025\/04\/1743937991_452_arrow.png\" alt=\"\" width=\"9\" height=\"9\" data-lazy-src=\"https:\/\/www.europesays.com\/fr\/wp-content\/uploads\/2025\/04\/1743937991_452_arrow.png\"\/> Tarifs :<\/strong><br \/>Pass journ\u00e9e : 5\u20ac \u2013 jusqu\u2019\u00e0 \u00e9puisement des pr\u00e9ventes \/ ensuite 6\u20ac sur place ou en ligne<br \/>Pass week-end : 8\u20ac \u2013 jusqu\u2019\u00e0 \u00e9puisement des pr\u00e9ventes<br \/>Pass enfants de 6 \u00e0 12ans : 3\u20ac<br \/>Gratuit pour les moins de 6 ans<\/p>\n<p><strong><img decoding=\"async\" loading=\"lazy\" width=\"9\" height=\"9\" data-lazy-src=\"https:\/\/www.europesays.com\/fr\/wp-content\/uploads\/2025\/04\/1743937991_452_arrow.png\" class=\"tie-appear\" src=\"https:\/\/www.europesays.com\/fr\/wp-content\/uploads\/2025\/04\/1743937991_452_arrow.png\" alt=\"\"\/> Plus d\u2019infos &gt;&gt;&gt;<\/strong> <a href=\"https:\/\/nuitjaponaise.com\/\" target=\"_blank\" rel=\"noreferrer noopener\">nuitjaponaise.com<\/a><\/p>\n<p class=\"has-text-align-right\">Source &amp; images : DR \/ \u00a9 Le Petit Konbini<\/p>\n","protected":false},"excerpt":{"rendered":"C\u2019est l\u2019\u00e9v\u00e9nement incontournable pour (re)d\u00e9couvrir la culture japonaise traditionnelle sous toutes ses coutures. Pour cette 6\u00e8me \u00e9dition, le&hellip;\n","protected":false},"author":2,"featured_media":434409,"comment_status":"","ping_status":"","sticky":false,"template":"","format":"standard","meta":{"footnotes":""},"categories":[2815],"tags":[56209,55125,1111,11,1777,674,849,1011,27,811,56210,1307,12,56211,56212,25],"class_list":{"0":"post-434408","1":"post","2":"type-post","3":"status-publish","4":"format-standard","5":"has-post-thumbnail","7":"category-lille","8":"tag-04-octobre-2025","9":"tag-05-octobre-2025","10":"tag-actu","11":"tag-actualites","12":"tag-eu","13":"tag-europe","14":"tag-festival","15":"tag-fr","16":"tag-france","17":"tag-hauts-de-france","18":"tag-le-garage","19":"tag-lille","20":"tag-news","21":"tag-nuit-japonaise","22":"tag-petit-konbini","23":"tag-republique-francaise"},"share_on_mastodon":{"url":"https:\/\/pubeurope.com\/@fr\/115306245692356836","error":""},"_links":{"self":[{"href":"https:\/\/www.europesays.com\/fr\/wp-json\/wp\/v2\/posts\/434408","targetHints":{"allow":["GET"]}}],"collection":[{"href":"https:\/\/www.europesays.com\/fr\/wp-json\/wp\/v2\/posts"}],"about":[{"href":"https:\/\/www.europesays.com\/fr\/wp-json\/wp\/v2\/types\/post"}],"author":[{"embeddable":true,"href":"https:\/\/www.europesays.com\/fr\/wp-json\/wp\/v2\/users\/2"}],"replies":[{"embeddable":true,"href":"https:\/\/www.europesays.com\/fr\/wp-json\/wp\/v2\/comments?post=434408"}],"version-history":[{"count":0,"href":"https:\/\/www.europesays.com\/fr\/wp-json\/wp\/v2\/posts\/434408\/revisions"}],"wp:featuredmedia":[{"embeddable":true,"href":"https:\/\/www.europesays.com\/fr\/wp-json\/wp\/v2\/media\/434409"}],"wp:attachment":[{"href":"https:\/\/www.europesays.com\/fr\/wp-json\/wp\/v2\/media?parent=434408"}],"wp:term":[{"taxonomy":"category","embeddable":true,"href":"https:\/\/www.europesays.com\/fr\/wp-json\/wp\/v2\/categories?post=434408"},{"taxonomy":"post_tag","embeddable":true,"href":"https:\/\/www.europesays.com\/fr\/wp-json\/wp\/v2\/tags?post=434408"}],"curies":[{"name":"wp","href":"https:\/\/api.w.org\/{rel}","templated":true}]}}