{"id":434410,"date":"2025-10-02T19:33:17","date_gmt":"2025-10-02T19:33:17","guid":{"rendered":"https:\/\/www.europesays.com\/fr\/434410\/"},"modified":"2025-10-02T19:33:17","modified_gmt":"2025-10-02T19:33:17","slug":"lille-se-reveille-et-se-paie-la-roma","status":"publish","type":"post","link":"https:\/\/www.europesays.com\/fr\/434410\/","title":{"rendered":"Lille se r\u00e9veille et se paie la Roma"},"content":{"rendered":"<p class=\"mb-4 text-lg md:leading-8 break-words\">R\u00e9veill\u00e9 par le parfum de la Ligue Europa, Lille qui restait sur deux d\u00e9faites en championnat, a surpris l&rsquo;AS Rome (1-0) jeudi malgr\u00e9 un penalty en fin de match retir\u00e9 \u00e0 deux reprises, soit trois tentatives romaines toutes stopp\u00e9es par le gardien lillois.<\/p>\n<p class=\"mb-4 text-lg md:leading-8 break-words\">Un an jour pour jour apr\u00e8s sa retentissante victoire face au Real Madrid en Ligue des champions (1-0), le Losc, s\u00e9duisant, a \u00e9pingl\u00e9 un autre grand d&rsquo;Europe \u00e0 son tableau de la chasse.<\/p>\n<p class=\"mb-4 text-lg md:leading-8 break-words\">La Roma n&rsquo;a certes pas le palmar\u00e8s de l&rsquo;ogre madril\u00e8ne, mais les Giallorossi peuvent \u00eatre consid\u00e9r\u00e9s comme une petite terreur de la C3, dont ils ont atteint le dernier carr\u00e9 en 2021 et 2024, et perdu la finale en 2023.<\/p>\n<p class=\"mb-4 text-lg md:leading-8 break-words\">Le succ\u00e8s lillois sur un but d\u00e8s la 6e minute de Hakon Haraldsson, est d&rsquo;autant plus \u00e9clatant que les hommes de Bruno Genesio ont ralli\u00e9 le Stadio olimpico en plein doute apr\u00e8s leur d\u00e9route \u00e0 Lens (3-0) dans le derby du Nord et leur d\u00e9faite \u00e0 domicile contre l&rsquo;OL (1-0), avant de recevoir le PSG dimanche.<\/p>\n<p class=\"mb-4 text-lg md:leading-8 break-words\">Tout le contraire de la Roma qui abordait, elle, cette rencontre en favorite apr\u00e8s avoir remport\u00e9 quatre de ses cinq premiers matches de Serie A, synonyme de 3e place en championnat.<\/p>\n<p class=\"mb-4 text-lg md:leading-8 break-words\">Vainqueur \u00e0 Nice (2-1) la semaine derni\u00e8re en ouverture de sa campagne europ\u00e9enne, la \u00ab\u00a0Louve\u00a0\u00bb est tomb\u00e9e sur un Losc sans complexes \u00e0 l&rsquo;image de son ma\u00eetre \u00e0 jouer Ayyoub Bouaddi.<\/p>\n<p class=\"mb-4 text-lg md:leading-8 break-words\">L&rsquo;international Espoirs, 18 ans depuis ce jeudi, en a fait voir de toutes les couleurs aux hommes de Gian Piero Gasperini, inhabituellement emprunt\u00e9s et domin\u00e9s physiquement.<\/p>\n<p class=\"mb-4 text-lg md:leading-8 break-words\">&#8211; Penalty retir\u00e9 deux fois &#8211;<\/p>\n<p class=\"mb-4 text-lg md:leading-8 break-words\">Le ph\u00e9nom\u00e8ne lillois n&rsquo;a toutefois pas eu son mot \u00e0 dire sur l&rsquo;action d\u00e9cisive d\u00e8s la 6e minute.<\/p>\n<p class=\"mb-4 text-lg md:leading-8 break-words\">De retour de blessure, Thomas Meunier a r\u00e9cup\u00e9r\u00e9 un ballon pr\u00e8s de la surface romaine et trouv\u00e9 Felix Correia qui a lanc\u00e9 d&rsquo;une d\u00e9viation vers le but Hakon Haraldsson.<\/p>\n<p class=\"mb-4 text-lg md:leading-8 break-words\">L&rsquo;Islandais, critiqu\u00e9 apr\u00e8s ses derni\u00e8res sorties, a tromp\u00e9 Mile Svilar \u00e0 bout portant et \u00e9teint le Stadio olympico.<\/p>\n<p class=\"mb-4 text-lg md:leading-8 break-words\">Olivier Giroud, doyen depuis la semaine derni\u00e8re des buteurs fran\u00e7ais dans les comp\u00e9titions europ\u00e9ennes, a bien failli doubler la mise mais a perdu son duel avec Mile Svilar (54e)<\/p>\n<p class=\"mb-4 text-lg md:leading-8 break-words\">Lille a trembl\u00e9 \u00e0 la 35e minute quand A\u00efssa Mandi a sauv\u00e9 son \u00e9quipe en stoppant sur la ligne de but un tir de l&rsquo;ancien Lensois Neil El Aynaoui.<\/p>\n<p class=\"mb-4 text-lg md:leading-8 break-words\">Et surtout \u00e0 la 84e minute sur un p\u00e9nalty cons\u00e9cutif \u00e0 une main de Mandi dans sa surface pour un final fou.<\/p>\n<p class=\"mb-4 text-lg md:leading-8 break-words\">La premi\u00e8re tentative d&rsquo;Artem Dovbyk a \u00e9t\u00e9 stopp\u00e9e par Berke\u00a0\u00d6zer, mais l&rsquo;arbitre a ordonn\u00e9 que le penalty soit retir\u00e9 apr\u00e8s l&rsquo;entr\u00e9e illicite dans la surface d&rsquo;un Lillois.<\/p>\n<p class=\"mb-4 text-lg md:leading-8 break-words\">\u00d6zer a \u00e9galement stopp\u00e9 la seconde tentative de Dovbyk, mais la Roma a b\u00e9n\u00e9fici\u00e9 d&rsquo;une troisi\u00e8me chance, car le gardien turc avait quitt\u00e9 sa ligne avant le tir de l&rsquo;attaquant romain.<\/p>\n<p class=\"mb-4 text-lg md:leading-8 break-words\">Qu&rsquo;\u00e0 cela ne tienne, \u00d6zer, de retour de blessure, a stopp\u00e9 la troisi\u00e8me tentative romaine, cette fois de Matias Soul\u00e9, et pr\u00e9serv\u00e9 la victoire des siens, pour la plus grande incr\u00e9dulit\u00e9 des 60.000 tifosi romains.<\/p>\n<p class=\"mb-4 text-lg md:leading-8 break-words\">jr\/bm<\/p>\n","protected":false},"excerpt":{"rendered":"R\u00e9veill\u00e9 par le parfum de la Ligue Europa, Lille qui restait sur deux d\u00e9faites en championnat, a surpris&hellip;\n","protected":false},"author":2,"featured_media":434411,"comment_status":"","ping_status":"","sticky":false,"template":"","format":"standard","meta":{"footnotes":""},"categories":[2815],"tags":[1111,11,54701,8095,56214,56216,1777,674,1011,27,4681,811,56213,447,5843,1307,56215,12,5959,93,4790,25,4676],"class_list":{"0":"post-434410","1":"post","2":"type-post","3":"status-publish","4":"format-standard","5":"has-post-thumbnail","7":"category-lille","8":"tag-actu","9":"tag-actualites","10":"tag-ayyoub-bouaddi","11":"tag-bruno-genesio","12":"tag-de-toutes-les-couleurs","13":"tag-el-aynaoui","14":"tag-eu","15":"tag-europe","16":"tag-fr","17":"tag-france","18":"tag-haraldsson","19":"tag-hauts-de-france","20":"tag-la-roma","21":"tag-ligue-des-champions","22":"tag-ligue-europa","23":"tag-lille","24":"tag-mile-svilar","25":"tag-news","26":"tag-olivier-giroud","27":"tag-psg","28":"tag-real-madrid","29":"tag-republique-francaise","30":"tag-thomas-meunier"},"share_on_mastodon":{"url":"https:\/\/pubeurope.com\/@fr\/115306247312989099","error":""},"_links":{"self":[{"href":"https:\/\/www.europesays.com\/fr\/wp-json\/wp\/v2\/posts\/434410","targetHints":{"allow":["GET"]}}],"collection":[{"href":"https:\/\/www.europesays.com\/fr\/wp-json\/wp\/v2\/posts"}],"about":[{"href":"https:\/\/www.europesays.com\/fr\/wp-json\/wp\/v2\/types\/post"}],"author":[{"embeddable":true,"href":"https:\/\/www.europesays.com\/fr\/wp-json\/wp\/v2\/users\/2"}],"replies":[{"embeddable":true,"href":"https:\/\/www.europesays.com\/fr\/wp-json\/wp\/v2\/comments?post=434410"}],"version-history":[{"count":0,"href":"https:\/\/www.europesays.com\/fr\/wp-json\/wp\/v2\/posts\/434410\/revisions"}],"wp:featuredmedia":[{"embeddable":true,"href":"https:\/\/www.europesays.com\/fr\/wp-json\/wp\/v2\/media\/434411"}],"wp:attachment":[{"href":"https:\/\/www.europesays.com\/fr\/wp-json\/wp\/v2\/media?parent=434410"}],"wp:term":[{"taxonomy":"category","embeddable":true,"href":"https:\/\/www.europesays.com\/fr\/wp-json\/wp\/v2\/categories?post=434410"},{"taxonomy":"post_tag","embeddable":true,"href":"https:\/\/www.europesays.com\/fr\/wp-json\/wp\/v2\/tags?post=434410"}],"curies":[{"name":"wp","href":"https:\/\/api.w.org\/{rel}","templated":true}]}}