{"id":434412,"date":"2025-10-02T19:34:12","date_gmt":"2025-10-02T19:34:12","guid":{"rendered":"https:\/\/www.europesays.com\/fr\/434412\/"},"modified":"2025-10-02T19:34:12","modified_gmt":"2025-10-02T19:34:12","slug":"un-programme-financier-qui-aide-les-commercants-et-artisans","status":"publish","type":"post","link":"https:\/\/www.europesays.com\/fr\/434412\/","title":{"rendered":"un programme financier qui aide les commer\u00e7ants et artisans"},"content":{"rendered":"<p>\u00ab\u00a0On veut d\u00e9barrasser nos villes de ces camions qui polluent tous les jours. Marguerite, \u00e7a marchera\u00a0\u00bb, a d\u00e9clar\u00e9 <a href=\"https:\/\/www.laprovence.com\/article\/politique\/1189889128108315\/faute-contre-la-memoire-et-injustice-sociale-la-suppression-des-jours-feries-inquiete-a-marseille\" target=\"_blank\" rel=\"noopener\">Bernard Marty<\/a>, \u00e9lu \u00e0 la CCIAMP.\u00a0La <a href=\"https:\/\/www.laprovence.com\/article\/economie\/1178567174648514\/manque-de-visibilite-absence-de-gouvernement-vent-dinquietude-sur-lartisanat-local-en-paca\" target=\"_blank\" rel=\"noopener\">CMA Paca<\/a> en partenariat avec la <a href=\"https:\/\/www.laprovence.com\/article\/le-hub\/57481470533151\/ose-l-evenement-de-la-cciamp-dedie-a-l-entrepreneuriat\" target=\"_blank\" rel=\"noopener\">CCIAMP<\/a> et la fabrique logistique pr\u00e9sentaient ce jeudi 2\u00a0octobre au World Trade center Marseille Provence sur leur nouveau programme\u00a0: Marguerite. \u00ab\u00a0Le c\u0153ur du sujet c\u2019est de faire \u00e9voluer les pratiques logistiques, souligne Delphine Blanc, d\u00e9l\u00e9gu\u00e9e g\u00e9n\u00e9rale chez La Fabrique de la logistique. On propose des solutions logistiques mutualis\u00e9es pour les artisans et commer\u00e7ants, c\u2019est comme les p\u00e9tales d\u2019une marguerite. C\u2019est une bonne cible pour nous car ils sont en compte propre.\u00a0\u00bb<\/p>\n<p>Ces acteurs sont parties prenantes de l\u2019activit\u00e9 \u00e9conomique des villes et maintiennent un lien social dans les quartiers et les collectivit\u00e9s. Dus aux mesures en faveur de l\u2019environnement pris par le gouvernement, ces derniers sont parfois contraints (<a href=\"https:\/\/www.laprovence.com\/article\/france-monde\/1953605313292814\/des-centaines-de-manifestants-contre-les-zones-a-faibles-emissions-jugees-excluantes\" target=\"_blank\" rel=\"noopener\">zones \u00e0 faible \u00e9mission de gaz \u00e0 effet de serre<\/a>\u2026). Le programme Marguerite veut leur permettre de trouver des solutions \u00e9cologiques et pertinentes\u00a0: \u00ab\u00a0On propose un accompagnement financier pour qu\u2019ils puissent modifier leurs pratiques logistiques afin qu\u2019elles soient mutualis\u00e9es ou plus &#8230;<\/p>\n","protected":false},"excerpt":{"rendered":"\u00ab\u00a0On veut d\u00e9barrasser nos villes de ces camions qui polluent tous les jours. Marguerite, \u00e7a marchera\u00a0\u00bb, a d\u00e9clar\u00e9&hellip;\n","protected":false},"author":2,"featured_media":434413,"comment_status":"","ping_status":"","sticky":false,"template":"","format":"standard","meta":{"footnotes":""},"categories":[2814],"tags":[17,1111,11,4180,7230,33,1777,674,16197,1011,27,151,12184,884,12,471,5240,882,25],"class_list":{"0":"post-434412","1":"post","2":"type-post","3":"status-publish","4":"format-standard","5":"has-post-thumbnail","7":"category-marseille","8":"tag-17","9":"tag-actu","10":"tag-actualites","11":"tag-aider","12":"tag-commercants","13":"tag-economie","14":"tag-eu","15":"tag-europe","16":"tag-financier","17":"tag-fr","18":"tag-france","19":"tag-les","20":"tag-marguerite","21":"tag-marseille","22":"tag-news","23":"tag-pour","24":"tag-programme","25":"tag-provence-alpes-cote-dazur","26":"tag-republique-francaise"},"share_on_mastodon":{"url":"https:\/\/pubeurope.com\/@fr\/115306251357836485","error":""},"_links":{"self":[{"href":"https:\/\/www.europesays.com\/fr\/wp-json\/wp\/v2\/posts\/434412","targetHints":{"allow":["GET"]}}],"collection":[{"href":"https:\/\/www.europesays.com\/fr\/wp-json\/wp\/v2\/posts"}],"about":[{"href":"https:\/\/www.europesays.com\/fr\/wp-json\/wp\/v2\/types\/post"}],"author":[{"embeddable":true,"href":"https:\/\/www.europesays.com\/fr\/wp-json\/wp\/v2\/users\/2"}],"replies":[{"embeddable":true,"href":"https:\/\/www.europesays.com\/fr\/wp-json\/wp\/v2\/comments?post=434412"}],"version-history":[{"count":0,"href":"https:\/\/www.europesays.com\/fr\/wp-json\/wp\/v2\/posts\/434412\/revisions"}],"wp:featuredmedia":[{"embeddable":true,"href":"https:\/\/www.europesays.com\/fr\/wp-json\/wp\/v2\/media\/434413"}],"wp:attachment":[{"href":"https:\/\/www.europesays.com\/fr\/wp-json\/wp\/v2\/media?parent=434412"}],"wp:term":[{"taxonomy":"category","embeddable":true,"href":"https:\/\/www.europesays.com\/fr\/wp-json\/wp\/v2\/categories?post=434412"},{"taxonomy":"post_tag","embeddable":true,"href":"https:\/\/www.europesays.com\/fr\/wp-json\/wp\/v2\/tags?post=434412"}],"curies":[{"name":"wp","href":"https:\/\/api.w.org\/{rel}","templated":true}]}}