{"id":434414,"date":"2025-10-02T19:35:16","date_gmt":"2025-10-02T19:35:16","guid":{"rendered":"https:\/\/www.europesays.com\/fr\/434414\/"},"modified":"2025-10-02T19:35:16","modified_gmt":"2025-10-02T19:35:16","slug":"a-marseille-un-millier-de-personnes-devant-la-prefecture-en-soutien-a-la-flottille-pour-gaza","status":"publish","type":"post","link":"https:\/\/www.europesays.com\/fr\/434414\/","title":{"rendered":"\u00c0 Marseille, un millier de personnes devant la pr\u00e9fecture en soutien \u00e0 la Flottille pour Gaza"},"content":{"rendered":"<p>Comme dans de nombreuses villes en France, plus d&rsquo;un millier de personnes se sont rassembl\u00e9es ce jeudi soir, \u00e0 partir de 18h30, devant la pr\u00e9fecture des Bouches-du-Rh\u00f4ne, \u00e0 <a href=\"https:\/\/www.laprovence.com\/bouches-du-rhone\/marseille-13055\" target=\"_blank\" rel=\"noopener\">Marseille<\/a>, en soutien \u00e0 la flottille pour Gaza.<\/p>\n<p>Une initiative citoyenne visant \u00e0 \u00ab\u00a0briser le blocus humanitaire\u00a0\u00bb en cours en Palestine et \u00e0 \u00ab\u00a0faire cesser le g\u00e9nocide\u00a0\u00bb en cours dans l&rsquo;enclave. Partis de Barcelone et Tunis, les 44 bateaux &#8211; des voiliers essentiellement &#8211; ont \u00e9t\u00e9 intercept\u00e9s dans les eaux internationales par la marine isra\u00e9lienne dans la nuit de mercredi \u00e0 jeudi. Un acte qualifi\u00e9 d'\u00a0\u00bbattaque \u00e9hont\u00e9e contre des militants de la solidarit\u00e9 menant une mission humanitaire enti\u00e8rement pacifique\u00a0\u00bb, a d\u00e9nonc\u00e9 dans un communiqu\u00e9 Amnesty International.<\/p>\n<p>Parmi les personnes arr\u00eat\u00e9es, des \u00e9lus, telle <strong>la d\u00e9put\u00e9e europ\u00e9enne LFI Rima Hassan<\/strong>, la militante su\u00e9doise <strong>Greta Thunberg <\/strong>mais aussi de simples citoyens, comme Pascal Andr\u00e9, m\u00e9decin urgentiste \u00e0 Rodez, qui voguait sur le Captain Nikos. \u00ab\u00a0C&rsquo;est mon p\u00e8re,\u00a0\u00bb, <a href=\"https:\/\/www.laprovence.com\/article\/societe\/1030178746301615\/bateau-pour-gaza-intercepte-le-medecin-marseillais-baptiste-andre-dit-avoir-accepte-detre-rapatrie-pour-temoigner\" target=\"_blank\" rel=\"noopener\">explique dans la foule Baptiste Andr\u00e9, m\u00e9decin \u00e9galement, qui avait lui-m\u00eame tent\u00e9, sur le Madleen<\/a>, d&rsquo;acheminer de l&rsquo;aide humanitaire \u00e0 Gaza au mois de juin dernier. En vain : la flottille avait elle aussi \u00e9t\u00e9 stopp\u00e9e par l&rsquo;arm\u00e9e isra\u00e9lienne.<\/p>\n<p>Des proches de militants arr\u00eat\u00e9s<br \/>\n<img alt=\"Parmi les personnes arr\u00eat\u00e9es, des \u00e9lus, telle la d\u00e9put\u00e9e europ\u00e9enne LFI Rima Hassan, la militante su\u00e9doise Greta Thunberg mais aussi de simples citoyens, comme Pascal Andr\u00e9, m\u00e9decin urgentiste \u00e0 Rodez, qui voguait sur le Captain Nikos.\" loading=\"lazy\" decoding=\"async\" data-nimg=\"fill\" class=\" TwicCore_img__i9TC1 undefined  undefined\" style=\"position:absolute;height:100%;width:100%;left:0;top:0;right:0;bottom:0;color:transparent;background-size:cover;background-position:50% 50%;background-repeat:no-repeat;background-image:url(&quot;data:image\/svg+xml;charset=utf-8,%3Csvg xmlns='http:\/\/www.w3.org\/2000\/svg' %3E%3Cfilter id='b' color-interpolation-filters='sRGB'%3E%3CfeGaussianBlur stdDeviation='20'\/%3E%3CfeColorMatrix values='1 0 0 0 0 0 1 0 0 0 0 0 1 0 0 0 0 0 100 -1' result='s'\/%3E%3CfeFlood x='0' y='0' width='100%25' height='100%25'\/%3E%3CfeComposite operator='out' in='s'\/%3E%3CfeComposite in2='SourceGraphic'\/%3E%3CfeGaussianBlur stdDeviation='20'\/%3E%3C\/filter%3E%3Cimage width='100%25' height='100%25' x='0' y='0' preserveAspectRatio='none' style='filter: url(%23b);' href='https:\/\/pictures.laprovence.com\/cdn-cgi\/image\/blur=250\/media\/melody\/2025\/10\/02\/les-manifestants-flotille-gaza-1759432452_517c1c6eced86757c1c6eced8797c1v_.jpg'\/%3E%3C\/svg%3E&quot;)\"   src=\"https:\/\/www.europesays.com\/fr\/wp-content\/uploads\/2025\/10\/les-manifestants-flotille-gaza-1759432452_517c1c6eced86757c1c6eced8797c1v_.jpg\"\/>Parmi les personnes arr\u00eat\u00e9es, des \u00e9lus, telle la d\u00e9put\u00e9e europ\u00e9enne LFI Rima Hassan, la militante su\u00e9doise Greta Thunberg mais aussi de simples citoyens, comme Pascal Andr\u00e9, m\u00e9decin urgentiste \u00e0 Rodez, qui voguait sur le Captain Nikos. Photo Nicolas Vallauri \/ La Provence<\/p>\n<p>Cette fois, plus de 400 militants, <a href=\"https:\/\/www.laprovence.com\/article\/france-monde\/2158058522119515\/flottille-pour-la-liberte-le-bateau-de-militants-propalestiniens-dont-2-deputes-lfi-est-arrive-en-israel\" target=\"_blank\" rel=\"noopener\">dont 33 ressortissants fran\u00e7ais, \u00e0 bord de 41 navires, ont \u00e9t\u00e9 arr\u00eat\u00e9s et seront emmen\u00e9s dans une prison isra\u00e9lienne<\/a> en attendant d&rsquo;\u00eatre expuls\u00e9s. Parmi eux, un ancien forestier, Isma\u00efl Wadih, dont le p\u00e8re, Miloudi, un Marseillais, est venu t\u00e9moigner devant la pr\u00e9fecture : \u00ab\u00a0Cette nuit, j&rsquo;ai pu \u00e9changer avec lui jusqu&rsquo;\u00e0 1h du matin, il \u00e9tait calme et courageux, comme toujours\u00a0\u00bb d\u00e9crit-il. \u00ab\u00a0Ensuite, avant d&rsquo;\u00eatre arr\u00eat\u00e9, il a d\u00fb jeter son t\u00e9l\u00e9phone \u00e0 l&rsquo;eau, comme c&rsquo;\u00e9tait la consigne.\u00a0\u00bb<\/p>\n<p>\u00ab\u00a0Ma joie est grande, d\u00e9crit Baptiste Andr\u00e9 au m\u00e9gaphone. Nous n&rsquo;avions jamais pu voguer aussi pr\u00e8s de Gaza, nous avan\u00e7ons vague apr\u00e8s vague pour ouvrir un corridor humanitaire qui ne peut plus attendre.\u00a0\u00bb Mais pour le jeune homme, la \u00ab\u00a0col\u00e8re est aussi immense\u00a0\u00bb, car les \u00ab\u00a0Palestiniens, aujourd&rsquo;hui encore, continuent de mourir sous les bombes. Les pays reconnaissent l&rsquo;Etat de Palestine \u00e0 l&rsquo;ONU mais baissent le regard quand il faut agir concr\u00e8tement\u00a0\u00bb.<\/p>\n<p>Il fustige aussi l&rsquo;arrestation de 120 militants marseillais, qui manifestaient ce jeudi apr\u00e8s-midi devant l&rsquo;entreprise marseillaise Eurolinks, qui \u00ab\u00a0livre du mat\u00e9riel militaire \u00e0 un \u00e9tat g\u00e9nocidaire\u00a0\u00bb. Parmi les personnes interpell\u00e9es \u00e0 Marseille, Florence, la d\u00e9l\u00e9gu\u00e9e fran\u00e7aise de la Global Sumud Flotilla, avec Wave of Freedom.<\/p>\n<p>\u00ab\u00a0N&rsquo;est-on pas dans un pays o\u00f9 l&rsquo;on a le droit de manifester ? C&rsquo;est ill\u00e9gal et injuste\u00a0\u00bb se d\u00e9sesp\u00e8re Ghazali, qui a \u0153uvr\u00e9 \u00e0 ses c\u00f4t\u00e9s tous ces derniers mois. \u00ab\u00a0Nous demandons la lib\u00e9ration des membres de la flottille qui est l&rsquo;incarnation de l&rsquo;espoir pour deux millions d&rsquo;\u00eatres humains.\u00a0\u00bb<\/p>\n<p>De nouveaux bateaux voguent vers Gaza<\/p>\n<p>\u00ab\u00a0Les syndicats en Italie nous montrent l&rsquo;exemple en d\u00e9cr\u00e9tant la gr\u00e8ve g\u00e9n\u00e9rale pour Gaza, exhorte pour sa part Mike, un Irlandais investi \u00e0 la CGT des Bouches-du-Rh\u00f4ne. Pourquoi pas la France ?\u00a0\u00bb<\/p>\n<p>Alors que les manifestants scandent \u00ab\u00a0Palestine vivra, Palestine vaincra\u00a0\u00bb, Sophie, de Thousand Madleens, une autre initiative maritime visant \u00e0 briser le blocus humanitaire en Palestine, invite \u00e0 \u00ab\u00a0garder les yeux\u00a0\u00bb sur ces huit nouveaux bateaux partis de Sicile le 27 septembre, et qui seront rejoints par le Conscience, un plus gros navire sur lequel ont embarqu\u00e9 des m\u00e9decins, des journalistes et d&rsquo;autres militants, mais \u00ab\u00a0surtout \u00e0 ne pas perdre des yeux ce qui se passe \u00e0 Gaza\u00a0\u00bb.\u00a0<\/p>\n","protected":false},"excerpt":{"rendered":"Comme dans de nombreuses villes en France, plus d&rsquo;un millier de personnes se sont rassembl\u00e9es ce jeudi soir,&hellip;\n","protected":false},"author":2,"featured_media":434415,"comment_status":"","ping_status":"","sticky":false,"template":"","format":"standard","meta":{"footnotes":""},"categories":[2814],"tags":[17,1111,11,1102,13413,1777,674,30076,1011,27,884,56217,12,3744,8916,882,25,104,7618],"class_list":{"0":"post-434414","1":"post","2":"type-post","3":"status-publish","4":"format-standard","5":"has-post-thumbnail","7":"category-marseille","8":"tag-17","9":"tag-actu","10":"tag-actualites","11":"tag-breakingnews","12":"tag-devant","13":"tag-eu","14":"tag-europe","15":"tag-flottille","16":"tag-fr","17":"tag-france","18":"tag-marseille","19":"tag-millier","20":"tag-news","21":"tag-personnes","22":"tag-prefecture","23":"tag-provence-alpes-cote-dazur","24":"tag-republique-francaise","25":"tag-societe","26":"tag-soutien"},"share_on_mastodon":{"url":"https:\/\/pubeurope.com\/@fr\/115306255601153526","error":""},"_links":{"self":[{"href":"https:\/\/www.europesays.com\/fr\/wp-json\/wp\/v2\/posts\/434414","targetHints":{"allow":["GET"]}}],"collection":[{"href":"https:\/\/www.europesays.com\/fr\/wp-json\/wp\/v2\/posts"}],"about":[{"href":"https:\/\/www.europesays.com\/fr\/wp-json\/wp\/v2\/types\/post"}],"author":[{"embeddable":true,"href":"https:\/\/www.europesays.com\/fr\/wp-json\/wp\/v2\/users\/2"}],"replies":[{"embeddable":true,"href":"https:\/\/www.europesays.com\/fr\/wp-json\/wp\/v2\/comments?post=434414"}],"version-history":[{"count":0,"href":"https:\/\/www.europesays.com\/fr\/wp-json\/wp\/v2\/posts\/434414\/revisions"}],"wp:featuredmedia":[{"embeddable":true,"href":"https:\/\/www.europesays.com\/fr\/wp-json\/wp\/v2\/media\/434415"}],"wp:attachment":[{"href":"https:\/\/www.europesays.com\/fr\/wp-json\/wp\/v2\/media?parent=434414"}],"wp:term":[{"taxonomy":"category","embeddable":true,"href":"https:\/\/www.europesays.com\/fr\/wp-json\/wp\/v2\/categories?post=434414"},{"taxonomy":"post_tag","embeddable":true,"href":"https:\/\/www.europesays.com\/fr\/wp-json\/wp\/v2\/tags?post=434414"}],"curies":[{"name":"wp","href":"https:\/\/api.w.org\/{rel}","templated":true}]}}