{"id":434416,"date":"2025-10-02T19:36:15","date_gmt":"2025-10-02T19:36:15","guid":{"rendered":"https:\/\/www.europesays.com\/fr\/434416\/"},"modified":"2025-10-02T19:36:15","modified_gmt":"2025-10-02T19:36:15","slug":"2-milliards-pour-la-modernisation-du-reseau-metro-dici-2040","status":"publish","type":"post","link":"https:\/\/www.europesays.com\/fr\/434416\/","title":{"rendered":"2\u00a0milliards pour la modernisation du r\u00e9seau m\u00e9tro d\u2019ici 2040"},"content":{"rendered":"<p>C\u2019\u00e9tait le \u00ab\u00a0gros morceau\u00a0\u00bb du conseil d\u2019administration du Sytral, autorit\u00e9 organisatrice des transports en commun lyonnais, r\u00e9uni ce jeudi \u00e0 Lyon\u00a0: l\u2019approbation du plan de mobilit\u00e9 des territoires lyonnais. Au global, entre 5 et 5,8\u00a0milliards d\u2019euros sont cibl\u00e9s pour les projets structurants de transports collectifs port\u00e9s par Sytral Mobilit\u00e9s et 1,5\u00a0million d\u2019euros pour accompagner les changements de pratiques de mobilit\u00e9.<\/p>\n<p>Parmi les principaux projets inclus dans le plan figure la modernisation du r\u00e9seau de m\u00e9tro, pour 2\u00a0milliards d\u2019euros. Un th\u00e8me qui a fait r\u00e9agir <a href=\"https:\/\/www.leprogres.fr\/p\/pierre-oliver\" target=\"_blank\" rel=\"noopener\">Pierre Oliver<\/a>, qui s\u2019est abstenu lors du vote (1). Le maire LR du 2 e , si\u00e9geant au Sytral, a regrett\u00e9 le fait qu\u2019il n\u2019y ait \u00ab\u00a0pas de nouveaux d\u00e9veloppements, pas de nouvelles lignes\u00a0\u00bb de m\u00e9tro.<\/p>\n<p>  \u00ab\u00a0Nous avons fait ce choix\u00a0\u00bb<\/p>\n<p>Ce \u00e0 quoi l\u2019\u00e9cologiste Jean-Charles Kohlhaas, 1er vice-pr\u00e9sident, a r\u00e9pondu\u00a0: \u00ab\u00a0Dans les quinze ans qui viennent, le Sytral n\u2019aura pas les moyens de faire des lignes suppl\u00e9mentaires, nous avons fait ce choix\u00a0\u00bb, a-t-il not\u00e9, mettant entre autres en avant le d\u00e9veloppement de lignes de tramways, pour une desserte plus large des territoires. \u00ab\u00a0Promettre beaucoup plus, c\u2019est de la d\u00e9magogie\u00a0\u00bb.<\/p>\n<p class=\"note\">(1) Le dossier a \u00e9t\u00e9 vot\u00e9 avec deux abstentions.<\/p>\n","protected":false},"excerpt":{"rendered":"C\u2019\u00e9tait le \u00ab\u00a0gros morceau\u00a0\u00bb du conseil d\u2019administration du Sytral, autorit\u00e9 organisatrice des transports en commun lyonnais, r\u00e9uni ce&hellip;\n","protected":false},"author":2,"featured_media":434417,"comment_status":"","ping_status":"","sticky":false,"template":"","format":"standard","meta":{"footnotes":""},"categories":[1889],"tags":[1111,11,2430,2757,1777,674,1011,27,2428,2756,12,25,2429,10213,2803],"class_list":{"0":"post-434416","1":"post","2":"type-post","3":"status-publish","4":"format-standard","5":"has-post-thumbnail","7":"category-lyon","8":"tag-actu","9":"tag-actualites","10":"tag-auvergne-rhone-alpes","11":"tag-edition-lyon-villeurbanne","12":"tag-eu","13":"tag-europe","14":"tag-fr","15":"tag-france","16":"tag-lyon","17":"tag-lyon-bassin","18":"tag-news","19":"tag-republique-francaise","20":"tag-rhone","21":"tag-tcl","22":"tag-transport"},"share_on_mastodon":{"url":"https:\/\/pubeurope.com\/@fr\/115306259113914710","error":""},"_links":{"self":[{"href":"https:\/\/www.europesays.com\/fr\/wp-json\/wp\/v2\/posts\/434416","targetHints":{"allow":["GET"]}}],"collection":[{"href":"https:\/\/www.europesays.com\/fr\/wp-json\/wp\/v2\/posts"}],"about":[{"href":"https:\/\/www.europesays.com\/fr\/wp-json\/wp\/v2\/types\/post"}],"author":[{"embeddable":true,"href":"https:\/\/www.europesays.com\/fr\/wp-json\/wp\/v2\/users\/2"}],"replies":[{"embeddable":true,"href":"https:\/\/www.europesays.com\/fr\/wp-json\/wp\/v2\/comments?post=434416"}],"version-history":[{"count":0,"href":"https:\/\/www.europesays.com\/fr\/wp-json\/wp\/v2\/posts\/434416\/revisions"}],"wp:featuredmedia":[{"embeddable":true,"href":"https:\/\/www.europesays.com\/fr\/wp-json\/wp\/v2\/media\/434417"}],"wp:attachment":[{"href":"https:\/\/www.europesays.com\/fr\/wp-json\/wp\/v2\/media?parent=434416"}],"wp:term":[{"taxonomy":"category","embeddable":true,"href":"https:\/\/www.europesays.com\/fr\/wp-json\/wp\/v2\/categories?post=434416"},{"taxonomy":"post_tag","embeddable":true,"href":"https:\/\/www.europesays.com\/fr\/wp-json\/wp\/v2\/tags?post=434416"}],"curies":[{"name":"wp","href":"https:\/\/api.w.org\/{rel}","templated":true}]}}