{"id":434420,"date":"2025-10-02T19:39:27","date_gmt":"2025-10-02T19:39:27","guid":{"rendered":"https:\/\/www.europesays.com\/fr\/434420\/"},"modified":"2025-10-02T19:39:27","modified_gmt":"2025-10-02T19:39:27","slug":"prix-litteraire-des-lyceens-2025-2026-les-ouvrages-en-competition","status":"publish","type":"post","link":"https:\/\/www.europesays.com\/fr\/434420\/","title":{"rendered":"Prix litt\u00e9raire des lyc\u00e9ens 2025-2026 : les ouvrages en comp\u00e9tition"},"content":{"rendered":"<p><img loading=\"lazy\" decoding=\"async\" alt=\"\u00a9Shutterstock - Les lyc\u00e9ens de plus de 30 \u00e9tablissements franciliens \u00e9liront leurs coups de coeur litt\u00e9raire lors de cette ann\u00e9e scolaire 2025-2026.\" data-zoom-src=\"https:\/\/www.europesays.com\/fr\/wp-content\/uploads\/2025\/10\/initial-shutterstock-2608278213.jpg\" data-zoomable=\"\" height=\"702\" src=\"https:\/\/www.europesays.com\/fr\/wp-content\/uploads\/2025\/10\/initial-shutterstock-2608278213.jpg\" width=\"1248\"\/>  <\/p>\n<p class=\"article-desc\">\u00a9Shutterstock &#8211; Les lyc\u00e9ens de plus de 30 \u00e9tablissements franciliens \u00e9liront leurs coups de coeur litt\u00e9raire lors de cette ann\u00e9e scolaire 2025-2026. <\/p>\n<p>Organis\u00e9 chaque ann\u00e9e par la <strong>R\u00e9gion \u00cele-de-France,<\/strong> le<strong> Prix litt\u00e9raire des lyc\u00e9ens<\/strong> permet \u00e0 <strong>pr\u00e8s de 1 000 \u00e9l\u00e8ves i<\/strong>ssus d&rsquo;une <strong>trentaine de classes<\/strong> (de seconde, premi\u00e8re et terminale, en fili\u00e8res g\u00e9n\u00e9rales ou professionnelles) de <a href=\"https:\/\/mesinfos.fr\/75000-paris\/festival-du-livre-de-paris-des-lyceens-des-auteurs-un-prix-litteraire-220474.html\" rel=\"noopener\" target=\"_blank\">lyc\u00e9es franciliens <\/a>de d\u00e9couvrir des <strong>auteurs contemporains<\/strong> et leurs <strong>ouvrages<\/strong>, des romans, recueils de po\u00e9sie et des BD. <\/p>\n<p>Trois gagnants du Prix litt\u00e9raire des lyc\u00e9ens 2025-2026 pour neuf livres en comp\u00e9tition\u00a0 <\/p>\n<p>Pour cette <strong>15e \u00e9dition<\/strong>, les lyc\u00e9ens participants recevront <strong>neuf ouvrages s\u00e9lectionn\u00e9s par le jury,<\/strong> en lice dans trois cat\u00e9gories : <strong>Roman, Po\u00e9sie, Bande dessin\u00e9e.\u00a0<\/strong> <\/p>\n<p>Apr\u00e8s la phase de d\u00e9couverte de ces ouvrages, soit d&rsquo;octobre 2025 \u00e0 mars 2026, les jeunes lecteurs devront <strong>\u00e9lire leurs favoris<\/strong> puis <strong>d\u00e9signer un laur\u00e9at<\/strong> dans chacune des trois cat\u00e9gorie litt\u00e9raires \u00e0 l\u2019issue de l\u2019ann\u00e9e scolaire 2025-2026. <\/p>\n<p>Les ouvrages en lice pour le Prix litt\u00e9raire des lyc\u00e9ens de la R\u00e9gion \u00cele-de-France 2025-2026  <\/p>\n<p>La Petite Bonne de B\u00e9r\u00e9nice Pichat, \u00e9ditions Les Avrils ;<\/p>\n<p>Gamba de Sophie Tavert-Macian, \u00e9ditions Belfond ; <\/p>\n<p>Vivre dans le feu d&rsquo;Antoine Volodine, \u00e9ditions du Seuil. <\/p>\n<p>Je suis fort dans un domaine qui n&rsquo;existe pas de Simon Allonneau, \u00e9ditions Cheyne ; <\/p>\n<p>Sourdre de Zo\u00e9 Besmond de Senneville, \u00e9ditions Ma\u00eblstrom R\u00e9volution ; <\/p>\n<p>La journ\u00e9e du moelleux de L\u00e9o Dekowski, \u00e9ditions Sans Crispation. <\/p>\n<p>Benilan, Petite grande de Lauriane Chapeau et Violette, \u00e9ditions Gl\u00e9nat ; <\/p>\n<p>Carcajou de Eldiablo et Deroche, \u00e9ditions Sarbacane ; <\/p>\n<p>Borboleta de Mathilde Pereira, \u00e9ditions Sarbacane.<\/p>\n<p> <img decoding=\"async\" alt=\"Prix litt\u00e9raire des lyc\u00e9ens 2025-2026 \" class=\"img-size-full\" data-zoomable=\"\" height=\"427\" loading=\"lazy\" src=\"https:\/\/www.europesays.com\/fr\/wp-content\/uploads\/2025\/10\/prix-litteraire-lyceens.jpg\" width=\"760\"\/> <\/p>\n<p>\u00a9 R\u00e9gion \u00cele-de-France  <\/p>\n<p>\u00a0<\/p>\n","protected":false},"excerpt":{"rendered":"\u00a9Shutterstock &#8211; Les lyc\u00e9ens de plus de 30 \u00e9tablissements franciliens \u00e9liront leurs coups de coeur litt\u00e9raire lors de&hellip;\n","protected":false},"author":2,"featured_media":434421,"comment_status":"","ping_status":"","sticky":false,"template":"","format":"standard","meta":{"footnotes":""},"categories":[1592],"tags":[1111,11,1777,674,1011,27,662,2624,12,626,25],"class_list":{"0":"post-434420","1":"post","2":"type-post","3":"status-publish","4":"format-standard","5":"has-post-thumbnail","7":"category-ile-de-france","8":"tag-actu","9":"tag-actualites","10":"tag-eu","11":"tag-europe","12":"tag-fr","13":"tag-france","14":"tag-ile-de-france","15":"tag-littu00e9rature","16":"tag-news","17":"tag-paris","18":"tag-republique-francaise"},"share_on_mastodon":{"url":"https:\/\/pubeurope.com\/@fr\/115306271467913840","error":""},"_links":{"self":[{"href":"https:\/\/www.europesays.com\/fr\/wp-json\/wp\/v2\/posts\/434420","targetHints":{"allow":["GET"]}}],"collection":[{"href":"https:\/\/www.europesays.com\/fr\/wp-json\/wp\/v2\/posts"}],"about":[{"href":"https:\/\/www.europesays.com\/fr\/wp-json\/wp\/v2\/types\/post"}],"author":[{"embeddable":true,"href":"https:\/\/www.europesays.com\/fr\/wp-json\/wp\/v2\/users\/2"}],"replies":[{"embeddable":true,"href":"https:\/\/www.europesays.com\/fr\/wp-json\/wp\/v2\/comments?post=434420"}],"version-history":[{"count":0,"href":"https:\/\/www.europesays.com\/fr\/wp-json\/wp\/v2\/posts\/434420\/revisions"}],"wp:featuredmedia":[{"embeddable":true,"href":"https:\/\/www.europesays.com\/fr\/wp-json\/wp\/v2\/media\/434421"}],"wp:attachment":[{"href":"https:\/\/www.europesays.com\/fr\/wp-json\/wp\/v2\/media?parent=434420"}],"wp:term":[{"taxonomy":"category","embeddable":true,"href":"https:\/\/www.europesays.com\/fr\/wp-json\/wp\/v2\/categories?post=434420"},{"taxonomy":"post_tag","embeddable":true,"href":"https:\/\/www.europesays.com\/fr\/wp-json\/wp\/v2\/tags?post=434420"}],"curies":[{"name":"wp","href":"https:\/\/api.w.org\/{rel}","templated":true}]}}