{"id":434422,"date":"2025-10-02T19:40:13","date_gmt":"2025-10-02T19:40:13","guid":{"rendered":"https:\/\/www.europesays.com\/fr\/434422\/"},"modified":"2025-10-02T19:40:13","modified_gmt":"2025-10-02T19:40:13","slug":"enterrer-son-epouse-faire-mieux-que-jonathann-daval-a-son-proces-cedric-jubillar-tente-de-se-justifier-sur-les-propos-qui-lui-sont-imputes","status":"publish","type":"post","link":"https:\/\/www.europesays.com\/fr\/434422\/","title":{"rendered":"\u00ab\u00a0Enterrer\u00a0\u00bb son \u00e9pouse, faire \u00ab\u00a0mieux\u00a0\u00bb que Jonathann Daval&#8230; A son proc\u00e8s, C\u00e9dric Jubillar tente de se justifier sur les propos qui lui sont imput\u00e9s"},"content":{"rendered":"\n<p class=\"c-chapo \">\n  Trois t\u00e9moins ont rapport\u00e9 jeudi devant la cour d&rsquo;assises du Tarn des phrases troublantes de l&rsquo;accus\u00e9, qui auraient \u00e9t\u00e9 prof\u00e9r\u00e9es, pour certaines, autour de la disparition de Delphine Jubillar en d\u00e9cembre 2020.\n<\/p>\n<p>      lire plus tard<\/p>\n<p id=\"dialog__title\" class=\"dialog__title\">Pour sauvegarder cet article, connectez-vous ou cr\u00e9ez un compte franceinfo<\/p>\n<p class=\"dialog__description\">Sans paiement. Sans abonnement.<\/p>\n<p>        Fermer la fen\u00eatre d\u2019activation des notifications France Info<\/p>\n<p>      cr\u00e9er votre compte<\/p>\n<p>      se connecter<\/p>\n<p>        Fermer la fen\u00eatre de pr\u00e9sentation<\/p>\n<p>    <img loading=\"lazy\" decoding=\"async\" class=\"signature__image lazyload\" width=\"100\" height=\"100\" data- alt=\"\" src=\"https:\/\/www.europesays.com\/fr\/wp-content\/uploads\/2025\/09\/61b8d1207b8f6_juliette-live.png\"\/><\/p>\n<p>    Publi\u00e9 le 02\/10\/2025 20:45<\/p>\n<p>        Temps de lecture : 5min<\/p>\n<p>    <img decoding=\"async\"  alt=\"S\u00e9bastien A., au proc\u00e8s de C\u00e9dric Jubillar, face \u00e0 la cour d'assises du Tarn, le 2 octobre 2025. (ELISABETH DE POURQUERY \/ FRANCE TELEVISIONS)\" width=\"432\" height=\"243\" src=\"https:\/\/www.europesays.com\/fr\/wp-content\/uploads\/2025\/10\/sa-68debac07a5f4360939000.jpg\" fetchpriority=\"high\"\/><\/p>\n<p>      S\u00e9bastien A., au proc\u00e8s de C\u00e9dric Jubillar, face \u00e0 la cour d&rsquo;assises du Tarn, le 2 octobre 2025. (ELISABETH DE POURQUERY \/ FRANCE TELEVISIONS)<\/p>\n<p>Des r\u00e9cits embarrassants pour C\u00e9dric Jubillar se sont accumul\u00e9s \u00e0 la barre, au huiti\u00e8me jour de son proc\u00e8s. Contrairement \u00e0 la journ\u00e9e de mercredi, au cours de laquelle l&rsquo;amie d&rsquo;enfance de Delphine Jubillar a volontairement cherch\u00e9 \u00e0 <a href=\"https:\/\/www.franceinfo.fr\/faits-divers\/disparition-de-delphine-jubillar\/au-proces-de-cedric-jubillar-pour-la-premiere-fois-le-mot-feminicide-est-prononce-a-la-barre_7525906.html\" rel=\"nofollow noopener\" target=\"_blank\">d\u00e9molir l&rsquo;accus\u00e9<\/a>, les auditions, jeudi 2\u00a0octobre, n&rsquo;ont pas \u00e9t\u00e9 aussi ouvertement \u00e0 charge. Mais, ici et l\u00e0, des phrases tant\u00f4t inqui\u00e9tantes, tant\u00f4t mena\u00e7antes, imput\u00e9es \u00e0 l&rsquo;accus\u00e9, ont r\u00e9sonn\u00e9 dans la salle d&rsquo;audience de la cour d&rsquo;assises du Tarn.<\/p>\n<p>En d\u00e9but de journ\u00e9e, Val\u00e9rie\u00a0G., l&rsquo;assistante maternelle qui s&rsquo;occupait des enfants du couple, relate ainsi une violente dispute entre C\u00e9dric Jubillar et son \u00e9pouse, alors enceinte de leur fille, Elyah. \u00ab\u00a0Il \u00e9tait tr\u00e8s en col\u00e8re. Il a pris son fils par le bras et lui a dit\u00a0: &lsquo;T&rsquo;as vu ta connasse de m\u00e8re, qu&rsquo;elle aille se faire enculer'\u00a0\u00bb. Delphine Jubillar aurait alors baiss\u00e9 la t\u00eate.\u00a0<\/p>\n<p>Au d\u00e9tour d&rsquo;une question d&rsquo;une avocate de parties civiles, Val\u00e9rie\u00a0G. se rem\u00e9more un autre moment. Un soir, alors que C\u00e9dric Jubillar rentre, un reportage sur Jonathann Daval, <a href=\"https:\/\/www.franceinfo.fr\/economie\/emploi\/metiers\/droit-et-justice\/proces-daval-jonathann-condamne-a-25-ans-il-ne-fera-pas-appel_4191225.html\" rel=\"nofollow noopener\" target=\"_blank\">condamn\u00e9 \u00e0 25 ans de prison pour le f\u00e9minicide de son \u00e9pouse<\/a>, est diffus\u00e9 \u00e0 la t\u00e9l\u00e9. \u00ab\u00a0Je dis\u00a0: &lsquo;C&rsquo;est malheureux pour la dame, pour Alexia&rsquo;. Il se retourne et me dit\u00a0: &lsquo;Oh, il n&rsquo;est pas malin\u00a0! J&rsquo;aurais fait mieux que \u00e7a, on ne l&rsquo;aurait jamais retrouv\u00e9e\u00a0!\u00a0\u00bb, rapporte la t\u00e9moin, \u00ab\u00a0choqu\u00e9e\u00a0\u00bb par ces propos. \u00ab\u00a0Et six mois apr\u00e8s, sa femme dispara\u00eet\u00a0\u00bb, observe l&rsquo;assistante maternelle \u00e0 la barre. \u00ab\u00a0\u00c7a fait dr\u00f4le.\u00a0\u00bb<\/p>\n<p>Malaise dans la salle.\u00a0Interrog\u00e9 sur ce point, l&rsquo;accus\u00e9 de 38\u00a0ans, debout dans son box, assure n&rsquo;avoir jamais tenu de tels propos, ajoutant\u00a0: \u00ab\u00a0Je ne vois pas ce qu&rsquo;elle faisait devant la t\u00e9l\u00e9 avec mes enfants\u00a0\u00bb.<\/p>\n<p>Les t\u00e9moins, pr\u00e9sent\u00e9s comme des connaissances de l&rsquo;accus\u00e9, d\u00e9filent. Il s&rsquo;agit de jeunes adultes, encore adolescents lorsqu&rsquo;ils c\u00f4toyaient C\u00e9dric Jubillar avant son incarc\u00e9ration. Malcom\u00a0A., 24\u00a0ans, Adrien\u00a0F. et Loan\u00a0R., tous deux 22\u00a0ans. Les trois hommes ne disent rien de particuli\u00e8rement \u00e0 charge, mais rien de flatteur non plus. \u00ab\u00a0C&rsquo;\u00e9tait une personne un peu arrogante, qui avait tout vu, tout fait\u00a0\u00bb, glisse l&rsquo;un d&rsquo;eux.\u00a0<\/p>\n<p>Et puis, la pr\u00e9sidente de la cour proc\u00e8de \u00e0 la lecture du t\u00e9moignage de Sofiane\u00a0E., un proche de l&rsquo;accus\u00e9. Il avait 16\u00a0ans lorsqu&rsquo;il a \u00e9t\u00e9 auditionn\u00e9 par les enqu\u00eateurs. Tous deux discutaient dans le jardin du couple Jubillar, quelques jours avant la disparition de l&rsquo;infirmi\u00e8re. \u00ab\u00a0\u00c7a ne se passe pas bien, j&rsquo;ai envie de la tuer\u00a0\u00bb, aurait alors confi\u00e9 C\u00e9dric Jubillar \u00e0 son interlocuteur, ajoutant vouloir \u00ab\u00a0enterrer\u00a0\u00bb son \u00e9pouse.<\/p>\n<p>Interrog\u00e9, l&rsquo;accus\u00e9, toujours s\u00fbr de lui, estime qu&rsquo;il a pu effectivement dire qu&rsquo;il allait tuer sa femme\u00a0: \u00ab\u00a0C&rsquo;est une expression que j&rsquo;utilise tout le temps, mais ce n&rsquo;est pas pour autant que je l&rsquo;ai fait\u00a0\u00bb. Il r\u00e9fute toutefois fermement avoir parl\u00e9 de l'\u00a0\u00bbenterrer\u00a0\u00bb.<\/p>\n<p>Son ami et dealer S\u00e9bastien\u00a0A., int\u00e9rimaire de 36\u00a0ans, est l&rsquo;un des rares \u00e0 dresser un portrait \u00e0 peu pr\u00e8s positif de l&rsquo;accus\u00e9. Il le d\u00e9crit comme \u00ab\u00a0grande gueule\u00a0\u00bb. \u00ab\u00a0C\u00e9dric, c&rsquo;est comme un caniche qui aboie, mais il ne mord pas. \u00c7a restait quelqu&rsquo;un de sympathique\u00a0\u00bb, souligne-t-il. \u00ab\u00a0Sur quelque chose qui ne va pas lui plaire, il va vite s&rsquo;\u00e9nerver en haussant la voix. Mais pas plus que \u00e7a. \u00c7a redescendait relativement vite derri\u00e8re\u00a0\u00bb, assure-t-il.<\/p>\n<p>Sa d\u00e9position semble enfin aller dans le sens de la d\u00e9fense. Et puis, la pr\u00e9sidente rappelle qu&rsquo;il avait affirm\u00e9 en audition que C\u00e9dric Jubillar lui avait d\u00e9clar\u00e9, le 17 d\u00e9cembre 2020 au soir, au lendemain de la disparition de sa compagne\u00a0: \u00ab\u00a0Evidemment, c&rsquo;est moi qui l&rsquo;ai tu\u00e9e\u00a0!\u00a0\u00bb G\u00ean\u00e9, S\u00e9bastien\u00a0A. tente de minimiser \u00e0 la barre\u00a0: \u00ab\u00a0La mani\u00e8re dont il l&rsquo;a dit, j&rsquo;ai compris que ce n&rsquo;\u00e9tait pas lui\u00a0\u00bb.\u00a0<\/p>\n<p>Questionn\u00e9 par la pr\u00e9sidente, l&rsquo;int\u00e9ress\u00e9 affirme avoir tenu ses propos \u00ab\u00a0sur le ton de l&rsquo;ironie\u00a0\u00bb. A ce moment-l\u00e0, justifie C\u00e9dric Jubillar, il \u00e9tait sous pression\u00a0: les gendarmes le suspectaient d\u00e9j\u00e0, selon lui, d&rsquo;avoir tu\u00e9 son \u00e9pouse. Philippe Pressecq, avocat d&rsquo;une cousine de Delphine Jubillar, note pourtant qu&rsquo;il n&rsquo;a \u00e9t\u00e9 entendu qu&rsquo;une fois le 16\u00a0d\u00e9cembre par les gendarmes, \u00ab\u00a0de 13h30 \u00e0 13h50\u00a0\u00bb. C\u00e9dric Jubillar assure qu&rsquo;il a \u00e9t\u00e9 interrog\u00e9 \u00e0 plusieurs reprises ce jour-l\u00e0. \u00ab\u00a0Je n&rsquo;ai pas tu\u00e9 Delphine, c&rsquo;est la certitude\u00a0\u00bb, insiste-t-il. Il reste encore plusieurs jours d&rsquo;audience aux jur\u00e9s pour en juger.\u00a0<\/p>\n","protected":false},"excerpt":{"rendered":"Trois t\u00e9moins ont rapport\u00e9 jeudi devant la cour d&rsquo;assises du Tarn des phrases troublantes de l&rsquo;accus\u00e9, qui auraient&hellip;\n","protected":false},"author":2,"featured_media":434423,"comment_status":"","ping_status":"","sticky":false,"template":"","format":"standard","meta":{"footnotes":""},"categories":[1888],"tags":[1111,1928,11,1927,1777,674,1011,27,12,1926,626,1925,25],"class_list":{"0":"post-434422","1":"post","2":"type-post","3":"status-publish","4":"format-standard","5":"has-post-thumbnail","7":"category-paris","8":"tag-actu","9":"tag-actu-paris","10":"tag-actualites","11":"tag-actualites-paris","12":"tag-eu","13":"tag-europe","14":"tag-fr","15":"tag-france","16":"tag-news","17":"tag-news-paris","18":"tag-paris","19":"tag-paris-news","20":"tag-republique-francaise"},"share_on_mastodon":{"url":"https:\/\/pubeurope.com\/@fr\/115306274932896626","error":""},"_links":{"self":[{"href":"https:\/\/www.europesays.com\/fr\/wp-json\/wp\/v2\/posts\/434422","targetHints":{"allow":["GET"]}}],"collection":[{"href":"https:\/\/www.europesays.com\/fr\/wp-json\/wp\/v2\/posts"}],"about":[{"href":"https:\/\/www.europesays.com\/fr\/wp-json\/wp\/v2\/types\/post"}],"author":[{"embeddable":true,"href":"https:\/\/www.europesays.com\/fr\/wp-json\/wp\/v2\/users\/2"}],"replies":[{"embeddable":true,"href":"https:\/\/www.europesays.com\/fr\/wp-json\/wp\/v2\/comments?post=434422"}],"version-history":[{"count":0,"href":"https:\/\/www.europesays.com\/fr\/wp-json\/wp\/v2\/posts\/434422\/revisions"}],"wp:featuredmedia":[{"embeddable":true,"href":"https:\/\/www.europesays.com\/fr\/wp-json\/wp\/v2\/media\/434423"}],"wp:attachment":[{"href":"https:\/\/www.europesays.com\/fr\/wp-json\/wp\/v2\/media?parent=434422"}],"wp:term":[{"taxonomy":"category","embeddable":true,"href":"https:\/\/www.europesays.com\/fr\/wp-json\/wp\/v2\/categories?post=434422"},{"taxonomy":"post_tag","embeddable":true,"href":"https:\/\/www.europesays.com\/fr\/wp-json\/wp\/v2\/tags?post=434422"}],"curies":[{"name":"wp","href":"https:\/\/api.w.org\/{rel}","templated":true}]}}