{"id":434424,"date":"2025-10-02T19:41:15","date_gmt":"2025-10-02T19:41:15","guid":{"rendered":"https:\/\/www.europesays.com\/fr\/434424\/"},"modified":"2025-10-02T19:41:15","modified_gmt":"2025-10-02T19:41:15","slug":"parcours-horaires-perturbations-tout-savoir-sur-la-greve-du-2-octobre-a-paris","status":"publish","type":"post","link":"https:\/\/www.europesays.com\/fr\/434424\/","title":{"rendered":"Parcours, horaires, perturbations\u00a0: tout savoir sur la gr\u00e8ve du 2 octobre \u00e0 Paris"},"content":{"rendered":"<p class=\"p1\">Pour cette nouvelle manifestation, oubliez le sempiternel trajet Bastille\u2013R\u00e9publique. Ce <b>jeudi 2 octobre<\/b>, le cort\u00e8ge parisien s\u2019offre un coup de neuf\u00a0: d\u00e9part <b>Place d\u2019Italie (13e) \u00e0 14h<\/b>, direction <b>Place Vauban (7e)<\/b>, en passant par les <b>Gobelins<\/b> et <b>Montparnasse<\/b>.<\/p>\n<p>&#13;<\/p>\n<p class=\"p2\">Un <b>parcours long de 4,5 km<\/b> valid\u00e9 par la pr\u00e9fecture, et d\u00e9j\u00e0 emprunt\u00e9 lors des grandes mobilisations contre la loi Travail en 2016 ou la r\u00e9forme des retraites en 2023, signe que l\u2019intersyndicale comme les autorit\u00e9s s\u2019attendent \u00e0 une <b>forte affluence<\/b> ce jeudi. <\/p>\n<p>&#13;<\/p>\n<blockquote class=\"twitter-tweet\"><p>&#13;<\/p>\n<p lang=\"fr\" dir=\"ltr\">\ud83d\udd34 La manifestation parisienne du 2 Octobre d\u00e9marre \u00e0 14h Place d\u2019Italie. <\/p>\n<p>L\u2019ordre des syndicats\u00a0: <\/p>\n<p>CGT &#8211; Jeunes &#8211; FSU &#8211; CFDT &#8211; FO &#8211; UNSA &#8211; CGC &#8211; CFTC &#8211; Solidaires &#8211; <\/p>\n<p>Rendez-vous \u00e0 12h sur le Parvis de la Gare du Nord, pour une nouvelle grande AG Bloquons tout et un cort\u00e8ge\u2026<\/p>\n<p>&#13;<br \/>\n\u2014 Anasse Kazib (@AnasseKazib) <a href=\"https:\/\/twitter.com\/AnasseKazib\/status\/1972654666988069298?ref_src=twsrc%5Etfw\" rel=\"nofollow noopener\" target=\"_blank\">September 29, 2025<\/a><\/p><\/blockquote>\n<p>&#13;<br \/>\n&#13;<\/p>\n<p class=\"p2\">Un <strong>dispositif de circulation<\/strong> sera mis en place autour du parcours de la manifestation. Les automobilistes devront anticiper des <strong>perturbations<\/strong> et les <strong>d\u00e9viations<\/strong> tout au long de l&rsquo;apr\u00e8s-midi, notamment aux abords de la Place d&rsquo;Italie et du quartier des Gobelins au d\u00e9part puis dans le 7\u1d49 arrondissement \u00e0 l&rsquo;arriv\u00e9e. <\/p>\n<p>&#13;<\/p>\n<p class=\"p2\">Les <a href=\"https:\/\/www.lebonbon.fr\/paris\/news\/metro-greves-septembre-paris\/\" rel=\"nofollow noopener\" target=\"_blank\"><strong>transports en commun<\/strong> risquent \u00e9galement d&rsquo;\u00eatre fortement perturb\u00e9s<\/a>, avec des stations de m\u00e9tro comme Les Gobelins (ligne 7), Vavin (ligne 4), Duroc (lignes 10 et 13) ou Saint-Fran\u00e7ois Xavier (ligne 13) potentiellement ferm\u00e9es le long du cort\u00e8ge pour des raisons de s\u00e9curit\u00e9.\u00a0<\/p>\n<p>&#13;<br \/>\n<b><br \/><\/b>Une mobilisation interprofessionnelle d\u2019ampleur&#13;<\/p>\n<p class=\"p1\">Un <b>jeudi 2 octobre<\/b> qui pourrait bien ressembler \u00e0 un <b>\u00ab\u00a0jeudi noir\u00a0\u00bb.<\/b> Et pour cause, l\u2019intersyndicale, compos\u00e9e de huit organisations syndicales (CFDT, CGT, FO, CFE-CGC, CFTC, UNSA, FSU et Solidaires), appelle \u00e0 amplifier la mobilisation <a href=\"https:\/\/www.lebonbon.fr\/paris\/news\/greve-18-septembre-metro-paris\/\" rel=\"nofollow noopener\" target=\"_blank\">apr\u00e8s une premi\u00e8re mobilisation r\u00e9ussie<\/a> il y a tout juste deux semaines puis l\u2019\u00e9chec des discussions avec le Premier ministre S\u00e9bastien Lecornu le 24 septembre \u00e0 Matignon.<\/p>\n<p>&#13;<\/p>\n<blockquote class=\"instagram-media\" data-instgrm-permalink=\"https:\/\/www.instagram.com\/p\/DOwBIGfDMro\/?utm_source=ig_embed&amp;utm_campaign=loading\" data-instgrm-version=\"14\" style=\"background: #FFF; border: 0; border-radius: 3px; box-shadow: 0 0 1px 0 rgba(0,0,0,0.5),0 1px 10px 0 rgba(0,0,0,0.15); margin: 1px; max-width: 540px; min-width: 326px; padding: 0; width: calc(100% - 2px);\"><p>&#13;<br \/>\n&#13;\n<\/p><\/blockquote>\n<p>&#13;<br \/>\n&#13;<\/p>\n<p class=\"p1\">Pour rappel\u00a0: le 18 septembre, la manifestation avait rassembl\u00e9 pas moins de <b>55 000<\/b> personnes \u00e0 Paris (selon la police), et <b>jusqu\u2019\u00e0 1 million<\/b> partout en France (selon les syndicats). Autant dire que ce jeudi, <b>la rue pourrait faire du bruit, et pas qu\u2019un peu<\/b>.\u00a0Au menu\u00a0: <b>salaires bloqu\u00e9s<\/b>, <b>h\u00f4pitaux \u00e0 bout<\/b>, <b>\u00e9coles qui craquent<\/b>, <b>SNCF qui rame,<\/b>\u00a0le tout saupoudr\u00e9 d\u2019un <b>budget 2025 jug\u00e9 \u00ab\u00a0toxique\u00a0\u00bb<\/b> par les syndicats. <\/p>\n<p>&#13;<br \/>\n<strong><br \/><\/strong>Un contexte social explosif&#13;<\/p>\n<p class=\"p1\">Ajoutez \u00e0 cela une pinc\u00e9e de <b>vacance du pouvoir<\/b> (toujours pas de gouvernement nomm\u00e9 depuis\u2026bient\u00f4t 3 semaines) et une <strong>m\u00e9t\u00e9o qui s&rsquo;annonce radieuse<\/strong> (19\u00b0C et grand soleil), et vous avez le <a href=\"https:\/\/www.lebonbon.fr\/paris\/news\/retour-greve-paris-octobre\/\" rel=\"nofollow noopener\" target=\"_blank\">cocktail parfait pour un jeudi bien bien chaud<\/a>. De l\u00e0 \u00e0 nous faire dire qu&rsquo;il y aura plus de monde dans la rue que dans les bureaux, il n&rsquo;y a qu&rsquo;un pas&#8230; <\/p>\n<p>&#13;<\/p>\n<p class=\"p1\">Les <strong>pr\u00e9visions <\/strong><b>trafic<\/b> seront disponibles\u00a0la veille au soir vers 18h sur le site SNCF Connect et sur les applications de la RATP\u00a0!\u00a0<\/p>\n<p><script async src=\"https:\/\/platform.twitter.com\/widgets.js\" charset=\"utf-8\"><\/script><script async src=\"\/\/www.instagram.com\/embed.js\"><\/script><\/p>\n","protected":false},"excerpt":{"rendered":"Pour cette nouvelle manifestation, oubliez le sempiternel trajet Bastille\u2013R\u00e9publique. Ce jeudi 2 octobre, le cort\u00e8ge parisien s\u2019offre un&hellip;\n","protected":false},"author":2,"featured_media":434425,"comment_status":"","ping_status":"","sticky":false,"template":"","format":"standard","meta":{"footnotes":""},"categories":[1888],"tags":[1111,1928,11,1927,1777,674,1011,27,12,1926,626,1925,25],"class_list":{"0":"post-434424","1":"post","2":"type-post","3":"status-publish","4":"format-standard","5":"has-post-thumbnail","7":"category-paris","8":"tag-actu","9":"tag-actu-paris","10":"tag-actualites","11":"tag-actualites-paris","12":"tag-eu","13":"tag-europe","14":"tag-fr","15":"tag-france","16":"tag-news","17":"tag-news-paris","18":"tag-paris","19":"tag-paris-news","20":"tag-republique-francaise"},"share_on_mastodon":{"url":"https:\/\/pubeurope.com\/@fr\/115306278666709835","error":""},"_links":{"self":[{"href":"https:\/\/www.europesays.com\/fr\/wp-json\/wp\/v2\/posts\/434424","targetHints":{"allow":["GET"]}}],"collection":[{"href":"https:\/\/www.europesays.com\/fr\/wp-json\/wp\/v2\/posts"}],"about":[{"href":"https:\/\/www.europesays.com\/fr\/wp-json\/wp\/v2\/types\/post"}],"author":[{"embeddable":true,"href":"https:\/\/www.europesays.com\/fr\/wp-json\/wp\/v2\/users\/2"}],"replies":[{"embeddable":true,"href":"https:\/\/www.europesays.com\/fr\/wp-json\/wp\/v2\/comments?post=434424"}],"version-history":[{"count":0,"href":"https:\/\/www.europesays.com\/fr\/wp-json\/wp\/v2\/posts\/434424\/revisions"}],"wp:featuredmedia":[{"embeddable":true,"href":"https:\/\/www.europesays.com\/fr\/wp-json\/wp\/v2\/media\/434425"}],"wp:attachment":[{"href":"https:\/\/www.europesays.com\/fr\/wp-json\/wp\/v2\/media?parent=434424"}],"wp:term":[{"taxonomy":"category","embeddable":true,"href":"https:\/\/www.europesays.com\/fr\/wp-json\/wp\/v2\/categories?post=434424"},{"taxonomy":"post_tag","embeddable":true,"href":"https:\/\/www.europesays.com\/fr\/wp-json\/wp\/v2\/tags?post=434424"}],"curies":[{"name":"wp","href":"https:\/\/api.w.org\/{rel}","templated":true}]}}