{"id":434430,"date":"2025-10-02T19:44:11","date_gmt":"2025-10-02T19:44:11","guid":{"rendered":"https:\/\/www.europesays.com\/fr\/434430\/"},"modified":"2025-10-02T19:44:11","modified_gmt":"2025-10-02T19:44:11","slug":"poutine-denonce-un-acte-de-piraterie-apres-larraisonnement-par-la-france-dun-petrolier-suspecte-detre-russe-liberation","status":"publish","type":"post","link":"https:\/\/www.europesays.com\/fr\/434430\/","title":{"rendered":"Poutine d\u00e9nonce un \u00abacte de piraterie\u00bb apr\u00e8s l\u2019arraisonnement par la France d\u2019un p\u00e9trolier suspect\u00e9 d\u2019\u00eatre Russe \u2013 Lib\u00e9ration"},"content":{"rendered":"<p class=\"sc-cPiKLX AiZTS text-element\">Un acte de \u00abpiraterie\u00bb. Le pr\u00e9sident russe Vladimir Poutine a critiqu\u00e9 vertement, ce jeudi 2 octobre, <a href=\"https:\/\/www.liberation.fr\/international\/europe\/survol-de-drones-au-danemark-enquete-ouverte-sur-un-petrolier-de-la-flotte-fantome-russe-stationne-au-large-de-saint-nazaire-20251001_K7QK42WZOFHGJJKNESVIVTLI7M\/\" target=\"_blank\" rel=\"noopener\" title=\"https:\/\/www.liberation.fr\/international\/europe\/survol-de-drones-au-danemark-enquete-ouverte-sur-un-petrolier-de-la-flotte-fantome-russe-stationne-au-large-de-saint-nazaire-20251001_K7QK42WZOFHGJJKNESVIVTLI7M\/\">l\u2019interception au large des c\u00f4tes fran\u00e7aises<\/a>, en fin de semaine derni\u00e8re, d\u2019un navire suspect\u00e9 de faire partie de la flotte fant\u00f4me russe. \u00abLe p\u00e9trolier a \u00e9t\u00e9 arraisonn\u00e9 dans les eaux neutres, sans aucun fondement. Visiblement, ils cherchaient quelque chose, des marchandises militaires, des drones, ou des choses comme \u00e7a. Mais il n\u2019y a rien de \u00e7a l\u00e0-bas\u00bb, a d\u00e9clar\u00e9 le chef du Kremlin lors d\u2019un forum de discussions depuis Sotchi, dans le sud-ouest de la Russie. <\/p>\n<p class=\"sc-cPiKLX AiZTS text-element\">Vladimir Poutine, qui a par ailleurs estim\u00e9 que l\u2019interception \u00e9tait une tentative des autorit\u00e9s fran\u00e7aises \u00abde d\u00e9tourner l\u2019attention\u00bb de la population alors que le pays est dans \u00abune situation de politique int\u00e9rieure difficile\u00bb, n\u2019a pas confirm\u00e9 que le bateau appartenait \u00e0 la Russie. \u00abLe p\u00e9trolier \u00e9tait sous le pavillon d\u2019un pays tiers, en effet, avec un \u00e9quipage international. Honn\u00eatement, je ne sais dans quelle mesure il est li\u00e9 \u00e0 la Russie\u00bb, a-t-il pr\u00e9tendu. La \u00abflotte fant\u00f4me\u00bb est <a href=\"https:\/\/www.liberation.fr\/international\/europe\/les-petroliers-fantomes-russes-une-flotte-qui-defie-loccident-20250209_NMLS6JEY2VAUVNJR6W7E45QORA\/\" target=\"_blank\" rel=\"noopener\" title=\"https:\/\/www.liberation.fr\/international\/europe\/les-petroliers-fantomes-russes-une-flotte-qui-defie-loccident-20250209_NMLS6JEY2VAUVNJR6W7E45QORA\/\">le principal instrument de Moscou pour contourner les sanctions sur le p\u00e9trole<\/a>. On estime qu\u2019elle est compos\u00e9e d\u2019environ un millier d\u2019embarcations, qui changent r\u00e9guli\u00e8rement de pavillon et acheminent le p\u00e9trole russe \u00e0 ceux qui continuent d\u2019en acheter malgr\u00e9 les sanctions internationales. <\/p>\n<p class=\"sc-cPiKLX AiZTS text-element\">Emmanuel Macron a appel\u00e9 ce jeudi les Europ\u00e9ens \u00e0 franchir \u00abun pas\u00bb dans \u00abla politique d\u2019entrave\u00bb de cette flotte fant\u00f4me. \u00abIl est extr\u00eamement important d\u2019accro\u00eetre la pression sur la flotte fant\u00f4me parce que \u00e7a r\u00e9duit clairement la capacit\u00e9 de la Russie \u00e0 financer son effort de guerre\u00bb en Ukraine, <a href=\"https:\/\/www.liberation.fr\/international\/europe\/les-drones-violant-lespace-aerien-europeen-peuvent-etre-detruits-declare-emmanuel-macron-20251002_3LYPY7LTYVFP7CWEYHVHB3PGMA\/\" target=\"_blank\" rel=\"noopener\" title=\"https:\/\/www.liberation.fr\/international\/europe\/les-drones-violant-lespace-aerien-europeen-peuvent-etre-detruits-declare-emmanuel-macron-20251002_3LYPY7LTYVFP7CWEYHVHB3PGMA\/\">a fait valoir le pr\u00e9sident de la R\u00e9publique \u00e0 Copenhague<\/a>, o\u00f9 se tenait un sommet de chefs d\u2019Etat et de gouvernement europ\u00e9ens. \u00abDans les prochains jours, nos chefs d\u2019\u00e9tat-major, en coordination avec l\u2019OTAN, dans le cadre de la Coalition des volontaires, se r\u00e9uniront pour b\u00e2tir des actions communes\u00bb, a-t-il annonc\u00e9. <\/p>\n","protected":false},"excerpt":{"rendered":"Un acte de \u00abpiraterie\u00bb. Le pr\u00e9sident russe Vladimir Poutine a critiqu\u00e9 vertement, ce jeudi 2 octobre, l\u2019interception au&hellip;\n","protected":false},"author":2,"featured_media":434431,"comment_status":"","ping_status":"","sticky":false,"template":"","format":"standard","meta":{"footnotes":""},"categories":[1591],"tags":[11,1887,12,1885,1886,132,135],"class_list":{"0":"post-434430","1":"post","2":"type-post","3":"status-publish","4":"format-standard","5":"has-post-thumbnail","7":"category-russie","8":"tag-actualites","9":"tag-federation-de-russie","10":"tag-news","11":"tag-russia","12":"tag-russian-federation","13":"tag-russie","14":"tag-vladimir-poutine"},"share_on_mastodon":{"url":"https:\/\/pubeurope.com\/@fr\/115306290489432764","error":""},"_links":{"self":[{"href":"https:\/\/www.europesays.com\/fr\/wp-json\/wp\/v2\/posts\/434430","targetHints":{"allow":["GET"]}}],"collection":[{"href":"https:\/\/www.europesays.com\/fr\/wp-json\/wp\/v2\/posts"}],"about":[{"href":"https:\/\/www.europesays.com\/fr\/wp-json\/wp\/v2\/types\/post"}],"author":[{"embeddable":true,"href":"https:\/\/www.europesays.com\/fr\/wp-json\/wp\/v2\/users\/2"}],"replies":[{"embeddable":true,"href":"https:\/\/www.europesays.com\/fr\/wp-json\/wp\/v2\/comments?post=434430"}],"version-history":[{"count":0,"href":"https:\/\/www.europesays.com\/fr\/wp-json\/wp\/v2\/posts\/434430\/revisions"}],"wp:featuredmedia":[{"embeddable":true,"href":"https:\/\/www.europesays.com\/fr\/wp-json\/wp\/v2\/media\/434431"}],"wp:attachment":[{"href":"https:\/\/www.europesays.com\/fr\/wp-json\/wp\/v2\/media?parent=434430"}],"wp:term":[{"taxonomy":"category","embeddable":true,"href":"https:\/\/www.europesays.com\/fr\/wp-json\/wp\/v2\/categories?post=434430"},{"taxonomy":"post_tag","embeddable":true,"href":"https:\/\/www.europesays.com\/fr\/wp-json\/wp\/v2\/tags?post=434430"}],"curies":[{"name":"wp","href":"https:\/\/api.w.org\/{rel}","templated":true}]}}