{"id":434432,"date":"2025-10-02T19:45:14","date_gmt":"2025-10-02T19:45:14","guid":{"rendered":"https:\/\/www.europesays.com\/fr\/434432\/"},"modified":"2025-10-02T19:45:14","modified_gmt":"2025-10-02T19:45:14","slug":"en-envoyant-ses-drones-en-ukraine-viktor-orban-provoque-les-europeens","status":"publish","type":"post","link":"https:\/\/www.europesays.com\/fr\/434432\/","title":{"rendered":"En envoyant ses drones en Ukraine, Viktor Orban provoque les Europ\u00e9ens"},"content":{"rendered":"<p><strong>ANALYSE <\/strong>&#8211; Accus\u00e9 par Kiev de jouer le jeu de Moscou, le premier ministre hongrois met en sc\u00e8ne les tensions avec son voisin ukrainien, alors que se profilent des \u00e9lections l\u00e9gislatives.<\/p>\n<p class=\"fig-paragraph\">Des\u00a0<a href=\"https:\/\/video.lefigaro.fr\/figaro\/international\/viktor-orban-minimise-le-survol-eventuel-par-des-drones-hongrois-de-lespace-aerien-ukrainien-20250930\" data-fig-type=\"Video\" data-gtm-custom-categorie=\"navigation\" data-gtm-custom-action=\"crossclick\" data-gtm-custom-label=\"Contextuel\" data-gtm-event=\"customEventSPE\" data-fig-domain=\"LEFIGARO\" target=\"_blank\" rel=\"noopener\">drones hongrois<\/a>\u00a0au-dessus de l\u2019Ukraine\u00a0! \u00c0 ces accusations du pr\u00e9sident\u00a0<a href=\"http:\/\/www.lefigaro.fr\/international\/vladimir-poutine-se-prepare-a-attaquer-un-autre-pays-europeen-met-en-garde-volodymyr-zelensky-20250927\" data-fig-type=\"NewsFlash\" data-gtm-custom-categorie=\"navigation\" data-gtm-custom-action=\"crossclick\" data-gtm-custom-label=\"Contextuel\" data-gtm-event=\"customEventSPE\" data-fig-domain=\"LEFIGARO\" target=\"_blank\" rel=\"noopener\">Volodymyr Zelensky<\/a>, le 26\u00a0septembre, le ministre hongrois des Affaires \u00e9trang\u00e8res, P\u00e9ter Szijj\u00e1rt\u00f3, a r\u00e9torqu\u00e9\u00a0: \u00ab\u00a0Le pr\u00e9sident Volodymyr Zelensky perd la raison dans son obsession anti-hongroise. Il commence \u00e0 voir des choses qui n\u2019existent pas.\u00a0\u00bb La r\u00e9ponse de son homologue ukrainien, Andriy Sybiha, ne s\u2019est pas fait attendre\u00a0: \u00ab\u00a0Nous commen\u00e7ons \u00e0 voir beaucoup de choses, P\u00e9ter, notamment l\u2019hypocrisie et la d\u00e9ch\u00e9ance morale de votre gouvernement, ainsi que ses man\u0153uvres, ouvertes et secr\u00e8tes, contre l\u2019Ukraine et le reste de l\u2019Europe, servant de laquais du Kremlin\u00a0\u00bb.<\/p>\n<p class=\"fig-paragraph\">Lundi, dans un podcast intitul\u00e9 le \u00ab\u00a0Fighters Club\u00a0\u00bb, le premier ministre,\u00a0<a href=\"https:\/\/video.lefigaro.fr\/figaro\/international\/le-systeme-ne-les-condamnera-pas-viktor-orban-critique-la-gestion-de-la-criminalite-du-gouvernement-suedois-20250915\" data-fig-type=\"Video\" data-gtm-custom-categorie=\"navigation\" data-gtm-custom-action=\"crossclick\" data-gtm-custom-label=\"Contextuel\" data-gtm-event=\"customEventSPE\" data-fig-domain=\"LEFIGARO\" target=\"_blank\" rel=\"noopener\">Viktor Orban<\/a>, s\u2019est montr\u00e9 moins cat\u00e9gorique que son chef de la diplomatie, pour mieux attaquer\u00a0: \u00ab\u00a0Admettons que des drones soient entr\u00e9s de quelques m\u00e8tres. Et alors\u00a0? L\u2019Ukraine n\u2019est pas un pays ind\u00e9pendant. L\u2019Ukraine n\u2019est pas un pays\u2026<\/p>\n<p class=\"fig-premium-paywall__infos\">\n        Cet article est r\u00e9serv\u00e9 aux abonn\u00e9s.        Il vous reste 79% \u00e0 d\u00e9couvrir.\n    <\/p>\n<p>                <img  data- alt=\"Le Figaro\" class=\"fig-img--complete fig-img\"\/><\/p>\n<p class=\"fig-premium-paywall__title\">Vous avez envie de lire la suite ?<\/p>\n<p class=\"fig-premium-paywall__subtitle\">D\u00e9bloquez tous les articles imm\u00e9diatement.<\/p>\n<p class=\"fig-premium-paywall__connect\">\n                D\u00e9j\u00e0 abonn\u00e9\u00a0?                <a class=\"fig-premium-paywall__connect-link\" href=\"https:\/\/connect.lefigaro.fr\/login?client=horizon_web&amp;type=main&amp;redirect_uri=https%3A%2F%2Fwww.lefigaro.fr%2Finternational%2Fen-envoyant-ses-drones-en-ukraine-viktor-orban-provoque-les-europeens-20251002\" data-js-gtm=\"{&quot;customCategorie&quot;: &quot;conversion&quot;, &quot;customAction&quot;: &quot;before_Landing_Connexion_paywall_auto&quot;, &quot;customLabel&quot;: &quot;bGVmaWdhcm8uZnJfXzFmMDlmOTNiLTU1MmQtNjIxZS1iYjViLTNkMTA1ZDE5N2EwZl9fQXJ0aWNsZQ==_En envoyant ses drones en Ukraine, Viktor Orban provoque les Europ\u00e9ens_325&quot;, &quot;customIDSPE&quot;: &quot;bGVmaWdhcm8uZnJfXzFmMDlmOTNiLTU1MmQtNjIxZS1iYjViLTNkMTA1ZDE5N2EwZl9fQXJ0aWNsZQ==&quot;, &quot;event&quot;: &quot;customEventSPE&quot;}\" target=\"_blank\" rel=\"noopener\"><br \/>\n                    Connectez-vous<br \/>\n                <\/a>\n            <\/p>\n","protected":false},"excerpt":{"rendered":"ANALYSE &#8211; Accus\u00e9 par Kiev de jouer le jeu de Moscou, le premier ministre hongrois met en sc\u00e8ne&hellip;\n","protected":false},"author":2,"featured_media":434433,"comment_status":"","ping_status":"","sticky":false,"template":"","format":"standard","meta":{"footnotes":""},"categories":[1590],"tags":[11,1777,674,804,12,220,7247],"class_list":{"0":"post-434432","1":"post","2":"type-post","3":"status-publish","4":"format-standard","5":"has-post-thumbnail","7":"category-ukraine","8":"tag-actualites","9":"tag-eu","10":"tag-europe","11":"tag-hongrie","12":"tag-news","13":"tag-ukraine","14":"tag-viktor-orban"},"share_on_mastodon":{"url":"https:\/\/pubeurope.com\/@fr\/115306294419419905","error":""},"_links":{"self":[{"href":"https:\/\/www.europesays.com\/fr\/wp-json\/wp\/v2\/posts\/434432","targetHints":{"allow":["GET"]}}],"collection":[{"href":"https:\/\/www.europesays.com\/fr\/wp-json\/wp\/v2\/posts"}],"about":[{"href":"https:\/\/www.europesays.com\/fr\/wp-json\/wp\/v2\/types\/post"}],"author":[{"embeddable":true,"href":"https:\/\/www.europesays.com\/fr\/wp-json\/wp\/v2\/users\/2"}],"replies":[{"embeddable":true,"href":"https:\/\/www.europesays.com\/fr\/wp-json\/wp\/v2\/comments?post=434432"}],"version-history":[{"count":0,"href":"https:\/\/www.europesays.com\/fr\/wp-json\/wp\/v2\/posts\/434432\/revisions"}],"wp:featuredmedia":[{"embeddable":true,"href":"https:\/\/www.europesays.com\/fr\/wp-json\/wp\/v2\/media\/434433"}],"wp:attachment":[{"href":"https:\/\/www.europesays.com\/fr\/wp-json\/wp\/v2\/media?parent=434432"}],"wp:term":[{"taxonomy":"category","embeddable":true,"href":"https:\/\/www.europesays.com\/fr\/wp-json\/wp\/v2\/categories?post=434432"},{"taxonomy":"post_tag","embeddable":true,"href":"https:\/\/www.europesays.com\/fr\/wp-json\/wp\/v2\/tags?post=434432"}],"curies":[{"name":"wp","href":"https:\/\/api.w.org\/{rel}","templated":true}]}}