{"id":434438,"date":"2025-10-02T19:48:17","date_gmt":"2025-10-02T19:48:17","guid":{"rendered":"https:\/\/www.europesays.com\/fr\/434438\/"},"modified":"2025-10-02T19:48:17","modified_gmt":"2025-10-02T19:48:17","slug":"lallemagne-reunifiee-reste-un-pays-a-deux-vitesses","status":"publish","type":"post","link":"https:\/\/www.europesays.com\/fr\/434438\/","title":{"rendered":"L&rsquo;Allemagne r\u00e9unifi\u00e9e reste un pays \u00e0 deux vitesses"},"content":{"rendered":"<p class=\"mb-4 text-lg md:leading-8 break-words\">Elisabeth Kaiser est originaire de Gera, dans le Land de Thuringe (l&rsquo;Allemagne est compos\u00e9e de 16 \u00c9tats f\u00e9d\u00e9r\u00e9s appel\u00e9s L\u00e4nder). La charg\u00e9e du gouvernement f\u00e9d\u00e9ral pour l&rsquo;Allemagne de l&rsquo;Est est n\u00e9e en 1987, lorsque l&rsquo;Allemagne \u00e9tait encore divis\u00e9e. Deux ans plus tard, le mur de Berlin tombe, le 9 novembre 1989. Enfin, <a href=\"https:\/\/www.dw.com\/fr\/ce-qu-il-faut-savoir-de-la-r\u00e9unification-allemande-de-1990\/a-66984291\" rel=\"nofollow noopener\" target=\"_blank\" data-ylk=\"slk:le 3 octobre 1990, jour de la r\u00e9unification;elm:context_link;itc:0;sec:content-canvas\" class=\"link \">le 3 octobre 1990, jour de la r\u00e9unification<\/a>, la RDA appartient \u00e0 l&rsquo;histoire.<\/p>\n<p class=\"mb-4 text-lg md:leading-8 break-words\">\u00ab\u00a0Je n&rsquo;ai pas v\u00e9cu consciemment l&rsquo;\u00e9poque de la r\u00e9unification, mais les histoires de mes parents et de mes grands-parents m&rsquo;ont fa\u00e7onn\u00e9e\u00a0\u00bb, \u00e9crit Elisabeth Kaiser dans son rapport annuel pr\u00e9sent\u00e9 \u00e0 Berlin.<\/p>\n<p class=\"mb-4 text-lg md:leading-8 break-words\">La politologue et sociologue se concentre sur la fa\u00e7on dont les jeunes vivent cette Allemagne r\u00e9unifi\u00e9e depuis 35 ans et se demandent s&rsquo;ils ont r\u00e9ellement grandi dans l&rsquo;unit\u00e9.<\/p>\n<p class=\"mb-4 text-lg md:leading-8 break-words\">Formellement, la r\u00e9ponse est oui, car il ne reste plus qu&rsquo;un seul \u00c9tat allemand. \u00ab\u00a0Nous, les enfants de la fin des ann\u00e9es 1980 et des ann\u00e9es 1990, sommes la premi\u00e8re g\u00e9n\u00e9ration socialis\u00e9e dans une Allemagne unie\u00a0\u00bb, explique Elisabeth Kaiser dans l&rsquo;avant-propos du rapport annuel. \u00ab\u00a0N\u00e9anmoins, pour les jeunes qui grandissent dans l&rsquo;Est, il s&rsquo;agit de bien plus qu&rsquo;un point cardinal. C&rsquo;est un espace qui fa\u00e7onne les identit\u00e9s et influence les biographies\u00a0\u00bb, souligne-t-elle.<\/p>\n<p><img alt=\"Elisabeth Kaiser a pr\u00e9sent\u00e9 le rapport du l'\u00e9tat de l'unit\u00e9 allemande. Elle m\u00eame a grandi dans l'ancienne RDA.&lt;span class=&quot;copyright&quot;&gt;Carsten Koall\/dpa\/picture alliance&lt;\/span&gt;\" loading=\"lazy\" width=\"960\" height=\"540\" decoding=\"async\" data-nimg=\"1\" class=\"rounded-lg\" style=\"color:transparent\" src=\"https:\/\/www.europesays.com\/fr\/wp-content\/uploads\/2025\/10\/37826cd08ad2498b63a6cbce399e67b1.jpeg\"\/><\/p>\n<p>Elisabeth Kaiser a pr\u00e9sent\u00e9 le rapport du l&rsquo;\u00e9tat de l&rsquo;unit\u00e9 allemande. Elle m\u00eame a grandi dans l&rsquo;ancienne RDA.Carsten Koall\/dpa\/picture alliance<\/p>\n<p>L&rsquo;identit\u00e9 est-allemande est plus prononc\u00e9e que l&rsquo;identit\u00e9 ouest-allemande<\/p>\n<p class=\"mb-4 text-lg md:leading-8 break-words\">\u00c0 cet \u00e9gard, Elisabeth Kaiser, per\u00e7oit des diff\u00e9rences avec les jeunes de l&rsquo;Ouest. \u00ab\u00a0De nombreux jeunes issus du territoire de l&rsquo;ancienne R\u00e9publique f\u00e9d\u00e9rale d&rsquo;Allemagne n&rsquo;ont que faire de l&rsquo;appellation ouest-allemande, surtout s&rsquo;ils vivent sur le littoral ou pr\u00e8s des Alpes. En revanche, les jeunes Allemands de l&rsquo;Est s&rsquo;identifient beaucoup plus souvent comme des &lsquo;Ossis&rsquo; (appellation informelle des habitants de l&rsquo;ex-Allemagne de l&rsquo;Est, \u00e0 l&rsquo;inverse de &lsquo;Wessis&rsquo;, pour les habitants de l&rsquo;Ouest).<\/p>\n<p class=\"mb-4 text-lg md:leading-8 break-words\">En effet, si les jeunes Allemands grandissent dans un seul et m\u00eame pays depuis 35 ans, les conditions-cadres de cette \u00e9ducation ont \u00e9t\u00e9 tr\u00e8s diff\u00e9rentes \u00e0 ce jour. \u00ab\u00a0C&rsquo;est particuli\u00e8rement vrai en dehors des m\u00e9tropoles dans l&rsquo;Est de l&rsquo;Allemagne\u00a0\u00bb, pr\u00e9cise Elisabeth Kaiser.<\/p>\n<p class=\"mb-4 text-lg md:leading-8 break-words\">Un rapport du gouvernement sur les disparit\u00e9s Est-Ouest montre que dans les petites villes et les r\u00e9gions rurales, les r\u00e9seaux de transports publics mais aussi d&rsquo;\u00e9tablissement de sant\u00e9 tend \u00e0 dispara\u00eetre. De plus, les habitants des r\u00e9gions de l&rsquo;Est ont des revenus en dessous de la moyenne nationale et sont plus souvent d\u00e9pendants des prestations sociales.<\/p>\n<p class=\"mb-4 text-lg md:leading-8 break-words\">\u00ab\u00a0Les patrimoines sont \u00e9galement moins importants \u00e0 l&rsquo;Est qu&rsquo;\u00e0 l&rsquo;Ouest\u00a0\u00bb, ajoute Elisabeth Kaiser. En outre, le vieillissement de la population dans les r\u00e9gions rurales de l&rsquo;Est de l&rsquo;Allemagne est plus avanc\u00e9. La part de jeunes est inf\u00e9rieure \u00e0 la moyenne nationale. \u00ab\u00a0Cela fa\u00e7onne la vie de nombreux Allemands de l&rsquo;Est jusqu&rsquo;\u00e0 l&rsquo;\u00e2ge adulte\u00a0\u00bb, note la politologue.<\/p>\n<p class=\"mb-4 text-lg md:leading-8 break-words\">Ainsi, les jeunes de l&rsquo;Est vont moins souvent d\u00e9pendre du soutien financier de leurs parents que les Allemands de l&rsquo;Ouest.<\/p>\n<p>Diff\u00e9rences de richesse<\/p>\n<p class=\"mb-4 text-lg md:leading-8 break-words\">Lors de la pr\u00e9sentation de son rapport annuel, Elisabeth Kaiser rappelle ainsi que \u00ab\u00a0aujourd&rsquo;hui encore les jeunes de l&rsquo;Est sont d\u00e9savantag\u00e9s parce que le patrimoine est principalement transmis par le biais d&rsquo;h\u00e9ritages\u00a0\u00bb.<\/p>\n<p class=\"mb-4 text-lg md:leading-8 break-words\">Les chiffres publi\u00e9s par l&rsquo;Office allemand de la statistique pour 2024 sont clairs : les bureaux des imp\u00f4ts des L\u00e4nder de l&rsquo;Ouest ont impos\u00e9 plus de 106 milliards d&rsquo;euros d&rsquo;avoirs h\u00e9rit\u00e9s ou donn\u00e9s. Dans l&rsquo;Est, la ville de Berlin comprise, ce montant est de moins de sept milliards.<\/p>\n<p class=\"mb-4 text-lg md:leading-8 break-words\">Par cons\u00e9quent, Elisabeth Kaiser estime qu&rsquo;il est utile d&rsquo;avoir un d\u00e9bat sur une r\u00e9forme de l&rsquo;imp\u00f4t sur les successions.<\/p>\n<p class=\"mb-4 text-lg md:leading-8 break-words\">Des experts de l&rsquo;Institut allemand de recherche \u00e9conomique (DIW) ont propos\u00e9 il y a quelques ann\u00e9es que l&rsquo;\u00c9tat devrait verser \u00e0 tous les jeunes adultes un h\u00e9ritage de base de 20 000 euros. Ils pourraient l&rsquo;utiliser pour financer des \u00e9tudes, cr\u00e9er une entreprise ou investir dans l&rsquo;immobilier, par exemple.<\/p>\n<p class=\"mb-4 text-lg md:leading-8 break-words\">La fondation \u00ab\u00a0Ein Erbe f\u00fcr Jeden\u00a0\u00bb (Un h\u00e9ritage pour tous) estime cette id\u00e9e r\u00e9aliste et financi\u00e8rement viable : \u00ab\u00a0Il est financ\u00e9 par un fonds aliment\u00e9 par un pr\u00e9l\u00e8vement relativement faible sur les h\u00e9ritages les plus importants\u00a0\u00bb.<\/p>\n<p class=\"mb-4 text-lg md:leading-8 break-words\">Selon les calculs de la fondation, un pr\u00e9l\u00e8vement de 5 % sur les successions annuelles en Allemagne serait suffisant pour financer cet h\u00e9ritage de base.<\/p>\n<p><img alt=\"Le parti d'extr\u00eame-droite AfD a le vent en poupe dans les L\u00e4nder de l'ex-RDA&lt;span class=&quot;copyright&quot;&gt;Hannes P Albert\/dpa\/picture alliance&lt;\/span&gt;\" loading=\"lazy\" width=\"960\" height=\"540\" decoding=\"async\" data-nimg=\"1\" class=\"rounded-lg\" style=\"color:transparent\" src=\"https:\/\/www.europesays.com\/fr\/wp-content\/uploads\/2025\/10\/7790e1acf5e712306594e38ecec456b1.jpeg\"\/><\/p>\n<p>Le parti d&rsquo;extr\u00eame-droite AfD a le vent en poupe dans les L\u00e4nder de l&rsquo;ex-RDAHannes P Albert\/dpa\/picture alliance<\/p>\n<p>Deux millions de personnes ont quitt\u00e9 l&rsquo;Est<\/p>\n<p class=\"mb-4 text-lg md:leading-8 break-words\">Le sujet divise toutefois fortement la coalition au pouvoir. Les sociaux-d\u00e9mocrates du SPD y sont plut\u00f4t favorables, alors que personne ne veut en entendre parler chez les conservateurs de l&rsquo;union CDU\/CSU.<\/p>\n<p class=\"mb-4 text-lg md:leading-8 break-words\">A la fin, le bilan d&rsquo;Elisabeth Kaiser apparait mitig\u00e9. Certes, l&rsquo;\u00e9conomie se d\u00e9veloppe dans l&rsquo;Est, la sc\u00e8ne des start-ups est vivante et cette partie de l&rsquo;Allemagne est pionni\u00e8re dans l&rsquo;expansion des \u00e9nergies renouvelables.<\/p>\n<p class=\"mb-4 text-lg md:leading-8 break-words\">Mais tout cela ne suffira pas \u00e0 long terme \u00e0 combler le retard avec l&rsquo;Ouest, d&rsquo;autant que l&rsquo;Est devra s&rsquo;adapter au vieillissement croissant de sa population et \u00e0 l&rsquo;exode de la jeunesse.<\/p>\n<p class=\"mb-4 text-lg md:leading-8 break-words\">Si l&rsquo;on ne compte pas la capitale Berlin, l&rsquo;Allemagne de l&rsquo;Est a perdu deux millions d&rsquo;habitant depuis la r\u00e9unification en 1990. Au cours de la m\u00eame p\u00e9riode, la population de l&rsquo;Allemagne de l&rsquo;Ouest a augment\u00e9 de 10 % pour atteindre pr\u00e8s de 68 millions d&rsquo;habitants.<\/p>\n","protected":false},"excerpt":{"rendered":"Elisabeth Kaiser est originaire de Gera, dans le Land de Thuringe (l&rsquo;Allemagne est compos\u00e9e de 16 \u00c9tats f\u00e9d\u00e9r\u00e9s&hellip;\n","protected":false},"author":2,"featured_media":434439,"comment_status":"","ping_status":"","sticky":false,"template":"","format":"standard","meta":{"footnotes":""},"categories":[1587],"tags":[11,672,1804,1805,1803,56218,1777,674,1801,56219,41132,12,56220,1802],"class_list":{"0":"post-434438","1":"post","2":"type-post","3":"status-publish","4":"format-standard","5":"has-post-thumbnail","7":"category-allemagne","8":"tag-actualites","9":"tag-allemagne","10":"tag-bundesrepublik-deutschland","11":"tag-de","12":"tag-deutschland","13":"tag-elisabeth-kaiser","14":"tag-eu","15":"tag-europe","16":"tag-germany","17":"tag-kaiser","18":"tag-l39allemagne","19":"tag-news","20":"tag-partie-de-lallemagne","21":"tag-republique-federale-dallemagne"},"share_on_mastodon":{"url":"https:\/\/pubeurope.com\/@fr\/115306306585130687","error":""},"_links":{"self":[{"href":"https:\/\/www.europesays.com\/fr\/wp-json\/wp\/v2\/posts\/434438","targetHints":{"allow":["GET"]}}],"collection":[{"href":"https:\/\/www.europesays.com\/fr\/wp-json\/wp\/v2\/posts"}],"about":[{"href":"https:\/\/www.europesays.com\/fr\/wp-json\/wp\/v2\/types\/post"}],"author":[{"embeddable":true,"href":"https:\/\/www.europesays.com\/fr\/wp-json\/wp\/v2\/users\/2"}],"replies":[{"embeddable":true,"href":"https:\/\/www.europesays.com\/fr\/wp-json\/wp\/v2\/comments?post=434438"}],"version-history":[{"count":0,"href":"https:\/\/www.europesays.com\/fr\/wp-json\/wp\/v2\/posts\/434438\/revisions"}],"wp:featuredmedia":[{"embeddable":true,"href":"https:\/\/www.europesays.com\/fr\/wp-json\/wp\/v2\/media\/434439"}],"wp:attachment":[{"href":"https:\/\/www.europesays.com\/fr\/wp-json\/wp\/v2\/media?parent=434438"}],"wp:term":[{"taxonomy":"category","embeddable":true,"href":"https:\/\/www.europesays.com\/fr\/wp-json\/wp\/v2\/categories?post=434438"},{"taxonomy":"post_tag","embeddable":true,"href":"https:\/\/www.europesays.com\/fr\/wp-json\/wp\/v2\/tags?post=434438"}],"curies":[{"name":"wp","href":"https:\/\/api.w.org\/{rel}","templated":true}]}}