{"id":43444,"date":"2025-04-22T07:56:48","date_gmt":"2025-04-22T07:56:48","guid":{"rendered":"https:\/\/www.europesays.com\/fr\/43444\/"},"modified":"2025-04-22T07:56:48","modified_gmt":"2025-04-22T07:56:48","slug":"un-arbitre-blesse-a-la-tete-par-un-projectile-lors-dun-match-de-national","status":"publish","type":"post","link":"https:\/\/www.europesays.com\/fr\/43444\/","title":{"rendered":"Un arbitre bless\u00e9 \u00e0 la t\u00eate par un projectile lors d\u2019un match de National"},"content":{"rendered":"<p><strong>violence &#8211; Deux hommes ont \u00e9t\u00e9 plac\u00e9s en garde \u00e0 vue en marge de la rencontre entre Quevilly et Rouen<\/strong><\/p>\n<p>Vendredi soir, la violence a entach\u00e9 la rencontre de <a href=\"https:\/\/www.20minutes.fr\/sport\/football\/?at_medium=RSS+feed&amp;at_campaign=ynews&amp;utm_source=yahoo&amp;utm_medium=rss&amp;utm_campaign=news_feed&amp;utm_content=in_article_link\" rel=\"nofollow noopener\" target=\"_blank\" data-ylk=\"slk:football;elm:context_link;itc:0;sec:content-canvas\" class=\"link \">football<\/a> entre Quevilly et <a href=\"https:\/\/www.20minutes.fr\/dossier\/rouen?at_medium=RSS+feed&amp;at_campaign=ynews&amp;utm_source=yahoo&amp;utm_medium=rss&amp;utm_campaign=news_feed&amp;utm_content=in_article_link\" rel=\"nofollow noopener\" target=\"_blank\" data-ylk=\"slk:Rouen;elm:context_link;itc:0;sec:content-canvas\" class=\"link \">Rouen<\/a>. Lors de ce derby de National, un arbitre assistant a \u00e9t\u00e9 bless\u00e9 \u00e0 la t\u00eate par des jets de projectiles qui auraient \u00e9t\u00e9 lanc\u00e9s par un homme qui a \u00e9t\u00e9 plac\u00e9 en garde \u00e0 vue.<\/p>\n<p>Le match, qui a vu la victoire 2-1 du <a href=\"https:\/\/www.20minutes.fr\/sport\/quevilly\/?at_medium=RSS+feed&amp;at_campaign=ynews&amp;utm_source=yahoo&amp;utm_medium=rss&amp;utm_campaign=news_feed&amp;utm_content=in_article_link\" rel=\"nofollow noopener\" target=\"_blank\" data-ylk=\"slk:Quevilly;elm:context_link;itc:0;sec:content-canvas\" class=\"link \">Quevilly<\/a>-Rouen M\u00e9tropole (QRM) contre le FC Rouen (FCR) a rassembl\u00e9 6.600 spectateurs, \u00ab\u00a0dont des supporters ultras\u00a0\u00bb, a indiqu\u00e9 samedi la pr\u00e9fecture de Seine-Maritime, pr\u00e9cisant que la rencontre \u00e9tait class\u00e9e niveau 2 sur 5 par la Division nationale de lutte contre le <a href=\"https:\/\/www.20minutes.fr\/sport\/hooligans\/?at_medium=RSS+feed&amp;at_campaign=ynews&amp;utm_source=yahoo&amp;utm_medium=rss&amp;utm_campaign=news_feed&amp;utm_content=in_article_link\" rel=\"nofollow noopener\" target=\"_blank\" data-ylk=\"slk:hooliganisme;elm:context_link;itc:0;sec:content-canvas\" class=\"link \">hooliganisme<\/a> (DNLH).<\/p>\n<p>Un second supporter en garde \u00e0 vue<\/p>\n<p>Un fait \u00ab\u00a0d\u2019une particuli\u00e8re gravit\u00e9 est survenu en fin de rencontre\u00a0: un arbitre assistant a \u00e9t\u00e9 vis\u00e9 par plusieurs jets de projectiles, et a \u00e9t\u00e9 atteint \u00e0 la t\u00eate par l\u2019un d\u2019entre eux lanc\u00e9 \u00e0 toute force depuis la tribune Lenoble, d\u00e9volue aux supporters du FC Rouen\u00a0\u00bb, a d\u00e9plor\u00e9 la pr\u00e9fecture. \u00ab\u00a0Gr\u00e2ce \u00e0 l\u2019excellente coordination entre les services de s\u00e9curit\u00e9 du QRM, en particulier leurs op\u00e9rateurs vid\u00e9o, et les forces de l\u2019ordre pr\u00e9sentes \u00e0 leurs c\u00f4t\u00e9s au PC s\u00e9curit\u00e9 puis aux policiers engag\u00e9s sur le terrain, l\u2019auteur pr\u00e9sum\u00e9 de ce geste a pu \u00eatre identifi\u00e9, puis reconnu et interpell\u00e9 \u00e0 l\u2019issue de la rencontre, \u00e0 quelques centaines de m\u00e8tres du stade\u00a0\u00bb.<\/p>\n<p>Un second supporter du FC Rouen \u00ab\u00a0qui l\u2019accompagnait et a outrag\u00e9 les policiers \u00e0 l\u2019occasion de l\u2019interpellation du premier\u00a0\u00bb, a \u00e9galement \u00e9t\u00e9 plac\u00e9 en garde \u00e0 vue.<\/p>\n<p>Des mesures pour prot\u00e9ger les arbitres<\/p>\n<p>La pr\u00e9fe(&#8230;)<\/p>\n<p><a href=\"https:\/\/www.20minutes.fr\/sport\/football\/4149498-20250420-football-arbitre-blesse-tete-projectile-lors-match-national?at_medium=RSS+feed&amp;at_campaign=ynews&amp;utm_source=yahoo&amp;utm_medium=rss&amp;utm_campaign=news_feed&amp;utm_content=read_more_link&quot;\" rel=\"nofollow noopener\" target=\"_blank\" data-ylk=\"slk:Lire la suite sur 20minutes;elm:context_link;itc:0;sec:content-canvas\" class=\"link \">Lire la suite sur 20minutes<\/a><\/p>\n<p>\u00c0 lire aussi :<br \/><a href=\"https:\/\/www.20minutes.fr\/sport\/football\/4148942-20250418-grand-match-foot-moment-histoire-affirme-jean-karl-lucas-auteur?at_medium=RSS+feed&amp;at_campaign=ynews&amp;utm_source=yahoo&amp;utm_medium=rss&amp;utm_campaign=news_feed&amp;utm_content=related_content_link\" rel=\"nofollow noopener\" target=\"_blank\" data-ylk=\"slk:\u00ab\u00a0Un grand match de foot est un moment d\u2019histoire\u00a0\u00bb, affirme Jean-Karl Lucas, auteur de \u00ab\u00a0J\u2019y \u00e9tais\u00a0\u00bb;elm:context_link;itc:0;sec:content-canvas\" class=\"link \">\u00ab\u00a0Un grand match de foot est un moment d\u2019histoire\u00a0\u00bb, affirme Jean-Karl Lucas, auteur de \u00ab\u00a0J\u2019y \u00e9tais\u00a0\u00bb<\/a><br \/><a href=\"https:\/\/www.20minutes.fr\/sport\/football\/ligue-1\/4136675-20250201-ligue-1-organisations-denoncent-multiplication-actes-homophobes?at_medium=RSS+feed&amp;at_campaign=ynews&amp;utm_source=yahoo&amp;utm_medium=rss&amp;utm_campaign=news_feed&amp;utm_content=related_content_link\" rel=\"nofollow noopener\" target=\"_blank\" data-ylk=\"slk:Ligue 1\u00a0: Des organisations d\u00e9noncent la multiplication des actes homophobes;elm:context_link;itc:0;sec:content-canvas\" class=\"link \">Ligue 1\u00a0: Des organisations d\u00e9noncent la multiplication des actes homophobes<\/a><\/p>\n","protected":false},"excerpt":{"rendered":"violence &#8211; Deux hommes ont \u00e9t\u00e9 plac\u00e9s en garde \u00e0 vue en marge de la rencontre entre Quevilly&hellip;\n","protected":false},"author":2,"featured_media":43445,"comment_status":"","ping_status":"","sticky":false,"template":"","format":"standard","meta":{"footnotes":""},"categories":[9587],"tags":[1111,11,1777,674,12003,3160,1011,27,203,12,5161,13054,13055,25,9590],"class_list":{"0":"post-43444","1":"post","2":"type-post","3":"status-publish","4":"format-standard","5":"has-post-thumbnail","7":"category-rouen","8":"tag-actu","9":"tag-actualites","10":"tag-eu","11":"tag-europe","12":"tag-fc-rouen","13":"tag-forces-de-lordre","14":"tag-fr","15":"tag-france","16":"tag-la-tete","17":"tag-news","18":"tag-normandie","19":"tag-prefecture-de-seine-maritime","20":"tag-quevilly","21":"tag-republique-francaise","22":"tag-rouen"},"share_on_mastodon":{"url":"https:\/\/pubeurope.com\/@fr\/114380553850471508","error":""},"_links":{"self":[{"href":"https:\/\/www.europesays.com\/fr\/wp-json\/wp\/v2\/posts\/43444","targetHints":{"allow":["GET"]}}],"collection":[{"href":"https:\/\/www.europesays.com\/fr\/wp-json\/wp\/v2\/posts"}],"about":[{"href":"https:\/\/www.europesays.com\/fr\/wp-json\/wp\/v2\/types\/post"}],"author":[{"embeddable":true,"href":"https:\/\/www.europesays.com\/fr\/wp-json\/wp\/v2\/users\/2"}],"replies":[{"embeddable":true,"href":"https:\/\/www.europesays.com\/fr\/wp-json\/wp\/v2\/comments?post=43444"}],"version-history":[{"count":0,"href":"https:\/\/www.europesays.com\/fr\/wp-json\/wp\/v2\/posts\/43444\/revisions"}],"wp:featuredmedia":[{"embeddable":true,"href":"https:\/\/www.europesays.com\/fr\/wp-json\/wp\/v2\/media\/43445"}],"wp:attachment":[{"href":"https:\/\/www.europesays.com\/fr\/wp-json\/wp\/v2\/media?parent=43444"}],"wp:term":[{"taxonomy":"category","embeddable":true,"href":"https:\/\/www.europesays.com\/fr\/wp-json\/wp\/v2\/categories?post=43444"},{"taxonomy":"post_tag","embeddable":true,"href":"https:\/\/www.europesays.com\/fr\/wp-json\/wp\/v2\/tags?post=43444"}],"curies":[{"name":"wp","href":"https:\/\/api.w.org\/{rel}","templated":true}]}}