{"id":434440,"date":"2025-10-02T19:49:11","date_gmt":"2025-10-02T19:49:11","guid":{"rendered":"https:\/\/www.europesays.com\/fr\/434440\/"},"modified":"2025-10-02T19:49:11","modified_gmt":"2025-10-02T19:49:11","slug":"edito-une-defense-europeenne-a-construire","status":"publish","type":"post","link":"https:\/\/www.europesays.com\/fr\/434440\/","title":{"rendered":"[\u00c9dito] Une d\u00e9fense europ\u00e9enne \u00e0 construire"},"content":{"rendered":"<p>La nature totalitaire de la Russie n\u2019a pas chang\u00e9 depuis la fin de la guerre froide. Elle n\u2019est sensible qu\u2019aux rapports de force. De la crise de Cuba en 1961, sous Kennedy, \u00e0 celle des euromissiles durant la pr\u00e9sidence Mitterrand face aux SS20 sovi\u00e9tiques au d\u00e9but des ann\u00e9es 80. Il faut toujours forcer les dirigeants russes \u00e0 contenir leurs pulsions agressives. La lune de miel de Poutine avec Bush n\u2019eut qu\u2019un temps. Obama soutint la r\u00e9volution de Ma\u00efdan \u00e0 Kiev mais ne fit pas respecter les lignes rouges pos\u00e9es sur le recours \u00e0 l\u2019arme chimique par la dictature syrienne, au grand dam de Fran\u00e7ois Hollande. Lequel sut faire preuve de fermet\u00e9 en bloquant la vente des BPC Mistral \u00e0 Moscou. Emmanuel Macron a adopt\u00e9 la m\u00eame attitude, m\u00eame si l\u2019on peut s\u2019interroger sur sa volont\u00e9 de r\u00e9viser la doctrine nucl\u00e9aire pour r\u00e9pondre aux provocations russes en la mati\u00e8re. Mais quatre ans apr\u00e8s l\u2019invasion de l\u2019Ukraine, qui r\u00e9siste vaillamment \u00e0 l\u2019agresseur, l\u2019Europe de la D\u00e9fense reste \u00e0 construire et l\u2019on mesure la difficult\u00e9 de se coordonner et de planifier des achats en commun. Paris et Berlin s\u2019agacent de la pr\u00e9tention de la pr\u00e9sidente de la Commission europ\u00e9enne Ursula von der Leyen \u00e0 jouer un r\u00f4le qui n\u2019est pas pr\u00e9vu par les trait\u00e9s. Ils restent \u00e9galement sceptiques sur la capacit\u00e9 des 27 \u00e0 r\u00e9aliser un mur anti-drones. En revanche Berlin, hostile \u00e0 un emprunt europ\u00e9en, approuve l\u2019id\u00e9e d\u2019utiliser les actifs russes gel\u00e9s pour r\u00e9pondre aux besoins ukrainiens, d\u00e8s lors que les \u00c9tats-Unis se d\u00e9tournent du th\u00e9\u00e2tre europ\u00e9en.<\/p>\n","protected":false},"excerpt":{"rendered":"La nature totalitaire de la Russie n\u2019a pas chang\u00e9 depuis la fin de la guerre froide. Elle n\u2019est&hellip;\n","protected":false},"author":2,"featured_media":434441,"comment_status":"","ping_status":"","sticky":false,"template":"","format":"standard","meta":{"footnotes":""},"categories":[1586],"tags":[11,1777,674,1011,27,12,1427,25],"class_list":{"0":"post-434440","1":"post","2":"type-post","3":"status-publish","4":"format-standard","5":"has-post-thumbnail","7":"category-europe","8":"tag-actualites","9":"tag-eu","10":"tag-europe","11":"tag-fr","12":"tag-france","13":"tag-news","14":"tag-opinions","15":"tag-republique-francaise"},"share_on_mastodon":{"url":"https:\/\/pubeurope.com\/@fr\/115306310140631755","error":""},"_links":{"self":[{"href":"https:\/\/www.europesays.com\/fr\/wp-json\/wp\/v2\/posts\/434440","targetHints":{"allow":["GET"]}}],"collection":[{"href":"https:\/\/www.europesays.com\/fr\/wp-json\/wp\/v2\/posts"}],"about":[{"href":"https:\/\/www.europesays.com\/fr\/wp-json\/wp\/v2\/types\/post"}],"author":[{"embeddable":true,"href":"https:\/\/www.europesays.com\/fr\/wp-json\/wp\/v2\/users\/2"}],"replies":[{"embeddable":true,"href":"https:\/\/www.europesays.com\/fr\/wp-json\/wp\/v2\/comments?post=434440"}],"version-history":[{"count":0,"href":"https:\/\/www.europesays.com\/fr\/wp-json\/wp\/v2\/posts\/434440\/revisions"}],"wp:featuredmedia":[{"embeddable":true,"href":"https:\/\/www.europesays.com\/fr\/wp-json\/wp\/v2\/media\/434441"}],"wp:attachment":[{"href":"https:\/\/www.europesays.com\/fr\/wp-json\/wp\/v2\/media?parent=434440"}],"wp:term":[{"taxonomy":"category","embeddable":true,"href":"https:\/\/www.europesays.com\/fr\/wp-json\/wp\/v2\/categories?post=434440"},{"taxonomy":"post_tag","embeddable":true,"href":"https:\/\/www.europesays.com\/fr\/wp-json\/wp\/v2\/tags?post=434440"}],"curies":[{"name":"wp","href":"https:\/\/api.w.org\/{rel}","templated":true}]}}