{"id":434448,"date":"2025-10-02T19:54:10","date_gmt":"2025-10-02T19:54:10","guid":{"rendered":"https:\/\/www.europesays.com\/fr\/434448\/"},"modified":"2025-10-02T19:54:10","modified_gmt":"2025-10-02T19:54:10","slug":"le-golf-de-saint-jean-de-monts-organise-une-soiree-festive","status":"publish","type":"post","link":"https:\/\/www.europesays.com\/fr\/434448\/","title":{"rendered":"le golf de Saint-Jean-de-Monts organise une soir\u00e9e festive"},"content":{"rendered":"<p>            Par<br \/>\n        <strong><br \/>\n            <a href=\"https:\/\/actu.fr\/auteur\/journaliste-cv\" title=\"Consulter tous les articles de R\u00e9daction Challans\" target=\"_blank\" rel=\"noopener\">R\u00e9daction Challans<\/a><br \/>\n        <\/strong><\/p>\n<p>        Publi\u00e9 le<\/p>\n<p>            2 oct. 2025 \u00e0 7h46        <\/p>\n<p>Install\u00e9 sur 50 hectares, le parcours offre deux ambiances paysag\u00e8res sur 18 trous : le premier 9 trous en pleine for\u00eat, l\u2019autre 9 trous en bordure de mer. Cet \u00e9quipement sportif a \u00e9t\u00e9 cr\u00e9\u00e9 en 1986. \u00ab Notre golf fait partie des six golfs vend\u00e9ens, explique Jean-Damien Bureau, le directeur. Nous avons \u00e9t\u00e9 class\u00e9s 24e golf sur les 730 \u00e9quipements fran\u00e7ais. Ce classement est issu du vote des golfeurs. \u00bb<\/p>\n<p>36 000\u00a0joueurs \u00e0 l\u2019ann\u00e9e<\/p>\n<p class=\" wall-content\">\u00ab Nous comptabilisons 600 abonn\u00e9s et enregistrons sur une ann\u00e9e 36 000 golfeurs, dont, bien s\u00fbr, les adh\u00e9rents, mais aussi les non-adh\u00e9rents venus de notre r\u00e9gion, ainsi que de toute la France. Il y a aussi les vacanciers s\u00e9journant \u00e0 Saint-Jean-de-Monts ou dans les environs, d\u00e9taille le directeur. C\u2019est surtout l\u2019hiver que nous accueillons le plus de golfeurs, car notre terrain est drain\u00e9 naturellement gr\u00e2ce \u00e0 son sol sableux. Il est donc praticable m\u00eame apr\u00e8s de fortes pluies. \u00bb<\/p>\n<p class=\" wall-content\">Pour accueillir les joueurs et permettre l\u2019entretien du parcours, le golf emploie 23 salari\u00e9s et deux enseignants ind\u00e9pendants.<\/p>\n<p class=\" wall-content\">Parall\u00e8lement, le golf abrite une association sportive de \u00ab 300\u00a0adh\u00e9rents \u00bb. \u00ab Cette association g\u00e8re l\u2019\u00e9cole de golf, ouverte \u00e0 tous, qui compte 40\u00a0\u00e9l\u00e8ves de 4 \u00e0 16\u00a0ans. Elle repr\u00e9sente aussi le golf dans les comp\u00e9titions : c\u2019est en son sein que sont constitu\u00e9es les \u00e9quipes \u00bb, compl\u00e8te Jean-Damien Bureau.<\/p>\n<p>Un espace ouvert sur la ville<\/p>\n<p class=\" wall-content\">\u00ab Mon ambition est de faire de notre golf un lieu ouvert sur notre ville, Saint-Jean-de-Monts. Ainsi, toute l\u2019ann\u00e9e, notre restaurant, qui a re\u00e7u le prix du meilleur restaurant de golf des Pays de la Loire, est ouvert \u00e0 tous, golfeurs ou non golfeurs. Nous organisons aussi des journ\u00e9es portes ouvertes avec initiation au golf pendant deux heures. L\u00e0 aussi, nous accueillons petites, petits, grandes et grands. \u00bb<\/p>\n<p>Vid\u00e9os : en ce moment sur Actu<\/p>\n<p class=\" wall-content\">Dans ce cadre de l\u2019ouverture au public, des soir\u00e9es festives sont propos\u00e9es. La prochaine est pr\u00e9vue le 4 octobre, sous forme de soir\u00e9e dansante avec cocktail d\u00eenatoire et l\u2019orchestre Joan et les gar\u00e7ons.<\/p>\n<p>Votre r\u00e9gion, votre actu !<\/p>\n<p>Recevez chaque jour les infos qui comptent pour vous.<\/p>\n<p>\t<a href=\"https:\/\/actu.fr\/newsletter\" class=\"ac-btn ac-btn--corner ac-btn--medium ac-btn--blue800\" target=\"_blank\" rel=\"noopener\">S&rsquo;incrire<\/a><br \/>\n\u00ab\u00a0Nous ne d\u00e9frichons plus certaines zones\u00a0\u00bb<\/p>\n<p class=\" wall-content\">\u00ab Avec la Communaut\u00e9 de communes, nous organisons le 3 octobre une journ\u00e9e, o\u00f9 nous allons r\u00e9unir les chefs d\u2019entreprise de la r\u00e9gion et des jeunes en BTS. Il y aura une initiation commune au golf et un \u00e9change au cours d\u2019un repas. Autour du golf, nous voulons cr\u00e9er un lien entre des entrepreneurs et des jeunes sur le point d\u2019entrer dans la vie active. \u00bb<\/p>\n<p class=\" wall-content\">Jean-Damien Bureau n\u2019oublie pas qu\u2019un golf est un espace naturel et qu\u2019il est de sa responsabilit\u00e9 de le prot\u00e9ger.<\/p>\n<p>\u00ab\u00a0Un v\u00e9ritable parc naturel\u00a0\u00bb<\/p>\n<p class=\" wall-content\">\u00ab Nous allons recevoir le label Bronze biodiversit\u00e9, apr\u00e8s avoir \u00e9t\u00e9 audit\u00e9s par un cabinet sp\u00e9cialis\u00e9 et ind\u00e9pendant. Nous avons mis en place toutes les pr\u00e9conisations afin de prot\u00e9ger la biodiversit\u00e9. Par exemple, nous ne d\u00e9frichons plus certaines zones, afin de respecter la faune et la flore des broussailles, pour cr\u00e9er ainsi des espaces vierges. Nous avons r\u00e9duit drastiquement\u00a0le volume d\u2019arrosage et avons install\u00e9 une multitude de nichoirs. D\u2019autres mesures permettent \u00e9galement \u00e0 ces 50 hectares, entre mer et for\u00eat, d\u2019\u00eatre un espace sportif mais aussi un v\u00e9ritable parc naturel \u00bb.<\/p>\n<p class=\" wall-content\">Personnalisez votre actualit\u00e9 en ajoutant vos villes et m\u00e9dias en favori avec <a href=\"https:\/\/moncompte.actu.fr\" title=\"D\u00e9couvez Mon Actu\" rel=\"nofollow noopener\" data-trk=\"{&quot;cta&quot;:{&quot;action&quot;:&quot;https:\\\/\\\/moncompte.actu.fr&quot;,&quot;category&quot;:&quot;mon compte&quot;,&quot;from&quot;:&quot;article footer&quot;,&quot;name&quot;:&quot;Mon actu&quot;,&quot;type&quot;:&quot;cta&quot;}}\" target=\"_blank\">Mon Actu<\/a>.<\/p>\n","protected":false},"excerpt":{"rendered":"Par R\u00e9daction Challans Publi\u00e9 le 2 oct. 2025 \u00e0 7h46 Install\u00e9 sur 50 hectares, le parcours offre deux&hellip;\n","protected":false},"author":2,"featured_media":434449,"comment_status":"","ping_status":"","sticky":false,"template":"","format":"standard","meta":{"footnotes":""},"categories":[1418],"tags":[1011,27,1472,20971,10424,104,60],"class_list":{"0":"post-434448","1":"post","2":"type-post","3":"status-publish","4":"format-standard","5":"has-post-thumbnail","7":"category-golf","8":"tag-fr","9":"tag-france","10":"tag-golf","11":"tag-nord-ouest-vendee","12":"tag-ocean-atlantique","13":"tag-societe","14":"tag-sports"},"share_on_mastodon":{"url":"https:\/\/pubeurope.com\/@fr\/115306329768966542","error":""},"_links":{"self":[{"href":"https:\/\/www.europesays.com\/fr\/wp-json\/wp\/v2\/posts\/434448","targetHints":{"allow":["GET"]}}],"collection":[{"href":"https:\/\/www.europesays.com\/fr\/wp-json\/wp\/v2\/posts"}],"about":[{"href":"https:\/\/www.europesays.com\/fr\/wp-json\/wp\/v2\/types\/post"}],"author":[{"embeddable":true,"href":"https:\/\/www.europesays.com\/fr\/wp-json\/wp\/v2\/users\/2"}],"replies":[{"embeddable":true,"href":"https:\/\/www.europesays.com\/fr\/wp-json\/wp\/v2\/comments?post=434448"}],"version-history":[{"count":0,"href":"https:\/\/www.europesays.com\/fr\/wp-json\/wp\/v2\/posts\/434448\/revisions"}],"wp:featuredmedia":[{"embeddable":true,"href":"https:\/\/www.europesays.com\/fr\/wp-json\/wp\/v2\/media\/434449"}],"wp:attachment":[{"href":"https:\/\/www.europesays.com\/fr\/wp-json\/wp\/v2\/media?parent=434448"}],"wp:term":[{"taxonomy":"category","embeddable":true,"href":"https:\/\/www.europesays.com\/fr\/wp-json\/wp\/v2\/categories?post=434448"},{"taxonomy":"post_tag","embeddable":true,"href":"https:\/\/www.europesays.com\/fr\/wp-json\/wp\/v2\/tags?post=434448"}],"curies":[{"name":"wp","href":"https:\/\/api.w.org\/{rel}","templated":true}]}}