{"id":434450,"date":"2025-10-02T19:56:21","date_gmt":"2025-10-02T19:56:21","guid":{"rendered":"https:\/\/www.europesays.com\/fr\/434450\/"},"modified":"2025-10-02T19:56:21","modified_gmt":"2025-10-02T19:56:21","slug":"pro-d2-une-ossature-conservee-deux-retours-importants-sur-le-banc-la-compo-du-fcg-face-a-provence","status":"publish","type":"post","link":"https:\/\/www.europesays.com\/fr\/434450\/","title":{"rendered":"Pro D2. Une ossature conserv\u00e9e, deux retours importants sur le banc\u00a0: la compo du FCG face \u00e0 Provence"},"content":{"rendered":"<p>  Sans Jonker, avec Thomas \u00e0 son bon poste<\/p>\n<p>Un seul absent\u00a0: Johannes Jonker, victime d\u2019un saignement en Corr\u00e8ze et qui a pass\u00e9 mardi un protocole commotion. Le pilier sud-africain (\u00e0 qui il a \u00e9t\u00e9 prescrit dix jours de repos) sera remplac\u00e9, poste pour poste, par Cody Thomas, qui avait d\u00e9pann\u00e9 \u00e0 gauche de la 1re ligne en Corr\u00e8ze et qui retrouve sa place \u00e0 droite.<\/p>\n<p>Pour le reste, <a title=\"rugby Pro D2 Brive - FCG compo\" href=\"https:\/\/www.ledauphine.com\/sport\/2025\/09\/25\/les-grands-debuts-d-un-international-une-3e-ligne-new-look-la-compo-du-fcg-a-brive\" target=\"_blank\" rel=\"noopener\">neuf des joueurs align\u00e9s au stade Am\u00e9d\u00e9e-Domenech<\/a> seront reconduits parmi les 15 titulaires. Signe que, malgr\u00e9 la d\u00e9faite conc\u00e9d\u00e9e face au CAB, les Dauphinois ont livr\u00e9 un bon match.<\/p>\n<p>Parmi les changements, on note les retours du 2e ligne Thomas Ployet et de l\u2019ailier Aur\u00e9lien Callandret, titulaires tout le d\u00e9but de championnat mais laiss\u00e9s au repos la semaine derni\u00e8re.<\/p>\n<p>Les autres changements rel\u00e8vent de rotations entre rempla\u00e7ants et titulaires, avec les mont\u00e9es dans le XV de d\u00e9part du pilier gauche Eli Eglaine, du talonneur Bastien Soury, du flanker Antonin Berruyer et du n\u00b08 Richard Hardwick.<\/p>\n<p>Berruyer reprend aussi son brassard de capitaine, apr\u00e8s un int\u00e9rim de trois matchs assur\u00e9 par Jos\u00e9 Madeira de mani\u00e8re consciencieuse.<\/p>\n<p>  Gauthier et Fusier sortent de l\u2019infirmerie<\/p>\n<p>Par ailleurs, pour ce match qui sera la sixi\u00e8me et dernier du 1er bloc de championnat, le staff grenoblois est heureux de retrouver Zack Gauthier et Romain Fusier. Le premier, <a href=\"https:\/\/www.ledauphine.com\/sport\/2025\/09\/08\/verdict-impitoyable-pour-mouton-un-retour-bienvenu-les-derniers-echos-du-fcg\" target=\"_blank\" rel=\"noopener\">touch\u00e9 au genou face \u00e0 Aurillac<\/a>, a rat\u00e9 trois matchs. Le second, bless\u00e9 au genou au printemps dernier, n\u2019a pas rejou\u00e9 depuis la phase finale 2024-2025\u00a0; il a ensuite pass\u00e9 l\u2019intersaison \u00e0 soigner diff\u00e9rents p\u00e9pins.<\/p>\n<p>Le pilier gauche et le centre sont incorpor\u00e9s \u00e0 un banc des rempla\u00e7ants de nouveau en \u201c5\/3\u201d (cinq avants et trois arri\u00e8res). Avec aussi le demi de m\u00eal\u00e9e Eric Escande (m\u00e9nag\u00e9 la semaine derni\u00e8re) et le pilier g\u00e9orgien Giorgi Pertaia, qui a ramen\u00e9 un \u0153il au beurre noir de la Corr\u00e8ze (apr\u00e8s le plaquage tr\u00e8s haut de Courtney Lawes\u2026 carton jaune, plut\u00f4t que rouge) et d\u00e9clar\u00e9 bon pour le service.<\/p>\n<p class=\"note\">La rencontre Grenoble &#8211; Provence Rugby sera \u00e0 suivre en direct comment\u00e9 sur www.ledauphine.com\/sport vendredi \u00e0 partir de 20h30.<\/p>\n<p class=\"insetTitle\">La composition du FCG face \u00e0 Provence<\/p>\n<p><strong>XV de d\u00e9part<\/strong> : Farnoux\u00a0&#8211; H.\u00a0Trouilloud, Kveseladze, R.\u00a0Trouilloud, Callandret\u00a0&#8211; (o) Cl\u00e9ment, (m) Bar. Couilloud\u00a0&#8211; A.\u00a0Berruyer (cap), Hardwick, Madeira\u00a0&#8211; Javakhia, Ployet\u00a0&#8211; C.\u00a0Thomas, Soury, Eglaine.<\/p>\n<p><strong>Rempla\u00e7ants<\/strong>\u00a0: Ruffenach, Gauthier, Pertaia, Nansen, Baret, Escande, Palmier, R.\u00a0Fusier.<\/p>\n","protected":false},"excerpt":{"rendered":"Sans Jonker, avec Thomas \u00e0 son bon poste Un seul absent\u00a0: Johannes Jonker, victime d\u2019un saignement en Corr\u00e8ze&hellip;\n","protected":false},"author":2,"featured_media":434451,"comment_status":"","ping_status":"","sticky":false,"template":"","format":"standard","meta":{"footnotes":""},"categories":[1416],"tags":[112,113,114,2727,1701,1011,27,2731,2732,108,2308,479,1468,517,1947,60],"class_list":{"0":"post-434450","1":"post","2":"type-post","3":"status-publish","4":"format-standard","5":"has-post-thumbnail","7":"category-rugby","8":"tag-edition-grenoble-agglomeration","9":"tag-edition-gresivaudan-oisans","10":"tag-edition-voiron-saint-marcellin","11":"tag-fcg-fc-grenoble-rugby","12":"tag-fil-info-sport","13":"tag-fr","14":"tag-france","15":"tag-grenoble","16":"tag-grenoble-bassin","17":"tag-isere","18":"tag-pro-d2","19":"tag-rugby","20":"tag-rugby-football","21":"tag-sport","22":"tag-sport-national","23":"tag-sports"},"share_on_mastodon":{"url":"https:\/\/pubeurope.com\/@fr\/115306337730102287","error":""},"_links":{"self":[{"href":"https:\/\/www.europesays.com\/fr\/wp-json\/wp\/v2\/posts\/434450","targetHints":{"allow":["GET"]}}],"collection":[{"href":"https:\/\/www.europesays.com\/fr\/wp-json\/wp\/v2\/posts"}],"about":[{"href":"https:\/\/www.europesays.com\/fr\/wp-json\/wp\/v2\/types\/post"}],"author":[{"embeddable":true,"href":"https:\/\/www.europesays.com\/fr\/wp-json\/wp\/v2\/users\/2"}],"replies":[{"embeddable":true,"href":"https:\/\/www.europesays.com\/fr\/wp-json\/wp\/v2\/comments?post=434450"}],"version-history":[{"count":0,"href":"https:\/\/www.europesays.com\/fr\/wp-json\/wp\/v2\/posts\/434450\/revisions"}],"wp:featuredmedia":[{"embeddable":true,"href":"https:\/\/www.europesays.com\/fr\/wp-json\/wp\/v2\/media\/434451"}],"wp:attachment":[{"href":"https:\/\/www.europesays.com\/fr\/wp-json\/wp\/v2\/media?parent=434450"}],"wp:term":[{"taxonomy":"category","embeddable":true,"href":"https:\/\/www.europesays.com\/fr\/wp-json\/wp\/v2\/categories?post=434450"},{"taxonomy":"post_tag","embeddable":true,"href":"https:\/\/www.europesays.com\/fr\/wp-json\/wp\/v2\/tags?post=434450"}],"curies":[{"name":"wp","href":"https:\/\/api.w.org\/{rel}","templated":true}]}}