{"id":434454,"date":"2025-10-02T19:59:12","date_gmt":"2025-10-02T19:59:12","guid":{"rendered":"https:\/\/www.europesays.com\/fr\/434454\/"},"modified":"2025-10-02T19:59:12","modified_gmt":"2025-10-02T19:59:12","slug":"quand-rossi-et-marquez-soutiennent-quils-nont-pas-ete-rivaux","status":"publish","type":"post","link":"https:\/\/www.europesays.com\/fr\/434454\/","title":{"rendered":"Quand Rossi et M\u00e1rquez soutiennent qu&rsquo;ils n&rsquo;ont pas \u00e9t\u00e9 rivaux"},"content":{"rendered":"<p>Le titre qu&rsquo;il a valid\u00e9 dimanche vaut \u00e0\u00a0<a href=\"https:\/\/fr.motorsport.com\/driver\/marc-marquez\/92646\/\" target=\"_blank\" rel=\"noopener nofollow\">Marc M\u00e1rquez<\/a>\u00a0d&rsquo;\u00e9galer le nombre de couronnes de <a href=\"https:\/\/fr.motorsport.com\/driver\/valentino-rossi\/76374\/\" target=\"_blank\" rel=\"noopener nofollow\">Valentino Rossi<\/a>, tant dans la cat\u00e9gorie reine que sur l&rsquo;ensemble de sa carri\u00e8re en Grand Prix.\u00a0Malgr\u00e9 le passif tr\u00e8s lourd entre eux, et toujours pas r\u00e9gl\u00e9 dix ans apr\u00e8s les faits, l&rsquo;Espagnol s&rsquo;est fendu d&rsquo;un commentaire sympathique \u00e0 l&rsquo;\u00e9gard du pilote au num\u00e9ro 46, d\u00e9clarant sur le moment que c&rsquo;\u00e9tait <a href=\"https:\/\/fr.motorsport.com\/motogp\/news\/marquez-egaler-titres-rossi-honneur\/10763678\/\" target=\"_self\" rel=\"noopener nofollow\">\u00ab\u00a0un honneur\u00a0\u00bb pour lui d&rsquo;\u00e9galer un aussi grand nom<\/a>.<\/p>\n<p>Il faut croire que le message n&rsquo;est pas parvenu au destinataire\u00a0&#8211;\u00a0ou que celui-ci l&rsquo;a tout bonnement ignor\u00e9\u00a0&#8211;\u00a0puisque Rossi s&rsquo;est \u00e0 son tour fait remarquer pour une petite phrase durant la semaine, mais bien moins chaleureuse. En participant \u00e0 un \u00e9v\u00e9nement de Pertamina, sponsor de son \u00e9quipe MotoGP, \u00e0 Jakarta, l&rsquo;Italien a en effet omis M\u00e1rquez au moment de mentionner les plus grands adversaires qu&rsquo;il ait eus au cours de sa carri\u00e8re.<\/p>\n<p>\u00ab\u00a0J&rsquo;ai eu beaucoup de grands rivaux dans ma carri\u00e8re, et je pense que \u00e7a se joue entre Stoner, Lorenzo, Biaggi et Pedrosa\u00a0\u00bb, a ainsi r\u00e9pondu Valentino Rossi, oubliant aussi bien Marc M\u00e1rquez que Sete Gibernau.<\/p>\n<p>\u00ab\u00a0Il est difficile de dire qui a \u00e9t\u00e9 le plus grand. Peut-\u00eatre Lorenzo parce qu&rsquo;on \u00e9tait dans la m\u00eame \u00e9quipe et qu&rsquo;on a longtemps \u00e9t\u00e9 co\u00e9quipier. \u00c7a n&rsquo;\u00e9tait donc pas juste une rivalit\u00e9, c&rsquo;\u00e9tait comme une histoire d&rsquo;amour\u00a0!\u00a0\u00bb<\/p>\n<p>Rossi et M\u00e1rquez sont d&rsquo;accord sur un point<\/p>\n<p>Malgr\u00e9 leurs 14 ans d&rsquo;\u00e9cart, Valentino Rossi et Marc M\u00e1rquez ont partag\u00e9 la piste pendant neuf ans, dont cinq durant lesquels l&rsquo;Italien a continu\u00e9 \u00e0 gagner. Rossi a \u00e9t\u00e9 le plus proche poursuivant de M\u00e1rquez au championnat en 2014 et en 2016, et ce fut l&rsquo;inverse en 2015 lors de l&rsquo;annus horribilis de leur rivalit\u00e9 belle et bien r\u00e9elle.<\/p>\n<p>Cette saison 2015 a surtout vu cette confrontation atteindre son paroxysme dans l&rsquo;attitude des deux pilotes, avec en point d&rsquo;orgue un contact en piste au GP de Malaisie qui allait entra\u00eener une p\u00e9nalit\u00e9 tr\u00e8s lourde de cons\u00e9quences pour le pilote Yamaha. Depuis, la hache de guerre n&rsquo;a plus \u00e9t\u00e9 enterr\u00e9e et, encore r\u00e9cemment, leur \u00e9vocation respective du sujet a montr\u00e9 que rien n&rsquo;avait chang\u00e9.<\/p>\n<p>Lire aussi :<\/p>\n<p>M\u00e1rquez, aujourd&rsquo;hui trentenaire et \u00e0 la t\u00eate de l&rsquo;un des palmar\u00e8s les plus iconiques des Grands Prix moto, ne s&rsquo;est pas fait prier pour se fondre dans le discours de Rossi lorsque ces propos lui ont \u00e9t\u00e9 rapport\u00e9s ce jeudi, \u00e0 Mandalika o\u00f9 se tient le 18e Grand Prix de la saison.<\/p>\n<p>\u00ab\u00a0Parce qu&rsquo;on ne s&rsquo;est jamais battus pour un championnat\u00a0\u00bb, a-t-il r\u00e9agi, confirmant que, selon lui non plus, ils n&rsquo;ont pas \u00e9t\u00e9 de grands adversaires. Puis lorsqu&rsquo;il lui a \u00e9t\u00e9 fait remarquer qu&rsquo;il a tout de m\u00eame gagn\u00e9 six titres alors que Rossi \u00e9tait actif, M\u00e1rquez a ajout\u00e9\u00a0:\u00a0\u00ab\u00a0Non, pas de ce point de vue. C&rsquo;est juste que quand je suis arriv\u00e9, mon plus grand adversaire [au championnat], une ann\u00e9e \u00e7a a \u00e9t\u00e9 Lorenzo, puis je suis pass\u00e9 \u00e0 Dovizioso.\u00a0\u00bb<\/p>\n<p>Cette vision surprenante des faits de la part des deux pilotes tiendra lieu d&rsquo;anecdote dans leur carri\u00e8re, li\u00e9e qu&rsquo;ils le veuillent ou non, \u00e0 la fois par <a href=\"https:\/\/fr.motorsport.com\/motogp\/news\/marc-marquez-records-statistiques-palmares\/10762137\/\" target=\"_self\" rel=\"noopener nofollow\">leur palmar\u00e8s<\/a>, les luttes qu&rsquo;ils ont pu mener en piste et cette verrue que restera leur rivalit\u00e9 explosive de 2015.<\/p>\n<p style=\"text-align: right;\">Avec Rachit Thukral<\/p>\n<p>\u00a0            <\/p>\n<p>            Votre avis nous int\u00e9resse !<\/p>\n<p class=\"mt-auto\">Qu&rsquo;aimeriez-vous voir sur Motorsport.com ?<\/p>\n<p>            <a href=\"#\" class=\"ms-link text-link font-bold\">R\u00e9pondez \u00e0 notre enqu\u00eate de 5 minutes.<\/a><\/p>\n<p class=\"mt-1 font-info text-body\">&#8211; L&rsquo;\u00e9quipe Motorsport.com<\/p>\n","protected":false},"excerpt":{"rendered":"Le titre qu&rsquo;il a valid\u00e9 dimanche vaut \u00e0\u00a0Marc M\u00e1rquez\u00a0d&rsquo;\u00e9galer le nombre de couronnes de Valentino Rossi, tant dans&hellip;\n","protected":false},"author":2,"featured_media":434455,"comment_status":"","ping_status":"","sticky":false,"template":"","format":"standard","meta":{"footnotes":""},"categories":[1413],"tags":[4950,1011,27,5038,1457,1456,1458,56221,60,5929],"class_list":{"0":"post-434454","1":"post","2":"type-post","3":"status-publish","4":"format-standard","5":"has-post-thumbnail","7":"category-moto","8":"tag-ducati-team","9":"tag-fr","10":"tag-france","11":"tag-marc-mu00e1rquez","12":"tag-moto","13":"tag-motocycle","14":"tag-motogp","15":"tag-quand-rossi-et-mu00e1rquez-soutiennent-quils-nont-pas-u00e9tu00e9-rivaux","16":"tag-sports","17":"tag-valentino-rossi"},"share_on_mastodon":{"url":"https:\/\/pubeurope.com\/@fr\/115306349498936652","error":""},"_links":{"self":[{"href":"https:\/\/www.europesays.com\/fr\/wp-json\/wp\/v2\/posts\/434454","targetHints":{"allow":["GET"]}}],"collection":[{"href":"https:\/\/www.europesays.com\/fr\/wp-json\/wp\/v2\/posts"}],"about":[{"href":"https:\/\/www.europesays.com\/fr\/wp-json\/wp\/v2\/types\/post"}],"author":[{"embeddable":true,"href":"https:\/\/www.europesays.com\/fr\/wp-json\/wp\/v2\/users\/2"}],"replies":[{"embeddable":true,"href":"https:\/\/www.europesays.com\/fr\/wp-json\/wp\/v2\/comments?post=434454"}],"version-history":[{"count":0,"href":"https:\/\/www.europesays.com\/fr\/wp-json\/wp\/v2\/posts\/434454\/revisions"}],"wp:featuredmedia":[{"embeddable":true,"href":"https:\/\/www.europesays.com\/fr\/wp-json\/wp\/v2\/media\/434455"}],"wp:attachment":[{"href":"https:\/\/www.europesays.com\/fr\/wp-json\/wp\/v2\/media?parent=434454"}],"wp:term":[{"taxonomy":"category","embeddable":true,"href":"https:\/\/www.europesays.com\/fr\/wp-json\/wp\/v2\/categories?post=434454"},{"taxonomy":"post_tag","embeddable":true,"href":"https:\/\/www.europesays.com\/fr\/wp-json\/wp\/v2\/tags?post=434454"}],"curies":[{"name":"wp","href":"https:\/\/api.w.org\/{rel}","templated":true}]}}