{"id":434456,"date":"2025-10-02T20:00:18","date_gmt":"2025-10-02T20:00:18","guid":{"rendered":"https:\/\/www.europesays.com\/fr\/434456\/"},"modified":"2025-10-02T20:00:18","modified_gmt":"2025-10-02T20:00:18","slug":"apres-le-coup-dur-pour-jorge-martin-un-autre-pilote-forfait","status":"publish","type":"post","link":"https:\/\/www.europesays.com\/fr\/434456\/","title":{"rendered":"apr\u00e8s le coup dur pour Jorge Martin, un autre pilote forfait"},"content":{"rendered":"<p>Apr\u00e8s Jorge Martin, c\u2019est Ai Ogura qui est forfait pour le GP d&rsquo;Indon\u00e9sie. Le pilote Trackhouse Racing a subi, lors de la course du dimanche, \u00e0 Misano, en Italie, une chute \u00e0 plus de 260 km\/h et doit, en effet, renoncer \u00e0 Mandalika. Le pilote s\u2019\u00e9tait relev\u00e9 avec une douleur au poignet droit.\u00a0<\/p>\n<p><b>Une blessure au poignet droit<\/b><\/p>\n<p>Malgr\u00e9 un retour au Japon devant son public, Ai Ogura avait pu courir le samedi, mais avait \u00e9t\u00e9 contraint d\u2019abandonner le dimanche \u00e0 la suite d\u2019une g\u00eane d\u00fbe \u00e0 sa blessure. \u201cLa situation n&rsquo;\u00e9tait pas bonne avec ma main, et l&rsquo;\u00e9quipe et moi avons d\u00e9cid\u00e9 de me faire manquer la course dans l&rsquo;espoir que je sois en meilleure condition pour les prochaines courses\u201d, avait alors d\u00e9clar\u00e9 Ai Ogura. \u201cJe suis juste d\u00e9\u00e7u du week-end, mais mon pilotage \u00e9tait correct et on a pu voir du potentiel \u00e0 Motegi. J&rsquo;ai juste envie de retenir le positif et d&rsquo;aller de l&rsquo;avant.\u201d via des propos relay\u00e9s par <a href=\"https:\/\/fr.motorsport.com\/motogp\/news\/ai-ogura-forfait-gp-indonesie\/10763937\/\" target=\"_blank\" rel=\"noopener\">motorsport.com<\/a>.\u00a0<\/p>\n<p>Le pilote Aprilia Trackhouse Racing doit d\u00e9sormais se reposer pour essayer de revenir au top de sa forme pour le Grand Prix d\u2019Australie dans deux semaines. Ce week-end, seul l\u2019espagnol Ra\u00f9l Fernandez roulera sur la piste.\u00a0\u00a0<\/p>\n<p>Avec cet abandon, il rejoint l\u2019espagnol Jorge Martin, pour qui le retour est encore incertain \u00e0 la suite d\u2019une fracture \u00e0 la clavicule.\u00a0<\/p>\n<p>    Partagez cette info avec vos amis et vos proches en cliquant ici  <\/p>\n<p> Podcasts \u00e0 la une MEN LIFE <\/p>\n<p>    Pour r\u00e9sumer<\/p>\n<p>C&rsquo;est le deuxi\u00e8me pilote \u00e0 \u00eatre forfait pour le GP d&rsquo;Indon\u00e9sie. Le pilote Moto GP, Ai Ogura est contraint d&rsquo;abandonner Mandalika \u00e0 la chute d&rsquo;une blessure au poignet droit, survenue durant le grand prix de Misano, en Italie.<\/p>\n<p>R\u00e9dacteur<\/p>\n<p><img decoding=\"async\" width=\"76\" height=\"76\" loading=\"lazy\" src=\"https:\/\/www.europesays.com\/fr\/wp-content\/uploads\/2025\/04\/avatar-sport-am.png\" alt=\"Cylia Espiau\"\/><\/p>\n","protected":false},"excerpt":{"rendered":"Apr\u00e8s Jorge Martin, c\u2019est Ai Ogura qui est forfait pour le GP d&rsquo;Indon\u00e9sie. Le pilote Trackhouse Racing a&hellip;\n","protected":false},"author":2,"featured_media":434457,"comment_status":"","ping_status":"","sticky":false,"template":"","format":"standard","meta":{"footnotes":""},"categories":[1412],"tags":[1451,1452,1453,1454,1455,1011,27,60],"class_list":{"0":"post-434456","1":"post","2":"type-post","3":"status-publish","4":"format-standard","5":"has-post-thumbnail","7":"category-f1","8":"tag-f1","9":"tag-formula-1","10":"tag-formula1","11":"tag-formule-1","12":"tag-formule1","13":"tag-fr","14":"tag-france","15":"tag-sports"},"share_on_mastodon":{"url":"https:\/\/pubeurope.com\/@fr\/115306353855350994","error":""},"_links":{"self":[{"href":"https:\/\/www.europesays.com\/fr\/wp-json\/wp\/v2\/posts\/434456","targetHints":{"allow":["GET"]}}],"collection":[{"href":"https:\/\/www.europesays.com\/fr\/wp-json\/wp\/v2\/posts"}],"about":[{"href":"https:\/\/www.europesays.com\/fr\/wp-json\/wp\/v2\/types\/post"}],"author":[{"embeddable":true,"href":"https:\/\/www.europesays.com\/fr\/wp-json\/wp\/v2\/users\/2"}],"replies":[{"embeddable":true,"href":"https:\/\/www.europesays.com\/fr\/wp-json\/wp\/v2\/comments?post=434456"}],"version-history":[{"count":0,"href":"https:\/\/www.europesays.com\/fr\/wp-json\/wp\/v2\/posts\/434456\/revisions"}],"wp:featuredmedia":[{"embeddable":true,"href":"https:\/\/www.europesays.com\/fr\/wp-json\/wp\/v2\/media\/434457"}],"wp:attachment":[{"href":"https:\/\/www.europesays.com\/fr\/wp-json\/wp\/v2\/media?parent=434456"}],"wp:term":[{"taxonomy":"category","embeddable":true,"href":"https:\/\/www.europesays.com\/fr\/wp-json\/wp\/v2\/categories?post=434456"},{"taxonomy":"post_tag","embeddable":true,"href":"https:\/\/www.europesays.com\/fr\/wp-json\/wp\/v2\/tags?post=434456"}],"curies":[{"name":"wp","href":"https:\/\/api.w.org\/{rel}","templated":true}]}}