{"id":434462,"date":"2025-10-02T20:03:10","date_gmt":"2025-10-02T20:03:10","guid":{"rendered":"https:\/\/www.europesays.com\/fr\/434462\/"},"modified":"2025-10-02T20:03:10","modified_gmt":"2025-10-02T20:03:10","slug":"on-invente-thomas-sotto-rue-dans-les-brancards-apres-les-bourdes-de-lea-salame-au-20h-de-france-2","status":"publish","type":"post","link":"https:\/\/www.europesays.com\/fr\/434462\/","title":{"rendered":"\u00ab\u00a0On invente&#8230;\u00a0\u00bb : Thomas Sotto rue dans les brancards apr\u00e8s les bourdes de L\u00e9a Salam\u00e9 au 20H de France 2"},"content":{"rendered":"<p data-start=\"461\" data-end=\"789\">Depuis la rentr\u00e9e, <a href=\"https:\/\/www.closermag.fr\/people\/louis-sarkozy-blesse-par-une-blague-sur-nicolas-sarkozy-mais-ce-chroniqueur-de-lea-salame-ne-regrette-rien-3583916\" target=\"_blank\" rel=\"noopener\"><br \/>\nL\u00e9a Salam\u00e9<\/a> est au c\u0153ur des discussions. Aux commandes du 20<br \/>\nHeures de France 2, la journaliste a encha\u00een\u00e9 quelques moments<br \/>\n<a href=\"https:\/\/www.closermag.fr\/people\/lea-salame-touchee-coulee-nouveau-coup-dur-apres-son-naufrage-face-a-marion-cotillard-3581084\" target=\"_blank\" rel=\"noopener\"><br \/>\nmaladroits<\/a> qui n\u2019ont pas \u00e9chapp\u00e9 aux t\u00e9l\u00e9spectateurs et aux<br \/>\nr\u00e9seaux sociaux. Entre un <a href=\"https:\/\/www.closermag.fr\/people\/pardonnez-moi-lea-salame-se-prend-encore-les-pieds-dans-le-tapis-au-jt-un-leger-malaise-se-fait-sentir-3582550\" target=\"_blank\" rel=\"noopener\"><br \/>\nlapsus<\/a> en direct et une question jug\u00e9e <a href=\"https:\/\/www.closermag.fr\/people\/lea-salame-cree-le-malaise-au-jt-bourde-question-intime-inappropriee-marion-cotillard-repart-fachee-3579873\" target=\"_blank\" rel=\"noopener\"><br \/>\nd\u00e9plac\u00e9e<\/a>, chaque erreur a pris <strong>des proportions<br \/>\ninattendues.<\/strong><\/p>\n<p data-start=\"791\" data-end=\"1087\">Mais ce jeudi 2 octobre,<br \/>\n<a href=\"https:\/\/www.closermag.fr\/people\/trop-longtemps-thomas-sotto-fait-une-rarissime-confidence-sur-sa-femme-en-plein-direct-sur-rtl-3578937\" target=\"_blank\" rel=\"noopener\"><br \/>\nThomas Sotto<\/a> a d\u00e9cid\u00e9 de prendre une nouvelle fois la parole.<br \/>\nInvit\u00e9 au micro de Buzz<br \/>\nTV, le journaliste est mont\u00e9 au cr\u00e9neau pour d\u00e9fendre sa<br \/>\ncoll\u00e8gue et amie. Sans langue de bois, il a <strong>d\u00e9nonc\u00e9 les<br \/>\nattaques r\u00e9p\u00e9t\u00e9es<\/strong> dont elle fait l\u2019objet et rappel\u00e9 qu\u2019il<br \/>\nfallait parfois relativiser. La premi\u00e8re pol\u00e9mique est survenue<br \/>\napr\u00e8s un lapsus en plein JT. Face \u00e0 Henri Guaino, l\u2019ancienne<br \/>\nchroniqueuse de On n\u2019est pas<br \/>\ncouch\u00e9 a l\u00e2ch\u00e9 : \u00ab\u00a0Claude<br \/>\nGu\u00e9ant, un dernier mot sur cette condamnation ?\u00a0\u00bb. Une<br \/>\nconfusion imm\u00e9diatement relev\u00e9e et comment\u00e9e par les internautes,<br \/>\nqui n\u2019ont pas manqu\u00e9 de pointer l\u2019erreur.<\/p>\n<p>L\u00e9a Salam\u00e9 critiqu\u00e9e apr\u00e8s<br \/>\nses bourdes, \u00ab\u00a0\u00c7a peut tous nous arriver\u00a0\u00bb<\/p>\n<p data-start=\"1463\" data-end=\"1928\">Quelques jours plus t\u00f4t, une<br \/>\npremi\u00e8re pol\u00e9mique. Le 15 septembre, L\u00e9a Salam\u00e9 recevait Marion<br \/>\nCotillard, venue parler de cin\u00e9ma. Mais au d\u00e9tour de l\u2019entretien,<br \/>\nla journaliste l\u00a0\u00bba interrog\u00e9e sur sa r\u00e9cente rupture avec <a href=\"https:\/\/www.closermag.fr\/people\/guillaume-canet-apres-sa-rupture-avec-marion-cotillard-il-se-ressource-dans-un-endroit-paradisiaque-3571615\" target=\"_blank\" rel=\"noopener\"><br \/>\nGuillaume Canet<\/a> : \u00ab\u00a0Est-ce<br \/>\nque vous allez bien ?\u00a0\u00bb. R\u00e9ponse glaciale de l\u2019actrice :<br \/>\n\u00ab\u00a0Merci, \u00e7a va. <strong>Et<br \/>\nvous, vous allez bien ?\u00a0\u00bb<\/strong>. Malaise. La s\u00e9quence a<br \/>\nrapidement tourn\u00e9 sur les r\u00e9seaux sociaux, certains accusant la<br \/>\npr\u00e9sentatrice de franchir une limite.<\/p>\n<p data-start=\"1463\" data-end=\"1928\">Face \u00e0 ces critiques, Thomas<br \/>\nSotto n\u2019a pas m\u00e2ch\u00e9 ses mots. \u00ab\u00a0Le 20 heures, L\u00e9a en est une victime scandaleuse\u00a0\u00bb,<br \/>\na-t-il l\u00e2ch\u00e9 sur Buzz<br \/>\nTV. Il rappelle que ce n\u2019est pas la premi\u00e8re fois qu\u2019il prend<br \/>\nsa d\u00e9fense : \u00ab\u00a0\u00c7a va, tu<br \/>\nconfonds Henri Guaino et Claude Gu\u00e9ant, <strong>\u00e7a peut tous nous<br \/>\narriver<\/strong>\u00ab\u00a0. Pour lui, impossible de laisser passer un<br \/>\ntel acharnement : \u00ab\u00a0On a le<br \/>\ndroit d\u2019aimer ou de ne pas aimer un journal, un pr\u00e9sentateur, une<br \/>\npr\u00e9sentatrice. On a le droit de regarder ou de ne pas regarder,<br \/>\nmais on n\u2019a pas le droit de d\u00e9foncer, <strong>on n\u2019a pas le droit<br \/>\nde lyncher<\/strong> et on n\u2019a pas le droit de d\u00e9truire<br \/>\nl\u2019humain.\u00a0\u00bb<\/p>\n<p>Thomas Sotto monte au cr\u00e9neau et appelle \u00e0 \u00ab\u00a0l\u00e2cher L\u00e9a Salam\u00e9\u00a0\u00bb<\/p>\n<p data-start=\"2611\" data-end=\"3212\">Le journaliste a aussi balay\u00e9<br \/>\nles critiques venues de la <a href=\"https:\/\/www.closermag.fr\/people\/lea-salame-manipulation-grossiere-cette-lourde-accusation-venue-du-sein-meme-de-france-televisions-3578722\" target=\"_blank\" rel=\"noopener\"><br \/>\nCGT de France T\u00e9l\u00e9visions<\/a> sur le traitement des gr\u00e8ves du 10<br \/>\nseptembre. \u00ab\u00a0On invente des<br \/>\nprobl\u00e8mes qui n\u2019existent pas. Moi, je sais comment travaille la<br \/>\nr\u00e9daction de France 2, je sais comment se passe le lien entre les<br \/>\npr\u00e9sentateurs et la r\u00e9daction. Et \u00e7a se passe toujours tr\u00e8s bien.<br \/>\nIl y a toujours un ou deux grognons <strong>qui vont sortir un<br \/>\ncommuniqu\u00e9<\/strong>, mais ce n\u2019est pas repr\u00e9sentatif. L\u00e9a, on n\u2019a<br \/>\nrien invent\u00e9 en disant qu\u2019elle sait pr\u00e9senter un journal, qu\u2019elle<br \/>\nsait pr\u00e9senter une tranche, qu\u2019elle sait animer. L\u00e2chez-lui la<br \/>\ngrappe, quoi !\u00a0\u00bb<\/p>\n<p data-start=\"3214\" data-end=\"3631\">Et quand on lui demande s\u2019il<br \/>\naurait pos\u00e9, lui, la fameuse question \u00e0 Marion Cotillard, il<br \/>\nreconna\u00eet : \u00ab\u00a0Je ne sais pas.<br \/>\nBah non, je ne l\u2019aurais pas pos\u00e9e comme \u00e7a, \u00e9videmment. Quand on<br \/>\nconna\u00eet la fin de l\u2019histoire, on \u00e9vite de faire le d\u00e9but ! Mais<br \/>\nest-ce qu\u2019il y a des interviews o\u00f9 moi, j\u2019ai pos\u00e9 des questions \u00e0<br \/>\nla noix que je n\u2019aurais pas d\u00fb ? Oui, probablement, \u00e7a nous arrive<br \/>\ntous, et <strong>\u00e7a n\u2019est pas si grave.<\/strong>\u00a0\u00bb Une prise de<br \/>\nposition qui montre que L\u00e9a Salam\u00e9 peut compter sur un soutien<br \/>\nsolide. Et dans un contexte o\u00f9 chaque mot est scrut\u00e9, Thomas Sotto<br \/>\nrappelle que les journalistes, eux aussi, restent humains.<\/p>\n","protected":false},"excerpt":{"rendered":"Depuis la rentr\u00e9e, L\u00e9a Salam\u00e9 est au c\u0153ur des discussions. Aux commandes du 20 Heures de France 2,&hellip;\n","protected":false},"author":2,"featured_media":434463,"comment_status":"","ping_status":"","sticky":false,"template":"","format":"standard","meta":{"footnotes":""},"categories":[1359],"tags":[58,59,1011,27,594,3806,34774,973,1062,28426],"class_list":{"0":"post-434462","1":"post","2":"type-post","3":"status-publish","4":"format-standard","5":"has-post-thumbnail","7":"category-people","8":"tag-divertissement","9":"tag-entertainment","10":"tag-fr","11":"tag-france","12":"tag-france-2","13":"tag-lea-salame","14":"tag-marion-cotillard","15":"tag-people","16":"tag-polemique","17":"tag-thomas-sotto"},"share_on_mastodon":{"url":"https:\/\/pubeurope.com\/@fr\/115306365285346321","error":""},"_links":{"self":[{"href":"https:\/\/www.europesays.com\/fr\/wp-json\/wp\/v2\/posts\/434462","targetHints":{"allow":["GET"]}}],"collection":[{"href":"https:\/\/www.europesays.com\/fr\/wp-json\/wp\/v2\/posts"}],"about":[{"href":"https:\/\/www.europesays.com\/fr\/wp-json\/wp\/v2\/types\/post"}],"author":[{"embeddable":true,"href":"https:\/\/www.europesays.com\/fr\/wp-json\/wp\/v2\/users\/2"}],"replies":[{"embeddable":true,"href":"https:\/\/www.europesays.com\/fr\/wp-json\/wp\/v2\/comments?post=434462"}],"version-history":[{"count":0,"href":"https:\/\/www.europesays.com\/fr\/wp-json\/wp\/v2\/posts\/434462\/revisions"}],"wp:featuredmedia":[{"embeddable":true,"href":"https:\/\/www.europesays.com\/fr\/wp-json\/wp\/v2\/media\/434463"}],"wp:attachment":[{"href":"https:\/\/www.europesays.com\/fr\/wp-json\/wp\/v2\/media?parent=434462"}],"wp:term":[{"taxonomy":"category","embeddable":true,"href":"https:\/\/www.europesays.com\/fr\/wp-json\/wp\/v2\/categories?post=434462"},{"taxonomy":"post_tag","embeddable":true,"href":"https:\/\/www.europesays.com\/fr\/wp-json\/wp\/v2\/tags?post=434462"}],"curies":[{"name":"wp","href":"https:\/\/api.w.org\/{rel}","templated":true}]}}