{"id":434464,"date":"2025-10-02T20:04:15","date_gmt":"2025-10-02T20:04:15","guid":{"rendered":"https:\/\/www.europesays.com\/fr\/434464\/"},"modified":"2025-10-02T20:04:15","modified_gmt":"2025-10-02T20:04:15","slug":"en-images-le-chat-de-philippe-geluck-deambule-au-parc-de-la-tete-dor","status":"publish","type":"post","link":"https:\/\/www.europesays.com\/fr\/434464\/","title":{"rendered":"En images. Le Chat de Philippe Geluck d\u00e9ambule au Parc de la T\u00eate d&rsquo;Or"},"content":{"rendered":"<p>                            <img loading=\"lazy\" width=\"1200\" height=\"900\" class=\"attachment-article size-article wp-post-image lazyload\" alt=\"Expo Le Chat Philippe Geluck\" decoding=\"async\" src=\"https:\/\/www.europesays.com\/fr\/wp-content\/uploads\/2025\/10\/IMG_3148-e1759412981194-1200x900.jpg\" data-eio-rwidth=\"1200\" data-eio-rheight=\"900\"\/><\/p>\n<p>Le Chat d\u00e9ambule, exposition de Philippe Geluck<\/p>\n<p class=\"content\" style=\"font-size:1.2em;font-weight:700\">Ce jeudi 2 octobre, 15 sculptures monumentales font leur apparition pour une exposition au coeur de la Roseraie Internationale du Parc de la T\u00eate d&rsquo;Or.<\/p>\n<p>Le Chat. Le c\u00e9l\u00e8bre animal de la bande dessin\u00e9e de Philippe Geluck d\u00e9ambule \u00e0 travers la France avec des sculptures d\u00e9cal\u00e9es, dr\u00f4les et po\u00e9tiques. Apr\u00e8s avoir d\u00e9j\u00e0 conquis Paris, Bordeaux, Gen\u00e8ve, Monaco, Montreux, Bruxelles et Gu\u00e9rande,\u00a0Le Chat d\u00e9ambule\u00a0pose ses pattes \u00e0 Lyon pour une dur\u00e9e de cinq mois (du 2 octobre 2025 au 1er mars 2026).<\/p>\n<p>\u00ab\u00a0Je ne dois pas partir d&rsquo;un dessin qui existe, il faut que je cr\u00e9e une sculpture pour elle-m\u00eame\u00a0\u00bb<\/p>\n<p>N\u00e9 en 1983 de la plume de Philippe Geluck \u00ab\u00a0d&rsquo;une fa\u00e7on romanc\u00e9\u00a0\u00bb, le repr\u00e9sentant avec sa femme \u00ab\u00a0sous forme de chat\u00a0\u00bb, sa cr\u00e9ation intitul\u00e9e Le Chat est devenu un compagnon familier pour des millions de lecteurs. \u00ab\u00a0Il touche tellement de gens, il est entr\u00e9 dans la vie des gens\u00a0\u00bb confie l&rsquo;artiste, quelques minutes avant qu&rsquo;un passant lui avoue \u00e0 quel point Le Chat l&rsquo;a accompagn\u00e9 durant son enfance.<\/p>\n<p><img loading=\"lazy\" decoding=\"async\" width=\"636\" height=\"900\" alt=\"\" class=\"wp-image-463744 lazyload\" src=\"https:\/\/www.europesays.com\/fr\/wp-content\/uploads\/2025\/10\/1759435453_847_1.jpg\" data-eio-rwidth=\"636\" data-eio-rheight=\"900\"\/><\/p>\n<p><img loading=\"lazy\" decoding=\"async\" width=\"636\" height=\"900\" alt=\"\" class=\"wp-image-463746 lazyload\" src=\"https:\/\/www.europesays.com\/fr\/wp-content\/uploads\/2025\/10\/2.jpg\" data-eio-rwidth=\"636\" data-eio-rheight=\"900\"\/><\/p>\n<p><img loading=\"lazy\" decoding=\"async\" width=\"636\" height=\"900\" alt=\"\" class=\"wp-image-463747 lazyload\" src=\"https:\/\/www.europesays.com\/fr\/wp-content\/uploads\/2025\/10\/3.jpg\" data-eio-rwidth=\"636\" data-eio-rheight=\"900\"\/><\/p>\n","protected":false},"excerpt":{"rendered":"Le Chat d\u00e9ambule, exposition de Philippe Geluck Ce jeudi 2 octobre, 15 sculptures monumentales font leur apparition pour&hellip;\n","protected":false},"author":2,"featured_media":434465,"comment_status":"","ping_status":"","sticky":false,"template":"","format":"standard","meta":{"footnotes":""},"categories":[1358],"tags":[1348,1384,1385,1386,58,59,1011,27],"class_list":{"0":"post-434464","1":"post","2":"type-post","3":"status-publish","4":"format-standard","5":"has-post-thumbnail","7":"category-arts-et-design","8":"tag-arts","9":"tag-arts-and-design","10":"tag-arts-et-design","11":"tag-design","12":"tag-divertissement","13":"tag-entertainment","14":"tag-fr","15":"tag-france"},"share_on_mastodon":{"url":"https:\/\/pubeurope.com\/@fr\/115306369748823093","error":""},"_links":{"self":[{"href":"https:\/\/www.europesays.com\/fr\/wp-json\/wp\/v2\/posts\/434464","targetHints":{"allow":["GET"]}}],"collection":[{"href":"https:\/\/www.europesays.com\/fr\/wp-json\/wp\/v2\/posts"}],"about":[{"href":"https:\/\/www.europesays.com\/fr\/wp-json\/wp\/v2\/types\/post"}],"author":[{"embeddable":true,"href":"https:\/\/www.europesays.com\/fr\/wp-json\/wp\/v2\/users\/2"}],"replies":[{"embeddable":true,"href":"https:\/\/www.europesays.com\/fr\/wp-json\/wp\/v2\/comments?post=434464"}],"version-history":[{"count":0,"href":"https:\/\/www.europesays.com\/fr\/wp-json\/wp\/v2\/posts\/434464\/revisions"}],"wp:featuredmedia":[{"embeddable":true,"href":"https:\/\/www.europesays.com\/fr\/wp-json\/wp\/v2\/media\/434465"}],"wp:attachment":[{"href":"https:\/\/www.europesays.com\/fr\/wp-json\/wp\/v2\/media?parent=434464"}],"wp:term":[{"taxonomy":"category","embeddable":true,"href":"https:\/\/www.europesays.com\/fr\/wp-json\/wp\/v2\/categories?post=434464"},{"taxonomy":"post_tag","embeddable":true,"href":"https:\/\/www.europesays.com\/fr\/wp-json\/wp\/v2\/tags?post=434464"}],"curies":[{"name":"wp","href":"https:\/\/api.w.org\/{rel}","templated":true}]}}