{"id":434466,"date":"2025-10-02T20:05:13","date_gmt":"2025-10-02T20:05:13","guid":{"rendered":"https:\/\/www.europesays.com\/fr\/434466\/"},"modified":"2025-10-02T20:05:13","modified_gmt":"2025-10-02T20:05:13","slug":"lire-a-los-la-librairie-camille-escudero-ouvre-ses-portes-a-arles-sur-tech","status":"publish","type":"post","link":"https:\/\/www.europesays.com\/fr\/434466\/","title":{"rendered":"Lire \u00e0 l\u2019os, la librairie Camille Escudero ouvre ses portes \u00e0 Arles-sur-Tech"},"content":{"rendered":"<p>Sur le march\u00e9, un nouveau stand attendait les passants. Un bel \u00e9tal de livres, pr\u00e9misse de la librairie Lire \u00e0 l\u2019os de Camille Escudero dont l\u2019ouverture est programm\u00e9e d\u00e9but octobre. Elle proposera, 23 rue des f\u00eates, une belle gamme d\u2019ouvrages. En fran\u00e7ais et en catalan, sur l\u2019histoire et le patrimoine local. Un fonds r\u00e9gional sp\u00e9cialis\u00e9 dans les cultures rurales avec les \u00e9ditions Garae.<\/p>\n<p>Titulaire d\u2019une licence de lettres modernes et d\u2019un master d\u2019anthropologie, la jeune femme est passionn\u00e9e : \u00ab\u00a0Je vais proposer de la belle occasion. Ici, par exemple, dit-elle en d\u00e9signant une collection de livres reli\u00e9s de toiles joliment illustr\u00e9es, ce sont des livres du XIXe si\u00e8cle. Un fonds imprim\u00e9 chez Leonardanelle qui provient de son petit-fils, un Arl\u00e9sien. Je m\u2019oriente vers de petits \u00e9diteurs ind\u00e9pendants, comme Trabucaire, Cabard\u00e8s. Il y aura aussi la possibilit\u00e9 de commander des ouvrages neufs\u00a0\u00bb.<\/p>\n<p>Chez elle, on trouvera des auteurs oubli\u00e9s comme le po\u00e8te Richepin dont Brassens chantait Les oiseaux de passage, les \u00e9ditions Folio, Gallimard, les magnifiques M. Toussaint Louverture, un fonds Jeunesse et de belles cartes postales, des photographies de qualit\u00e9 de la r\u00e9gion. Et des dessins de Camille qui pr\u00e9voit des rencontres avec des auteurs. La premi\u00e8re en novembre avec Christine Campadieu qui pr\u00e9sentera un ouvrage sur le rancio, se fera \u00e0 l\u2019h\u00f4tel des Glycines.<\/p>\n<p>Enfin, Camille a pr\u00e9vu une intervention \u00e0 l\u2019\u00e9cole primaire pour parler des m\u00e9tiers du livre aux \u00e9l\u00e8ves.<\/p>\n<p>Arriv\u00e9e du Finist\u00e8re, il y a deux ans \u00e0 Arles avec son mari et sa fille, Camille Escudero a des origines pieds noirs espagnols et ses grands-parents reposent en terre de Perpignan.<\/p>\n<p>On la retrouvera sur les march\u00e9s de Serralongue et de Montferrer et \u00e0 C\u00e9ret au local du Neroli social club.<\/p>\n","protected":false},"excerpt":{"rendered":"Sur le march\u00e9, un nouveau stand attendait les passants. Un bel \u00e9tal de livres, pr\u00e9misse de la librairie&hellip;\n","protected":false},"author":2,"featured_media":434467,"comment_status":"","ping_status":"","sticky":false,"template":"","format":"standard","meta":{"footnotes":""},"categories":[1357],"tags":[1379,58,59,1011,27,1380],"class_list":{"0":"post-434466","1":"post","2":"type-post","3":"status-publish","4":"format-standard","5":"has-post-thumbnail","7":"category-livres","8":"tag-books","9":"tag-divertissement","10":"tag-entertainment","11":"tag-fr","12":"tag-france","13":"tag-livres"},"share_on_mastodon":{"url":"https:\/\/pubeurope.com\/@fr\/115306373110267577","error":""},"_links":{"self":[{"href":"https:\/\/www.europesays.com\/fr\/wp-json\/wp\/v2\/posts\/434466","targetHints":{"allow":["GET"]}}],"collection":[{"href":"https:\/\/www.europesays.com\/fr\/wp-json\/wp\/v2\/posts"}],"about":[{"href":"https:\/\/www.europesays.com\/fr\/wp-json\/wp\/v2\/types\/post"}],"author":[{"embeddable":true,"href":"https:\/\/www.europesays.com\/fr\/wp-json\/wp\/v2\/users\/2"}],"replies":[{"embeddable":true,"href":"https:\/\/www.europesays.com\/fr\/wp-json\/wp\/v2\/comments?post=434466"}],"version-history":[{"count":0,"href":"https:\/\/www.europesays.com\/fr\/wp-json\/wp\/v2\/posts\/434466\/revisions"}],"wp:featuredmedia":[{"embeddable":true,"href":"https:\/\/www.europesays.com\/fr\/wp-json\/wp\/v2\/media\/434467"}],"wp:attachment":[{"href":"https:\/\/www.europesays.com\/fr\/wp-json\/wp\/v2\/media?parent=434466"}],"wp:term":[{"taxonomy":"category","embeddable":true,"href":"https:\/\/www.europesays.com\/fr\/wp-json\/wp\/v2\/categories?post=434466"},{"taxonomy":"post_tag","embeddable":true,"href":"https:\/\/www.europesays.com\/fr\/wp-json\/wp\/v2\/tags?post=434466"}],"curies":[{"name":"wp","href":"https:\/\/api.w.org\/{rel}","templated":true}]}}