{"id":434468,"date":"2025-10-02T20:06:19","date_gmt":"2025-10-02T20:06:19","guid":{"rendered":"https:\/\/www.europesays.com\/fr\/434468\/"},"modified":"2025-10-02T20:06:19","modified_gmt":"2025-10-02T20:06:19","slug":"canal-recherche-parmi-ses-abonnes-les-beta-testeurs-de-sa-prochaine-fonctionnalite-clubic","status":"publish","type":"post","link":"https:\/\/www.europesays.com\/fr\/434468\/","title":{"rendered":"Canal+ recherche parmi ses abonn\u00e9s les b\u00eata-testeurs de sa prochaine fonctionnalit\u00e9 &#8211; Clubic"},"content":{"rendered":"<ol>\n<li><a href=\"https:\/\/news.google.com\/rss\/articles\/CBMixgFBVV95cUxNVTlHdy0yVmdqSHZhMUNkZmZzcmtRSG9OREVsekwtaUtoN1Z1NVZGYk0tVkw5QmZnLTJTSzhILVYyTms0Zk5TZGcwRzZIdWlhZ3JHeFdhbzkzb0VKZTRtYzlzMHBfX0hyUnZ0Mi1xTFFHZWpjRy0xelV2WXpfR2g4OVhraFBfOFEzeW1BdkJIeldycmszeWVIbllIMEJTMXNkTTVFUFdhM1N0dFAwT1BLQjU2azRmWXlMeVo1YkJ0ZXdLUEUzZkE?oc=5\" target=\"_blank\" rel=\"nofollow noopener\">Canal+ recherche parmi ses abonn\u00e9s les b\u00eata-testeurs de sa prochaine fonctionnalit\u00e9<\/a>&nbsp;&nbsp;Clubic<\/li>\n<li><a href=\"https:\/\/news.google.com\/rss\/articles\/CBMirgFBVV95cUxQMTJZYXVkMTIwRV9NNERKVXUzQ01uVWRpM0Zncjc3UzlUeFdVY09DbXJhYjFuQ2N6VGlHTmJobjc0TlpDdkdERFdtbGpVcXpONkpTMDNRY1g5c2ltWGlaVEI4d3haenNQdThQQ2R0QlFfQ05FcmtTeE9VZTFsaFQ4NkRXQjdjNHIzSzNNLWktTFM5NUxqdEhxUURXaXVQTHVXUHROSDdtTDUwT0dGWEE?oc=5\" target=\"_blank\" rel=\"nofollow noopener\">CANAL+ cherche \u00e9galement \u00e0 am\u00e9liorer l\u2019exp\u00e9rience de recherche sur son application<\/a>&nbsp;&nbsp;alloforfait.fr<\/li>\n<li><a href=\"https:\/\/news.google.com\/rss\/articles\/CBMie0FVX3lxTE9KNEVzYS1uOXU4TFdjUXRKenloZXd0ZFM3QlAyYnYtZWdwTmVLaXBwY29FdlZVYTRXc3Z1WGIxSW9HME16YTI1dXBjNF92U0JDeC1QTF9LX2xldElpMFlmOTVScUtKSXVYZ01mY05mVElEVHgwWncteTcwd9IBgAFBVV95cUxNckxtZ0ZsbmRiNkREajVIMVIxbC1qVVdlSHRzSUZ2NHQxRWptbElKbklSY0g1QzZCb0NSSDdsY2tQMmhUMHJoZVVhNm4ySEg3UVpxNll3c2pCSXQtQ0M2RWcxa2wxUjZzMjVOTkVlcjliRzY0WmMwcko1ZW1Ma3I1Vg?oc=5\" target=\"_blank\" rel=\"nofollow noopener\">CANAL+ : un nouveau player universel pour renforcer son \u00e9cosyst\u00e8me num\u00e9rique<\/a>&nbsp;&nbsp;Freenews<\/li>\n<li><a href=\"https:\/\/news.google.com\/rss\/articles\/CBMi5AFBVV95cUxNUGtfbTFTNUxtODVQd0lpbjhFdzRqYWVvcEtuOGlCa0pKZEI4YWJDd2tJMGJaZU1Kazg5T2IyaUhxVGhKSU1hNF85N1NkNVJGQ0w1V21kVVJNbEZManJrMENrVEtLbTNzY2V4QTNVNThzbzJ6dU1fbmd0VkVsa0w4S21OM3BGWnpmOTFuWHNweDR6Ymo3bjhuTHVFX2d2Z1VvNzRFTXRzdVVxdXN0S1d3aXRicWV6SHAxeC11SFliaWYxTnFSZVlISUwtcXgyWG5LZXR1cGFRaUNnbWZWVXQ1VFZIckbSAeoBQVVfeXFMT0l0dWViUHA4UV95ZUtRMnp4WURpRzlqRnJtU3dxZjdPV0k1TUxNUGc2Q1QtQnYtSnZrRlZZeFRxN1JNcDdYSHVCUjhUcnc3QjJNeEhlZ003WVBmR1ljTFRXN0EtbFNVbk1wUzdQcnRfdmRWQWI0SlpuOEpUekhmQzlJeW9OdDRZeURoOFdxWTFlZDBnNE9mU1c4NEQwcGF3bjJtTm0xUkZ5WEl4STRZUU9ZQlJuX0pjc0p0SGJ0dkJqYXZ4TEZ0UTFuMFFGdmpxVFY1MkVqLUdwbXN6NDZ1ZmdmQUVoNUtSVEpR?oc=5\" target=\"_blank\" rel=\"nofollow noopener\">Le nouveau player de l\u2019application Canal+ d\u00e9barquera sur les Freebox Pop, Ultra et Apple TV d\u2019ici d\u00e9but 2026<\/a>&nbsp;&nbsp;Univers Freebox<\/li>\n<li><a href=\"https:\/\/news.google.com\/rss\/articles\/CBMipAFBVV95cUxPN2Fyek52MTFOSXdxa2hEVkVCdGNSRmI1VEtrTG5jdVJMWTBqLV9PN2w5dmZTd0dFQ3VXeHo5S1NPMmN4U25zZlhwN3BPNFgzYl9HU0IyTlR0QVJpa1U4SWxqT283dW1nWEVMT1BwQnlTbDBEemlxM2R2NmcweE55LWFrOUFRdlZtdVRjLTZsY3BqZjVxVWdTNV9pajM4aThVbVRRcg?oc=5\" target=\"_blank\" rel=\"nofollow noopener\">R\u00e9jouissez-vous, Canal+ pr\u00e9pare une nouvelle app pour Apple TV<\/a>&nbsp;&nbsp;Journal du Geek<\/li>\n<\/ol>\n","protected":false},"excerpt":{"rendered":"Canal+ recherche parmi ses abonn\u00e9s les b\u00eata-testeurs de sa prochaine fonctionnalit\u00e9&nbsp;&nbsp;Clubic CANAL+ cherche \u00e9galement \u00e0 am\u00e9liorer l\u2019exp\u00e9rience de&hellip;\n","protected":false},"author":2,"featured_media":434469,"comment_status":"","ping_status":"","sticky":false,"template":"","format":"standard","meta":{"footnotes":""},"categories":[1356],"tags":[58,59,1011,27,252,1364],"class_list":{"0":"post-434468","1":"post","2":"type-post","3":"status-publish","4":"format-standard","5":"has-post-thumbnail","7":"category-television","8":"tag-divertissement","9":"tag-entertainment","10":"tag-fr","11":"tag-france","12":"tag-television","13":"tag-tv"},"share_on_mastodon":{"url":"https:\/\/pubeurope.com\/@fr\/115306377105771394","error":""},"_links":{"self":[{"href":"https:\/\/www.europesays.com\/fr\/wp-json\/wp\/v2\/posts\/434468","targetHints":{"allow":["GET"]}}],"collection":[{"href":"https:\/\/www.europesays.com\/fr\/wp-json\/wp\/v2\/posts"}],"about":[{"href":"https:\/\/www.europesays.com\/fr\/wp-json\/wp\/v2\/types\/post"}],"author":[{"embeddable":true,"href":"https:\/\/www.europesays.com\/fr\/wp-json\/wp\/v2\/users\/2"}],"replies":[{"embeddable":true,"href":"https:\/\/www.europesays.com\/fr\/wp-json\/wp\/v2\/comments?post=434468"}],"version-history":[{"count":0,"href":"https:\/\/www.europesays.com\/fr\/wp-json\/wp\/v2\/posts\/434468\/revisions"}],"wp:featuredmedia":[{"embeddable":true,"href":"https:\/\/www.europesays.com\/fr\/wp-json\/wp\/v2\/media\/434469"}],"wp:attachment":[{"href":"https:\/\/www.europesays.com\/fr\/wp-json\/wp\/v2\/media?parent=434468"}],"wp:term":[{"taxonomy":"category","embeddable":true,"href":"https:\/\/www.europesays.com\/fr\/wp-json\/wp\/v2\/categories?post=434468"},{"taxonomy":"post_tag","embeddable":true,"href":"https:\/\/www.europesays.com\/fr\/wp-json\/wp\/v2\/tags?post=434468"}],"curies":[{"name":"wp","href":"https:\/\/api.w.org\/{rel}","templated":true}]}}