{"id":434470,"date":"2025-10-02T20:07:15","date_gmt":"2025-10-02T20:07:15","guid":{"rendered":"https:\/\/www.europesays.com\/fr\/434470\/"},"modified":"2025-10-02T20:07:15","modified_gmt":"2025-10-02T20:07:15","slug":"celine-dion-avec-omar-sy-et-alain-chabat-cest-officiel","status":"publish","type":"post","link":"https:\/\/www.europesays.com\/fr\/434470\/","title":{"rendered":"C\u00e9line Dion : avec Omar Sy et Alain Chabat, c&rsquo;est officiel"},"content":{"rendered":"<p>Apr\u00e8s plusieurs ann\u00e9es d\u2019absence, <a href=\"https:\/\/www.public.fr\/tag\/celine-dion\" target=\"_blank\" rel=\"noopener\">C\u00e9line Dion<\/a> revient bel et bien. D\u2019ici quelques mois, elle sera \u00e0 <strong>l\u2019affiche d\u2019un nouveau projet<\/strong> que les fans pourront retrouver dans les salles de cin\u00e9ma avec Alain Chabat et <a href=\"https:\/\/www.public.fr\/tag\/omar-sy\" target=\"_blank\" rel=\"noopener\">Omar Sy<\/a>. La preuve que la veuve de Ren\u00e9 Ang\u00e9lil a pour objectif de revenir sur le devant de la sc\u00e8ne malgr\u00e9 sa maladie neurologique.<\/p>\n<p>En effet, dans diverses interviews et notamment son documentaire <strong>Je Suis : C\u00e9line Dion<\/strong>, sur Prime Video, la chanteuse \u00e2g\u00e9e de 57 ans \u00e9voque son combat contre la maladie : le syndrome de la personne raide.\u00a0<\/p>\n<p>C\u00e9line Dion cr\u00e9e la sensation \u00e0 la c\u00e9r\u00e9monie d&rsquo;ouverture des Jeux Olympiques de Paris 2024<\/p>\n<p>Une r\u00e9v\u00e9lation qui n\u2019a fait qu\u2019accro\u00eetre l\u2019inqui\u00e9tude des fans. C\u00e9line Dion se faisant de plus en plus discr\u00e8te sur la sc\u00e8ne m\u00e9diatique, nombre de ses fans pensaient ne plus jamais la revoir. Et pourtant, elle cr\u00e9e la surprise lors de la c\u00e9r\u00e9monie d\u2019ouverture des Jeux Olympiques de Paris en 2024.<\/p>\n<p>Perch\u00e9e au deuxi\u00e8me \u00e9tage de la Tour Eiffel, elle interpr\u00e8te <strong>l\u2019Hymne \u00e0 l\u2019amour<\/strong> d\u2019Edith Piaf et envo\u00fbte, comme elle en a le secret, le public dans le monde entier. Depuis, la chanteuse de 57 ans appara\u00eet plus r\u00e9guli\u00e8rement dans les m\u00e9dias et devrait m\u00eame faire entendre sa voix prochainement dans les salles obscures.<\/p>\n<p>En effet, comme l\u2019indiquent nos confr\u00e8res de Deadline, C\u00e9line Dion va bel et bien se faire entendre dans les salles de cin\u00e9ma dans les prochains mois. La principale int\u00e9ress\u00e9e fait partie du casting de la version fran\u00e7aise <strong>du film d&rsquo;animation en 3D\u00a0High In The Clouds.\u00a0<\/strong><\/p>\n<p>La star qu\u00e9b\u00e9coise au cin\u00e9ma avec Omar Sy et Alain Chabat<\/p>\n<p>Un film d\u2019animation adapt\u00e9 du livre pour enfants du m\u00eame nom \u00e9crit par Paul McCartney. Mais la star qu\u00e9b\u00e9coise ne sera pas la seule \u00e0 pr\u00eater sa voix. De <strong>nombreuses personnalit\u00e9s fran\u00e7aises<\/strong> ont \u00e9galement accept\u00e9 de prendre part au projet comme le souligne Deadline.<\/p>\n<p>\u00c0 savoir <a href=\"https:\/\/www.public.fr\/celine-dion-et-alain-chabat-reunis-autour-dun-projet-fou-de-paul-mccartney\" target=\"_blank\" rel=\"noopener\">Alain Chabat, Omar Sy<\/a>,\u00a0Antoine de Caunes,\u00a0Benjamin Lavernhe,\u00a0Cl\u00e9mence Po\u00e9sy\u00a0ou encore\u00a0Pom Klementieff. N\u00e9anmoins, les spectateurs ne pourront pas d\u00e9couvrir ce film tout de suite. Comme le relaie T\u00e9l\u00e9-Loisirs, <strong>High in The Clouds<\/strong> n&rsquo;arrivera pas en salles avant le 7 juillet 2027.<\/p>\n<p>M\u00eame s\u2019il va falloir patienter plus de deux ans, les fans de C\u00e9line Dion vont se montrer ravis de voir leur idole <strong>prendre part \u00e0 un tel projet<\/strong>. Cela prouvant que, malgr\u00e9 sa maladie neurologique, elle parvient toujours \u00e0 relever de nouveaux d\u00e9fis et se \u00ab\u00a0faire entendre\u00a0\u00bb.\u00a0<\/p>\n<p>      Mentionn\u00e9s dans cet article<\/p>\n<p>      Sur le m\u00eame sujet<\/p>\n","protected":false},"excerpt":{"rendered":"Apr\u00e8s plusieurs ann\u00e9es d\u2019absence, C\u00e9line Dion revient bel et bien. D\u2019ici quelques mois, elle sera \u00e0 l\u2019affiche d\u2019un&hellip;\n","protected":false},"author":2,"featured_media":434471,"comment_status":"","ping_status":"","sticky":false,"template":"","format":"standard","meta":{"footnotes":""},"categories":[1355],"tags":[16223,7043,58,59,1011,27,1361,873,18580],"class_list":{"0":"post-434470","1":"post","2":"type-post","3":"status-publish","4":"format-standard","5":"has-post-thumbnail","7":"category-musique","8":"tag-alain-chabat","9":"tag-celine-dion","10":"tag-divertissement","11":"tag-entertainment","12":"tag-fr","13":"tag-france","14":"tag-music","15":"tag-musique","16":"tag-omar-sy"},"share_on_mastodon":{"url":"https:\/\/pubeurope.com\/@fr\/115306380982938364","error":""},"_links":{"self":[{"href":"https:\/\/www.europesays.com\/fr\/wp-json\/wp\/v2\/posts\/434470","targetHints":{"allow":["GET"]}}],"collection":[{"href":"https:\/\/www.europesays.com\/fr\/wp-json\/wp\/v2\/posts"}],"about":[{"href":"https:\/\/www.europesays.com\/fr\/wp-json\/wp\/v2\/types\/post"}],"author":[{"embeddable":true,"href":"https:\/\/www.europesays.com\/fr\/wp-json\/wp\/v2\/users\/2"}],"replies":[{"embeddable":true,"href":"https:\/\/www.europesays.com\/fr\/wp-json\/wp\/v2\/comments?post=434470"}],"version-history":[{"count":0,"href":"https:\/\/www.europesays.com\/fr\/wp-json\/wp\/v2\/posts\/434470\/revisions"}],"wp:featuredmedia":[{"embeddable":true,"href":"https:\/\/www.europesays.com\/fr\/wp-json\/wp\/v2\/media\/434471"}],"wp:attachment":[{"href":"https:\/\/www.europesays.com\/fr\/wp-json\/wp\/v2\/media?parent=434470"}],"wp:term":[{"taxonomy":"category","embeddable":true,"href":"https:\/\/www.europesays.com\/fr\/wp-json\/wp\/v2\/categories?post=434470"},{"taxonomy":"post_tag","embeddable":true,"href":"https:\/\/www.europesays.com\/fr\/wp-json\/wp\/v2\/tags?post=434470"}],"curies":[{"name":"wp","href":"https:\/\/api.w.org\/{rel}","templated":true}]}}