{"id":434474,"date":"2025-10-02T20:09:14","date_gmt":"2025-10-02T20:09:14","guid":{"rendered":"https:\/\/www.europesays.com\/fr\/434474\/"},"modified":"2025-10-02T20:09:14","modified_gmt":"2025-10-02T20:09:14","slug":"veronique-barbier-se-confie-sur-sa-lutte-contre-le-cancer-cest-comme-si-vous-tombiez-du-15e-etage","status":"publish","type":"post","link":"https:\/\/www.europesays.com\/fr\/434474\/","title":{"rendered":"V\u00e9ronique Barbier se confie sur sa lutte contre le cancer\u00a0: \u00ab\u00a0C&rsquo;est comme si vous tombiez du 15e \u00e9tage\u00a0\u00bb"},"content":{"rendered":"<p><a href=\"https:\/\/www.parismatch.be\/actualites\/people\/2025\/10\/02\/harry-et-meghan-en-deuil-elle-a-tenu-notre-fils-archie-dans-ses-bras-a-sa-naissance-WI6MTQSRYBG73M2JIL6JUIJS3Y\/\" target=\"_blank\" rel=\"noopener noreferrer\" class=\"ap-StoryInterstitialLink ap-StoryElement ap-StoryElement--mb\">Harry et Meghan en deuil : \u00ab\u00a0Elle a tenu notre fils Archie dans ses bras \u00e0 sa naissance\u00a0\u00bb<\/a><\/p>\n<p class=\"text-left ap-StoryElement ap-StoryElement--mb ap-StoryText\">\u00ab\u00a0C&rsquo;est la premi\u00e8re fois que j&rsquo;ai de la chimioth\u00e9rapie [\u2026] \u00c0 mon premier cancer, je n&rsquo;en avais pas. C&rsquo;est un traitement qui est quand m\u00eame assez lourd [\u2026] Vous perdez vos cheveux, il faut accepter un nouveau look. Il faut accepter des effets secondaires qui peuvent \u00eatre compliqu\u00e9s\u2026\u00a0\u00bb, explique-t-elle, confiant malgr\u00e9 tout conserver un \u00ab\u00a0moral d&rsquo;acier\u00a0\u00bb. \u00ab\u00a0L\u00e0, je retrouve un petit peu d&rsquo;\u00e9nergie. J&rsquo;arrive \u00e0 faire quelques petites choses, mais c&rsquo;est une par jour\u00a0\u00bb, poursuit-elle, avant de revenir sur le moment o\u00f9 elle a d\u00e9couvert que son cancer r\u00e9cidivait.<\/p>\n<p class=\"text-left ap-StoryElement ap-StoryElement--mb ap-StoryText\">\u00ab\u00a0C&rsquo;est comme si vous tombiez du 15e \u00e9tage. Cette fois, ce sont les ganglions qui \u00e9taient touch\u00e9s. J&rsquo;ai quand m\u00eame voulu travailler durant trois jours, apr\u00e8s la nouvelle. Puis, le lendemain, je faisais ma premi\u00e8re chimio\u00a0\u00bb, a-t-elle confi\u00e9. Un t\u00e9moignage plein d&rsquo;espoir, qui rappelle le quotidien de nombreuses autres femmes touch\u00e9es par la maladie. En Belgique, ce sont plus de 11 000 femmes qui contractent chaque ann\u00e9e un cancer du sein, selon des chiffres datant de 2022.<\/p>\n","protected":false},"excerpt":{"rendered":"Harry et Meghan en deuil : \u00ab\u00a0Elle a tenu notre fils Archie dans ses bras \u00e0 sa naissance\u00a0\u00bb&hellip;\n","protected":false},"author":2,"featured_media":434475,"comment_status":"","ping_status":"","sticky":false,"template":"","format":"standard","meta":{"footnotes":""},"categories":[10],"tags":[1011,27,72,1227,16865,71],"class_list":{"0":"post-434474","1":"post","2":"type-post","3":"status-publish","4":"format-standard","5":"has-post-thumbnail","7":"category-sante","8":"tag-fr","9":"tag-france","10":"tag-health","11":"tag-horizontal","12":"tag-royals","13":"tag-sante"},"share_on_mastodon":{"url":"https:\/\/pubeurope.com\/@fr\/115306388781449203","error":""},"_links":{"self":[{"href":"https:\/\/www.europesays.com\/fr\/wp-json\/wp\/v2\/posts\/434474","targetHints":{"allow":["GET"]}}],"collection":[{"href":"https:\/\/www.europesays.com\/fr\/wp-json\/wp\/v2\/posts"}],"about":[{"href":"https:\/\/www.europesays.com\/fr\/wp-json\/wp\/v2\/types\/post"}],"author":[{"embeddable":true,"href":"https:\/\/www.europesays.com\/fr\/wp-json\/wp\/v2\/users\/2"}],"replies":[{"embeddable":true,"href":"https:\/\/www.europesays.com\/fr\/wp-json\/wp\/v2\/comments?post=434474"}],"version-history":[{"count":0,"href":"https:\/\/www.europesays.com\/fr\/wp-json\/wp\/v2\/posts\/434474\/revisions"}],"wp:featuredmedia":[{"embeddable":true,"href":"https:\/\/www.europesays.com\/fr\/wp-json\/wp\/v2\/media\/434475"}],"wp:attachment":[{"href":"https:\/\/www.europesays.com\/fr\/wp-json\/wp\/v2\/media?parent=434474"}],"wp:term":[{"taxonomy":"category","embeddable":true,"href":"https:\/\/www.europesays.com\/fr\/wp-json\/wp\/v2\/categories?post=434474"},{"taxonomy":"post_tag","embeddable":true,"href":"https:\/\/www.europesays.com\/fr\/wp-json\/wp\/v2\/tags?post=434474"}],"curies":[{"name":"wp","href":"https:\/\/api.w.org\/{rel}","templated":true}]}}