{"id":434478,"date":"2025-10-02T20:11:11","date_gmt":"2025-10-02T20:11:11","guid":{"rendered":"https:\/\/www.europesays.com\/fr\/434478\/"},"modified":"2025-10-02T20:11:11","modified_gmt":"2025-10-02T20:11:11","slug":"depardieu-demande-la-condamnation-du-complement-denquete-qui-la-tue-professionnellement-actualites","status":"publish","type":"post","link":"https:\/\/www.europesays.com\/fr\/434478\/","title":{"rendered":"Depardieu demande la condamnation du \u00ab\u00a0Compl\u00e9ment d&rsquo;Enqu\u00eate\u00a0\u00bb qui l&rsquo;a \u00ab\u00a0tu\u00e9\u00a0\u00bb professionnellement : Actualit\u00e9s"},"content":{"rendered":"<p class=\"lead \">L&rsquo;avocat de G\u00e9rard Depardieu a accus\u00e9 jeudi devant la justice l&rsquo;\u00e9mission Compl\u00e9ment d&rsquo;Enqu\u00eate d&rsquo;avoir provoqu\u00e9 la chute de l&rsquo;acteur avec le montage d&rsquo;une \u00ab\u00a0d\u00e9loyaut\u00e9 absolue\u00a0\u00bb d&rsquo;un reportage dans lequel l&rsquo;acteur tenait des propos graveleux et sexistes, un montage \u00ab\u00a0honn\u00eate\u00a0\u00bb et fid\u00e8le aux faits, selon les journalistes.<\/p>\n<p class=\"lead \">Au c\u0153ur des d\u00e9bats tenus en l&rsquo;absence de G\u00e9rard Depardieu devant le tribunal correctionnel: une s\u00e9quence de moins d&rsquo;une minute sur les 54 que dure l&rsquo;enqu\u00eate \u00ab\u00a0La chute de l&rsquo;ogre\u00a0\u00bb, film\u00e9e dans un haras en 2018 en Cor\u00e9e du Nord lors d&rsquo;un voyage \u00e0 l&rsquo;occasion des 70 ans du r\u00e9gime.<\/p>\n<p class=\"lead \">Sur ces images de la soci\u00e9t\u00e9 Hikari diffus\u00e9es le 7 d\u00e9cembre 2023 sur France 2, l&rsquo;acteur tient des propos de nature sexuelle au moment o\u00f9 une fillette \u00e0 cheval passe \u00e0 l&rsquo;\u00e9cran. Or, affirme la d\u00e9fense de l&rsquo;acteur et de l&rsquo;\u00e9crivain Yann Moix qui participait \u00e0 ce voyage, ces propos auraient concern\u00e9 une femme adulte, que l&rsquo;on ne voit pas \u00e0 l&rsquo;\u00e9cran.  <\/p>\n<p class=\"lead \">Les journalistes \u00ab\u00a0ont truqu\u00e9, tronqu\u00e9, afin d&rsquo;obtenir un effet sensationnel\u00a0\u00bb, ils ont \u00e9t\u00e9 d&rsquo;une \u00ab\u00a0d\u00e9loyaut\u00e9 absolue\u00a0\u00bb en se livrant \u00e0 un montage destin\u00e9 \u00e0 faire faussement croire que le com\u00e9dien sexualisait une enfant, accuse son avocat J\u00e9r\u00e9mie Assous. <\/p>\n<p class=\"lead \">&#8211; \u00ab\u00a0En roue libre\u00a0\u00bb-<\/p>\n<p class=\"lead \">Ce Compl\u00e9ment d&rsquo;Enqu\u00eate a eu \u00ab\u00a0un effet atomique sur G\u00e9rard Depardieu\u00a0\u00bb en suscitant \u00ab\u00a0une pol\u00e9mique nationale qui a tu\u00e9\u00a0\u00bb l&rsquo;acteur professionnellement, poursuit l&rsquo;avocat. <\/p>\n<p class=\"lead \">\u00ab\u00a0C&rsquo;est G\u00e9rard Depardieu qui s&rsquo;est tu\u00e9 lui-m\u00eame en se laissant filmer\u00a0\u00bb tel qu&rsquo;il \u00ab\u00a0est d\u00e9crit\u00a0\u00bb par les femmes qui le mettent en cause dans le sujet, riposte le pr\u00e9sentateur Tristan Waleckx, qui \u00e9voque des images montrant un homme \u00ab\u00a0en roue libre\u00a0\u00bb. \u00ab\u00a0Ces images racontent le comportement de G\u00e9rard Depardieu avec les femmes\u00a0\u00bb, plaide le producteur Anthony Dufour, d\u00e9fendant la d\u00e9cision de les diffuser. <\/p>\n<p class=\"lead \">Faire des montages, \u00ab\u00a0\u00e7a s&rsquo;appelle la t\u00e9l\u00e9vision\u00a0\u00bb et en l&rsquo;esp\u00e8ce celui-ci est \u00ab\u00a0honn\u00eate\u00a0\u00bb, insiste Tristan Waleckx: \u00ab\u00a0La r\u00e9alit\u00e9\u00a0\u00bb, dit le journaliste, c&rsquo;est que sur l&rsquo;ensemble des images du voyage nord-cor\u00e9en, G\u00e9rard Depardieu \u00ab\u00a0sexualise plusieurs fillettes\u00a0\u00bb, pas uniquement dans le haras. De mani\u00e8re g\u00e9n\u00e9rale, \u00ab\u00a0plus d&rsquo;une femme sur deux crois\u00e9es\u00a0\u00bb par l&rsquo;acteur sur ces images en Cor\u00e9e du Nord \u00ab\u00a0\u00e9taient l&rsquo;objet de propos graveleux\u00a0\u00bb.<\/p>\n<p class=\"lead \">\u00ab\u00a0J&rsquo;ai fait un montage absolument fid\u00e8le\u00a0\u00bb, \u00ab\u00a0tous les \u00e9l\u00e9ments que j&rsquo;avais me permettaient d&rsquo;\u00eatre absolument certain de ce que j&rsquo;avan\u00e7ais\u00a0\u00bb, rench\u00e9rit le r\u00e9alisateur Damien Fleurette.  <\/p>\n<p class=\"lead \">\u00c0 Me Assous, qui d\u00e9c\u00e8le une volont\u00e9 de dissimulation derri\u00e8re le refus de France T\u00e9l\u00e9visions et d&rsquo;Hikari de remettre l&rsquo;int\u00e9gralit\u00e9 de leurs rushs \u00e0 la justice, Tristan Waleckx oppose le secret des sources et la n\u00e9cessit\u00e9 de prot\u00e9ger les Nord-Cor\u00e9ens apparaissant \u00e0 l&rsquo;image. <\/p>\n<p class=\"lead \">Autre angle d&rsquo;attaque de Me Assous, ces propos auraient \u00e9t\u00e9 prononc\u00e9s dans le cadre d&rsquo;un projet de fiction dont Yann Moix, \u00e9galement absent, \u00e9tait \u00ab\u00a0le r\u00e9alisateur\u00a0\u00bb quand G\u00e9rard Depardieu en \u00e9tait \u00ab\u00a0l&rsquo;acteur principal\u00a0\u00bb, jouant son propre personnage. Une th\u00e8se \u00ab\u00a0pas du tout invraisemblable\u00a0\u00bb, a plaid\u00e9 son confr\u00e8re \u00c9tienne Bod\u00e9r\u00e9, citant John Malkovich et Michel Houellebecq qui ont jou\u00e9 leur propre r\u00f4le au cin\u00e9ma, respectivement pour \u00ab\u00a0Dans la peau de John Malkovich\u00a0\u00bb et \u00ab\u00a0L&rsquo;Enl\u00e8vement de Michel Houellebecq\u00a0\u00bb. <\/p>\n<p class=\"lead \">&#8211; Macron \u00ab\u00a0mieux inform\u00e9 que d&rsquo;autres\u00a0\u00bb &#8211;<\/p>\n<p class=\"lead \">Ce \u00ab\u00a0Compl\u00e9ment d&rsquo;enqu\u00eate\u00a0\u00bb avait suscit\u00e9 un vif \u00e9moi. Outre la s\u00e9quence contest\u00e9e, on y entend l&rsquo;acteur tenir de nombreux propos d\u00e9gradants pour les femmes lors de ce voyage nord-cor\u00e9en. La com\u00e9dienne Charlotte Arnould l&rsquo;y accuse aussi de l&rsquo;avoir viol\u00e9e en 2018, et d&rsquo;autres femmes racontent des agressions sexuelles.<\/p>\n<p class=\"lead \">Emmanuel Macron avait vol\u00e9 au secours de celui qui \u00e9tait alors consid\u00e9r\u00e9 comme un monstre sacr\u00e9 du cin\u00e9ma fran\u00e7ais, se d\u00e9crivant en \u00ab\u00a0grand admirateur\u00a0\u00bb. Il avait laiss\u00e9 entendre que les images avaient pu \u00eatre truqu\u00e9es. Un soutien dont se pr\u00e9vaut Me Assous: \u00ab\u00a0Il est quand m\u00eame mieux inform\u00e9 que d&rsquo;autres, le pr\u00e9sident de la R\u00e9publique&#8230;\u00a0\u00bb<\/p>\n<p class=\"lead \">Le com\u00e9dien a depuis \u00e9t\u00e9 condamn\u00e9 au printemps \u00e0 18 mois d&#8217;emprisonnement avec sursis pour des agressions sexuelles lors d&rsquo;un tournage &#8211; il a fait appel &#8211; et a \u00e9t\u00e9 renvoy\u00e9 devant la cour criminelle de Paris pour les viols d\u00e9nonc\u00e9s par Charlotte Arnould. L&rsquo;acteur conteste ces accusations depuis sa mise en examen en 2020 et a fait appel de l&rsquo;ordonnance de renvoi.<\/p>\n<p class=\"lead \">Le tribunal s&rsquo;est aussi pench\u00e9 sur les all\u00e9gations d&rsquo;abus de confiance et de travail dissimul\u00e9, li\u00e9es au fait que les journalistes auraient ind\u00fbment et gratuitement utilis\u00e9 le labeur de G\u00e9rard Depardieu et Yann Moix. Hikari a r\u00e9pliqu\u00e9 en attaquant les deux hommes pour d\u00e9nonciation calomnieuse, fausse attestation et tentative d&rsquo;escroquerie au jugement. <\/p>\n<p class=\"small font-weight-bold text-gray3 \"> publi\u00e9 le 2 octobre \u00e0 19h47, AFP<\/p>\n<p>                             Partager<\/p>\n","protected":false},"excerpt":{"rendered":"L&rsquo;avocat de G\u00e9rard Depardieu a accus\u00e9 jeudi devant la justice l&rsquo;\u00e9mission Compl\u00e9ment d&rsquo;Enqu\u00eate d&rsquo;avoir provoqu\u00e9 la chute de&hellip;\n","protected":false},"author":2,"featured_media":434479,"comment_status":"","ping_status":"","sticky":false,"template":"","format":"standard","meta":{"footnotes":""},"categories":[8],"tags":[1120,1972,58,59,1011,27,4780,9556],"class_list":{"0":"post-434478","1":"post","2":"type-post","3":"status-publish","4":"format-standard","5":"has-post-thumbnail","7":"category-divertissement","8":"tag-agression","9":"tag-cinma","10":"tag-divertissement","11":"tag-entertainment","12":"tag-fr","13":"tag-france","14":"tag-procs","15":"tag-tlvision"},"share_on_mastodon":{"url":"https:\/\/pubeurope.com\/@fr\/115306396698753016","error":""},"_links":{"self":[{"href":"https:\/\/www.europesays.com\/fr\/wp-json\/wp\/v2\/posts\/434478","targetHints":{"allow":["GET"]}}],"collection":[{"href":"https:\/\/www.europesays.com\/fr\/wp-json\/wp\/v2\/posts"}],"about":[{"href":"https:\/\/www.europesays.com\/fr\/wp-json\/wp\/v2\/types\/post"}],"author":[{"embeddable":true,"href":"https:\/\/www.europesays.com\/fr\/wp-json\/wp\/v2\/users\/2"}],"replies":[{"embeddable":true,"href":"https:\/\/www.europesays.com\/fr\/wp-json\/wp\/v2\/comments?post=434478"}],"version-history":[{"count":0,"href":"https:\/\/www.europesays.com\/fr\/wp-json\/wp\/v2\/posts\/434478\/revisions"}],"wp:featuredmedia":[{"embeddable":true,"href":"https:\/\/www.europesays.com\/fr\/wp-json\/wp\/v2\/media\/434479"}],"wp:attachment":[{"href":"https:\/\/www.europesays.com\/fr\/wp-json\/wp\/v2\/media?parent=434478"}],"wp:term":[{"taxonomy":"category","embeddable":true,"href":"https:\/\/www.europesays.com\/fr\/wp-json\/wp\/v2\/categories?post=434478"},{"taxonomy":"post_tag","embeddable":true,"href":"https:\/\/www.europesays.com\/fr\/wp-json\/wp\/v2\/tags?post=434478"}],"curies":[{"name":"wp","href":"https:\/\/api.w.org\/{rel}","templated":true}]}}