{"id":434482,"date":"2025-10-02T20:13:12","date_gmt":"2025-10-02T20:13:12","guid":{"rendered":"https:\/\/www.europesays.com\/fr\/434482\/"},"modified":"2025-10-02T20:13:12","modified_gmt":"2025-10-02T20:13:12","slug":"elon-musk-appelle-a-boycotter-la-plateforme-de-streaming-americaine","status":"publish","type":"post","link":"https:\/\/www.europesays.com\/fr\/434482\/","title":{"rendered":"Elon Musk appelle \u00e0 boycotter la plateforme de streaming am\u00e9ricaine"},"content":{"rendered":"<p>Le patron de Telsa a appel\u00e9 ses 227 millions d\u2019abonn\u00e9s sur X \u00e0 quitter la plateforme, en r\u00e9action \u00e0 la s\u00e9rie anim\u00e9e \u00abDead End: Paranormal Park\u00bb, qui suit les aventures d\u2019un adolescent transgenre.<\/p>\n<p class=\"fig-paragraph\">Nouvelle pol\u00e9mique pour\u00a0<a href=\"http:\/\/www.lefigaro.fr\/photos\/netflix-ravive-la-polemique-sur-l-origine-de-la-photo-mythique-la-petite-fille-au-napalm-savoir-qu-ils-vont-propager-ces-allegations-est-douloureux-20250906\" data-fig-type=\"Article\" data-gtm-custom-categorie=\"navigation\" data-gtm-custom-action=\"crossclick\" data-gtm-custom-label=\"Contextuel\" data-gtm-event=\"customEventSPE\" data-fig-domain=\"LEFIGARO\" target=\"_blank\" rel=\"noopener\">Netflix<\/a>. Cette semaine, le g\u00e9ant am\u00e9ricain du streaming a \u00e9t\u00e9 la cible de nombreuses critiques d\u2019internautes, qui l\u2019accusent de promouvoir un\u00a0<a href=\"http:\/\/www.lefigaro.fr\/international\/ideologie-de-gauche-compagnon-transgenre-le-profil-de-tyler-robinson-tueur-presume-de-charlie-kirk-se-precise-20250914\" data-fig-type=\"Article\" data-gtm-custom-categorie=\"navigation\" data-gtm-custom-action=\"crossclick\" data-gtm-custom-label=\"Contextuel\" data-gtm-event=\"customEventSPE\" data-fig-domain=\"LEFIGARO\" target=\"_blank\" rel=\"noopener\">discours transgenre<\/a>. Des attaques appuy\u00e9es notamment par Elon Musk, qui a appel\u00e9 ses abonn\u00e9s \u00e0 r\u00e9silier leur abonnement \u00e0 la plateforme\u00a0: \u00abAnnulez Netflix pour la sant\u00e9 de vos enfants\u00bb, a-t-il ainsi \u00e9crit sur son r\u00e9seau social X, ce lundi.<\/p>\n<p class=\"fig-paragraph\">\u00c0 l\u2019origine de cette controverse figure \u00abDead End\u00a0: Paranormal Park\u00bb, une s\u00e9rie anim\u00e9e qui suit Barney, adolescent transgenre, et Norma, jeune fille autiste, dans des aventures surnaturelles au sein d\u2019un parc hant\u00e9. Une inclusivit\u00e9 rejet\u00e9e par Elon Musk, qui a accus\u00e9 l\u2019\u0153uvre de \u00abpousser l\u2019id\u00e9ologie trans\u00bb aupr\u00e8s des enfants. \u00abCe n\u2019est pas acceptable\u00bb, a-t-il encore r\u00e9agi \u00e0 un internaute rappelant que la s\u00e9rie est destin\u00e9e \u00e0 un public d\u00e8s 7 ans. Bien que Netflix ait abandonn\u00e9 la s\u00e9rie en 2023, des extraits ont \u00e0 nouveau \u00e9t\u00e9 relay\u00e9s sur X par des comptes conservateurs tels que Libs of TikTok, qui affirme dans un tweet que \u00abNetflix semble ouvertement se vanter de discriminer les personnes blanches\u00bb.<\/p>\n<p>                                    <a class=\"fig-a11y-skip a11y-hidden\" href=\"#fig-a11y-skip-main-inarticle\"><br \/>\n        Passer la publicit\u00e9<br \/>\n    <\/a><\/p>\n<p>Recule en Bourse<\/p>\n<p class=\"fig-paragraph\">Sur Google Trends, les requ\u00eates \u00abNetflix Elon Musk\u00bb et \u00abboycott Netflix\u00bb ont explos\u00e9 ces derni\u00e8res heures, et le PDG de Tesla a \u00e9galement relay\u00e9 plusieurs publications signalant une hausse des d\u00e9sabonnements \u00e0 la plateforme. Une tendance impossible \u00e0 v\u00e9rifier, l\u2019entreprise n\u2019ayant pas souhait\u00e9 commenter cette nouvelle pol\u00e9mique. Mais ces critiques ont pu participer au recul de l\u2019action du g\u00e9ant de streaming, qui a perdu 2,3% ce mercredi et restait l\u00e9g\u00e8rement dans le rouge, ce jeudi.<\/p>\n<p class=\"fig-paragraph\">Hamish Steele, cr\u00e9ateur de la s\u00e9rie, a quant \u00e0 lui d\u00e9nonc\u00e9 sur Bluesky des \u00abmensonges et calomnies\u00a0! Netflix ne fait PAS de promotion pour le moment\u00a0!\u00bb. Il a ajout\u00e9 avoir re\u00e7u des \u00abe-mails homophobes et antis\u00e9mites extr\u00eamement d\u00e9sagr\u00e9ables et \u00e9tranges\u00bb, qui l\u2019ont pouss\u00e9 \u00e0 se retirer temporairement des r\u00e9seaux sociaux. Selon l\u2019association GLAAD de d\u00e9fense LGBT+, les incidents visant des personnes transgenres ont augment\u00e9 de 14% aux \u00c9tats-Unis sur la p\u00e9riode comprise entre mai 2024 et avril 2025 par rapport aux douze mois pr\u00e9c\u00e9dents.<\/p>\n","protected":false},"excerpt":{"rendered":"Le patron de Telsa a appel\u00e9 ses 227 millions d\u2019abonn\u00e9s sur X \u00e0 quitter la plateforme, en r\u00e9action&hellip;\n","protected":false},"author":2,"featured_media":434483,"comment_status":"","ping_status":"","sticky":false,"template":"","format":"standard","meta":{"footnotes":""},"categories":[6],"tags":[35,33,34,46,1011,27,127],"class_list":{"0":"post-434482","1":"post","2":"type-post","3":"status-publish","4":"format-standard","5":"has-post-thumbnail","7":"category-economie","8":"tag-business","9":"tag-economie","10":"tag-economy","11":"tag-elon-musk","12":"tag-fr","13":"tag-france","14":"tag-netflix"},"share_on_mastodon":{"url":"https:\/\/pubeurope.com\/@fr\/115306404966406972","error":""},"_links":{"self":[{"href":"https:\/\/www.europesays.com\/fr\/wp-json\/wp\/v2\/posts\/434482","targetHints":{"allow":["GET"]}}],"collection":[{"href":"https:\/\/www.europesays.com\/fr\/wp-json\/wp\/v2\/posts"}],"about":[{"href":"https:\/\/www.europesays.com\/fr\/wp-json\/wp\/v2\/types\/post"}],"author":[{"embeddable":true,"href":"https:\/\/www.europesays.com\/fr\/wp-json\/wp\/v2\/users\/2"}],"replies":[{"embeddable":true,"href":"https:\/\/www.europesays.com\/fr\/wp-json\/wp\/v2\/comments?post=434482"}],"version-history":[{"count":0,"href":"https:\/\/www.europesays.com\/fr\/wp-json\/wp\/v2\/posts\/434482\/revisions"}],"wp:featuredmedia":[{"embeddable":true,"href":"https:\/\/www.europesays.com\/fr\/wp-json\/wp\/v2\/media\/434483"}],"wp:attachment":[{"href":"https:\/\/www.europesays.com\/fr\/wp-json\/wp\/v2\/media?parent=434482"}],"wp:term":[{"taxonomy":"category","embeddable":true,"href":"https:\/\/www.europesays.com\/fr\/wp-json\/wp\/v2\/categories?post=434482"},{"taxonomy":"post_tag","embeddable":true,"href":"https:\/\/www.europesays.com\/fr\/wp-json\/wp\/v2\/tags?post=434482"}],"curies":[{"name":"wp","href":"https:\/\/api.w.org\/{rel}","templated":true}]}}