{"id":434484,"date":"2025-10-02T20:14:16","date_gmt":"2025-10-02T20:14:16","guid":{"rendered":"https:\/\/www.europesays.com\/fr\/434484\/"},"modified":"2025-10-02T20:14:16","modified_gmt":"2025-10-02T20:14:16","slug":"poutine-menace-de-repondre-a-leurope-macron-veut-accroitre-la-pression-sur-la-russie","status":"publish","type":"post","link":"https:\/\/www.europesays.com\/fr\/434484\/","title":{"rendered":"Poutine menace de \u00ab\u00a0r\u00e9pondre\u00a0\u00bb \u00e0 l\u2019Europe, Macron veut accro\u00eetre la pression sur la Russie"},"content":{"rendered":"<p>Vous avez rat\u00e9 les derniers \u00e9v\u00e9nements sur la <a href=\"https:\/\/www.20minutes.fr\/monde\/ukraine\/\" class=\"c-link c-link--is-underlined\" target=\"_blank\" rel=\"noopener\">guerre en Ukraine<\/a>\u00a0? 20 Minutes fait le point pour vous tous les soirs. Voici l\u2019essentiel de ce jeudi 2\u00a0octobre, 1.317e jour du conflit.<\/p>\n<p>Le fait du jour<\/p>\n<p>Vladimir Poutine bombe le torse. Le <a href=\"https:\/\/www.20minutes.fr\/monde\/vladimir_poutine\/\" class=\"c-link c-link--is-underlined\" target=\"_blank\" rel=\"noopener\">pr\u00e9sident russe<\/a> a d\u00e9clar\u00e9 ce jeudi que la Russie suivait attentivement \u00ab\u00a0la militarisation croissante de l\u2019Europe\u00a0\u00bb, promettant une \u00ab\u00a0r\u00e9ponse aux menaces\u00a0\u00bb, au moment o\u00f9 les pays europ\u00e9ens multiplient les investissements militaires depuis l\u2019attaque du Kremlin contre l\u2019Ukraine en\u00a02022.<\/p>\n<p>\u00ab\u00a0La r\u00e9ponse aux menaces sera, pour le moins, tr\u00e8s convaincante. Je dis bien la r\u00e9ponse. Nous n\u2019avons nous-m\u00eame jamais initi\u00e9 une confrontation militaire\u00a0\u00bb, commente Vladimir Poutine. Le dirigeant russe a par ailleurs accus\u00e9 l\u2019Europe d\u2019emp\u00eacher un r\u00e8glement de la guerre en Ukraine et de mener \u00ab\u00a0une escalade permanente\u00a0\u00bb du conflit.<\/p>\n<p>Lors d\u2019un discours d\u2019introduction, il est aussi revenu sur les origines du conflit, accusant \u00ab\u00a0ceux qui se sont consid\u00e9r\u00e9s comme vainqueurs\u00a0\u00bb \u00e0 la fin de la <a href=\"https:\/\/www.20minutes.fr\/dossier\/guerre_froide\" class=\"c-link c-link--is-underlined\" target=\"_blank\" rel=\"noopener\">Guerre froide<\/a> d\u2019avoir voulu imposer \u00ab\u00a0\u00e0 tous des conceptions unilat\u00e9rales et subjectives de la s\u00e9curit\u00e9\u00a0\u00bb. \u00ab\u00a0C\u2019est devenu la v\u00e9ritable cause originelle non seulement du conflit ukrainien, mais aussi de nombreux autres conflits graves\u00a0\u00bb du d\u00e9but du XXIe\u00a0si\u00e8cle, a-t-il soutenu, en d\u00e9fendant un \u00ab\u00a0monde multipolaire\u00a0\u00bb face \u00e0 l\u2019Occident.<\/p>\n<p>Vladimir Poutine s\u2019est montr\u00e9 plus conciliant envers les <a href=\"https:\/\/www.20minutes.fr\/monde\/etats-unis\/\" class=\"c-link c-link--is-underlined\" target=\"_blank\" rel=\"noopener\">Etats-Unis<\/a>\u00a0: \u00ab\u00a0On a pas mal de divergences. Nos points de vue sur de nombreux probl\u00e8mes mondiaux ne convergent pas. Pour de grandes puissances, c\u2019est normal.\u00a0\u00bb<\/p>\n<p>La d\u00e9claration du jour<\/p>\n<blockquote class=\"mx-m@xs mx-xxl@md color-ultramarine c-citation\">\n<p class=\"font-weight-regular@xs text-italic font-source-serif-pro text-l@xs c-citation__content\">\u00ab\u00a0Il est extr\u00eamement important d\u2019accro\u00eetre la pression sur la flotte fant\u00f4me parce que \u00e7a r\u00e9duit clairement la capacit\u00e9 de la Russie \u00e0 financer son effort de guerre\u00a0\u00bb<\/p>\n<\/blockquote>\n<p>Le pr\u00e9sident fran\u00e7ais Emmanuel Macron a appel\u00e9 jeudi les Europ\u00e9ens \u00e0 s\u2019organiser, en \u00ab\u00a0\u00e9troite coordination\u00a0\u00bb avec <a href=\"https:\/\/www.nato.int\/nato-welcome\/index_fr.html\" rel=\"nofollow noopener\" target=\"_blank\" class=\"c-link c-link--is-underlined\">l\u2019Otan<\/a>, pour \u00ab\u00a0accro\u00eetre la pression\u00a0\u00bb sur la flotte de navires clandestins qui permettent \u00e0 la Russie d\u2019exporter son p\u00e9trole en contournant les sanctions occidentales.<\/p>\n<p>Le pr\u00e9sident fran\u00e7ais a sugg\u00e9r\u00e9, depuis un sommet de dirigeant europ\u00e9ens \u00e0 Copenhague, de \u00ab\u00a0travailler dans le cadre de la Coalition des volontaires\u00a0\u00bb, les pays qui soutiennent militairement l\u2019Ukraine, \u00ab\u00a0en \u00e9troite coordination avec l\u2019Otan, pour voir comment optimiser une telle action commune\u00a0\u00bb.<\/p>\n<p>Par ailleurs, les drones qui violent l\u2019espace a\u00e9rien europ\u00e9en \u00ab\u00a0peuvent \u00eatre d\u00e9truits. Point final\u00a0\u00bb, a ajout\u00e9 Emmanuel Macron, apr\u00e8s une s\u00e9rie d\u2019intrusions de drones en Europe ces derni\u00e8res semaines.<\/p>\n<\/p>\n<p>Le chiffre du jour<\/p>\n<p>370. C\u2019est le nombre de prisonniers de guerre que la Russie et l\u2019Ukraine ont \u00e0 nouveau \u00e9chang\u00e9, ont annonc\u00e9 les autorit\u00e9s des deux pays jeudi, ce type d\u2019op\u00e9ration \u00e9tant l\u2019un des seuls domaines o\u00f9 ils coop\u00e8rent apr\u00e8s plus de trois ans et demi de conflit. \u00ab\u00a0185 militaires russes ont \u00e9t\u00e9 rapatri\u00e9s depuis le territoire contr\u00f4l\u00e9 par le r\u00e9gime de Kiev. En \u00e9change, 185 prisonniers de guerre des forces arm\u00e9es ukrainiennes ont \u00e9t\u00e9 remis\u00a0\u00bb, a indiqu\u00e9 le minist\u00e8re russe de la D\u00e9fense, pr\u00e9cisant que vingt civils ont \u00e9galement \u00e9t\u00e9 remis \u00e0 Moscou.<\/p>\n<p>Cet \u00e9change a \u00e9t\u00e9 confirm\u00e9 par le pr\u00e9sident ukrainien Volodymyr Zelensky. Selon lui, il s\u2019agit notamment de militaires ayant combattu lors du si\u00e8ge d\u00e9vastateur de Marioupol par l\u2019arm\u00e9e russe en\u00a02022 ou \u00e0 la centrale nucl\u00e9aire accident\u00e9e de Tchernobyl, qui avait \u00e9t\u00e9 un temps occup\u00e9e au d\u00e9but de la guerre. \u00ab\u00a0Depuis le d\u00e9but de l\u2019invasion \u00e0 grande \u00e9chelle, nous avons d\u00e9j\u00e0 ramen\u00e9 chez eux plus de 7.000 de nos compatriotes\u00a0\u00bb, s\u2019est f\u00e9licit\u00e9 Volodymyr Zelensky.<\/p>\n<p>La tendance<\/p>\n<p>Les r\u00e9centes incursions de drones en Europe montrent que la Russie cherche \u00ab\u00a0l\u2019escalade\u00a0\u00bb, a averti ce jeudi le pr\u00e9sident ukrainien Volodymyr Zelensky, en appelant les Europ\u00e9ens \u00e0 se mobiliser aux c\u00f4t\u00e9s de l\u2019Ukraine. La strat\u00e9gie de Moscou est \u00ab\u00a0simple\u00a0: diviser l\u2019Europe, a-t-il soulign\u00e9 depuis le sommet europ\u00e9en de Copenhague. Nous devons faire exactement le contraire\u00a0\u00bb.<\/p>\n<p>Volodymyr Zelensky a rappel\u00e9 la pr\u00e9sence de militaires ukrainiens envoy\u00e9s \u00e0 Copenhague pour aider le Danemark, apr\u00e8s le survol de myst\u00e9rieux drones dans son espace a\u00e9rien. \u00ab\u00a0Ce n\u2019est que le d\u00e9but, la premi\u00e8re \u00e9tape sur le chemin vers un mur antidrones efficace pour prot\u00e9ger toute l\u2019Europe\u00a0\u00bb, a affirm\u00e9 le dirigeant ukrainien, dont le pays a d\u00e9velopp\u00e9 une industrie de drones unique en Europe, apr\u00e8s plus trois ans de guerre.<\/p>\n<p>L\u2019id\u00e9e de lancer un \u00ab\u00a0mur\u00a0\u00bb antidrones a re\u00e7u le soutien de plusieurs Etats membres, mais sans soulever l\u2019enthousiasme de quelques autres, dont l\u2019Allemagne. Le chancelier allemand Friedrich Merz a fait part de ses \u00ab\u00a0r\u00e9serves\u00a0\u00bb, s\u2019interrogeant sur le co\u00fbt de cette op\u00e9ration et sur la comp\u00e9tence de l\u2019Union europ\u00e9enne pour la mettre en \u0153uvre. \u00ab\u00a0S\u2019il vous pla\u00eet, travaillons ensemble sur des solutions coordonn\u00e9es qui rendront cela possible\u00a0\u00bb, a toutefois plaid\u00e9 Volodymyr Zelensky.<\/p>\n","protected":false},"excerpt":{"rendered":"Vous avez rat\u00e9 les derniers \u00e9v\u00e9nements sur la guerre en Ukraine\u00a0? 20 Minutes fait le point pour vous&hellip;\n","protected":false},"author":2,"featured_media":434485,"comment_status":"","ping_status":"","sticky":false,"template":"","format":"standard","meta":{"footnotes":""},"categories":[5],"tags":[47,11,16573,145,674,1011,27,131,1150,14,74,1916,12,136,132,135,134,28],"class_list":{"0":"post-434484","1":"post","2":"type-post","3":"status-publish","4":"format-standard","5":"has-post-thumbnail","7":"category-international","8":"tag-actualite","9":"tag-actualites","10":"tag-copenhague","11":"tag-danemark","12":"tag-europe","13":"tag-fr","14":"tag-france","15":"tag-guerre-en-ukraine","16":"tag-guerre-froide","17":"tag-international","18":"tag-monde","19":"tag-moscou","20":"tag-news","21":"tag-otan","22":"tag-russie","23":"tag-vladimir-poutine","24":"tag-volodymyr-zelensky","25":"tag-world"},"share_on_mastodon":{"url":"https:\/\/pubeurope.com\/@fr\/115306408490157890","error":""},"_links":{"self":[{"href":"https:\/\/www.europesays.com\/fr\/wp-json\/wp\/v2\/posts\/434484","targetHints":{"allow":["GET"]}}],"collection":[{"href":"https:\/\/www.europesays.com\/fr\/wp-json\/wp\/v2\/posts"}],"about":[{"href":"https:\/\/www.europesays.com\/fr\/wp-json\/wp\/v2\/types\/post"}],"author":[{"embeddable":true,"href":"https:\/\/www.europesays.com\/fr\/wp-json\/wp\/v2\/users\/2"}],"replies":[{"embeddable":true,"href":"https:\/\/www.europesays.com\/fr\/wp-json\/wp\/v2\/comments?post=434484"}],"version-history":[{"count":0,"href":"https:\/\/www.europesays.com\/fr\/wp-json\/wp\/v2\/posts\/434484\/revisions"}],"wp:featuredmedia":[{"embeddable":true,"href":"https:\/\/www.europesays.com\/fr\/wp-json\/wp\/v2\/media\/434485"}],"wp:attachment":[{"href":"https:\/\/www.europesays.com\/fr\/wp-json\/wp\/v2\/media?parent=434484"}],"wp:term":[{"taxonomy":"category","embeddable":true,"href":"https:\/\/www.europesays.com\/fr\/wp-json\/wp\/v2\/categories?post=434484"},{"taxonomy":"post_tag","embeddable":true,"href":"https:\/\/www.europesays.com\/fr\/wp-json\/wp\/v2\/tags?post=434484"}],"curies":[{"name":"wp","href":"https:\/\/api.w.org\/{rel}","templated":true}]}}