{"id":434496,"date":"2025-10-02T20:20:33","date_gmt":"2025-10-02T20:20:33","guid":{"rendered":"https:\/\/www.europesays.com\/fr\/434496\/"},"modified":"2025-10-02T20:20:33","modified_gmt":"2025-10-02T20:20:33","slug":"stabilite-derriere-mais-absence-notoire-devant-la-compo-probable-den-avant-guingamp-face-a-nancy","status":"publish","type":"post","link":"https:\/\/www.europesays.com\/fr\/434496\/","title":{"rendered":"Stabilit\u00e9 derri\u00e8re mais absence notoire devant\u00a0: la compo probable d\u2019En Avant Guingamp face \u00e0 Nancy"},"content":{"rendered":"<p>Ligue 2 (9e journ\u00e9e). Guingamp &#8211; Nancy, ce vendredi (20 h)<\/p>\n<p>Apr\u00e8s la performance de son \u00e9quipe, <a href=\"https:\/\/www.letelegramme.fr\/sports\/football\/guingamp\/saint-etienne-guingamp-le-resume-de-lincroyable-succes-den-avant-vainqueur-chez-le-leader-de-ligue-2-6898602.php\" target=\"_blank\" rel=\"nofollow noopener\">samedi, \u00e0 Saint-Etienne (3-2)<\/a>, Sylvain Ripoll devrait logiquement renouveler quasiment le m\u00eame onze pour affronter Nancy, ce vendredi, \u00e0 domicile. L\u2019entra\u00eeneur d\u2019En Avant Guingamp, qui avait opt\u00e9 pour une d\u00e9fense centrale in\u00e9dite avec la titularisation de l\u2019habituel lat\u00e9ral droit Alpha Sissoko au c\u00f4t\u00e9 de Donatien Gomis, ne devrait pas revenir en arri\u00e8re et remettre en cause un choix qui s\u2019est av\u00e9r\u00e9 payant dans le Chaudron.<\/p>\n<p>Sur le plan offensif, la formation bretonne ne pourra pas compter sur Amine Hemia, son meneur de jeu, qui n\u2019est finalement pas op\u00e9rationnel. Une absence probablement li\u00e9e \u00e0 son genou <a href=\"https:\/\/www.letelegramme.fr\/sports\/football\/guingamp\/hemia-touche-au-genou-joueurs-malades-ou-en-est-en-avant-guingamp-avant-la-reception-de-nancy-vendredi-6900403.php\" target=\"_blank\" rel=\"nofollow noopener\">douloureux qui lui avait fait manquer les deux premi\u00e8res s\u00e9ances de la semaine<\/a>. Pour le remplacer, plusieurs options s\u2019offrent \u00e0 Sylvain Ripoll. L\u2019entra\u00eeneur d\u2019En Avant Guingamp pourrait aligner Freddy Mbemba en soutien de Louis Mafouta, ce qui semble \u00eatre la tendance. A moins qu\u2019il choisisse d\u2019aligner Stanislas Kielt, qui est \u00e9galement en mesure d\u2019\u00e9voluer dans un r\u00f4le de deuxi\u00e8me attaquant.<\/p>\n<p>Enzo Basilio de retour<\/p>\n<p>C\u00f4t\u00e9 nanc\u00e9ien, Pablo Correa peut compter sur un groupe quasiment au complet. Expuls\u00e9 en d\u00e9but de match face au Red Star lors de la sixi\u00e8me journ\u00e9e, le 19 septembre, Enzo Basilio a purg\u00e9 ses deux matchs de suspension. <a href=\"https:\/\/www.letelegramme.fr\/sports\/football\/guingamp\/ea-guingamp-enzo-basilio-officiellement-transfere-a-nancy-6854125.php\" target=\"_blank\" rel=\"nofollow noopener\">L\u2019ancien portier d\u2019En Avant Guingamp<\/a> retrouvera donc bien le Roudourou ce vendredi et gardera les cages lorraines. Seul Martin Sourzac, le portier num\u00e9ro 2, toujours en reprise, manquera \u00e0 l\u2019appel.<\/p>\n<p class=\"titre-tech\">Les \u00e9quipes probables<\/p>\n<p class=\"tech\">GUINGAMP : Bartouche-Selbonne &#8211; Koffi, Gomis, Sissoko, Abdallah &#8211; Hatchi, Louiserre (c.), Sidib\u00e9, Ourega &#8211; Mbemba, Mafouta. Rempla\u00e7ants : Marec (g.), D\u00e9mouchy, Nlandu, Ahile, Ott, Sagna, Kielt. Entra\u00eeneur : S. Ripoll. Absents : Ortol\u00e1, Nair, Hemia (bless\u00e9s), Gassama, Planeix, Matumona, Njoya (choix).<\/p>\n<p class=\"tech\">NANCY : Basilio &#8211; Julloux, Saint-Ruf (c.), Fernandez &#8211; Bamba, Carlier, Bouriaud, Experience &#8211; Bouabdeli, Bokangu, Fdaouch. Rempla\u00e7ants : No\u00ebl (g.), Maouassa, Sidib\u00e9, Suljic, Carlier, Evans, Ouotro. Entra\u00eeneur : P. Correa. Absent : Sourzac (bless\u00e9).<\/p>\n","protected":false},"excerpt":{"rendered":"Ligue 2 (9e journ\u00e9e). Guingamp &#8211; Nancy, ce vendredi (20 h) Apr\u00e8s la performance de son \u00e9quipe, samedi,&hellip;\n","protected":false},"author":2,"featured_media":434497,"comment_status":"","ping_status":"","sticky":false,"template":"","format":"standard","meta":{"footnotes":""},"categories":[9635],"tags":[1111,11,9594,1777,674,63,1011,27,775,4044,446,1702,12,25,60],"class_list":{"0":"post-434496","1":"post","2":"type-post","3":"status-publish","4":"format-standard","5":"has-post-thumbnail","7":"category-nancy","8":"tag-actu","9":"tag-actualites","10":"tag-en-avant-guingamp","11":"tag-eu","12":"tag-europe","13":"tag-football","14":"tag-fr","15":"tag-france","16":"tag-grand-est","17":"tag-guingamp","18":"tag-ligue-2","19":"tag-nancy","20":"tag-news","21":"tag-republique-francaise","22":"tag-sports"},"share_on_mastodon":{"url":"https:\/\/pubeurope.com\/@fr\/115306431962333347","error":""},"_links":{"self":[{"href":"https:\/\/www.europesays.com\/fr\/wp-json\/wp\/v2\/posts\/434496","targetHints":{"allow":["GET"]}}],"collection":[{"href":"https:\/\/www.europesays.com\/fr\/wp-json\/wp\/v2\/posts"}],"about":[{"href":"https:\/\/www.europesays.com\/fr\/wp-json\/wp\/v2\/types\/post"}],"author":[{"embeddable":true,"href":"https:\/\/www.europesays.com\/fr\/wp-json\/wp\/v2\/users\/2"}],"replies":[{"embeddable":true,"href":"https:\/\/www.europesays.com\/fr\/wp-json\/wp\/v2\/comments?post=434496"}],"version-history":[{"count":0,"href":"https:\/\/www.europesays.com\/fr\/wp-json\/wp\/v2\/posts\/434496\/revisions"}],"wp:featuredmedia":[{"embeddable":true,"href":"https:\/\/www.europesays.com\/fr\/wp-json\/wp\/v2\/media\/434497"}],"wp:attachment":[{"href":"https:\/\/www.europesays.com\/fr\/wp-json\/wp\/v2\/media?parent=434496"}],"wp:term":[{"taxonomy":"category","embeddable":true,"href":"https:\/\/www.europesays.com\/fr\/wp-json\/wp\/v2\/categories?post=434496"},{"taxonomy":"post_tag","embeddable":true,"href":"https:\/\/www.europesays.com\/fr\/wp-json\/wp\/v2\/tags?post=434496"}],"curies":[{"name":"wp","href":"https:\/\/api.w.org\/{rel}","templated":true}]}}