{"id":434498,"date":"2025-10-02T20:22:14","date_gmt":"2025-10-02T20:22:14","guid":{"rendered":"https:\/\/www.europesays.com\/fr\/434498\/"},"modified":"2025-10-02T20:22:14","modified_gmt":"2025-10-02T20:22:14","slug":"a-toulon-le-navigateur-a-bati-leur-nid-damour-de-ses-mains","status":"publish","type":"post","link":"https:\/\/www.europesays.com\/fr\/434498\/","title":{"rendered":"\u00e0 Toulon, le navigateur a b\u00e2ti leur nid d\u2019amour de ses mains"},"content":{"rendered":"<p>                                    <img decoding=\"async\" src=\"https:\/\/www.europesays.com\/fr\/wp-content\/uploads\/2025\/10\/0770ab409ef4b1c5d7540a4ac9350f3228e15a34cdbbf012cc7783052c88d598.jpg\" alt=\"Ce jeudi 2 octobre dans Gala N\u00b01686, d\u00e9couvrez le sommaire en vid\u00e9o\u00a0!\" class=\"a11y-hidden\" fetchpriority=\"high\"\/><\/p>\n<p class=\"fig-standfirst\">Ensemble depuis trois ans, Estelle Denis et Marc Thiercelin se retrouve chaque week-end dans la maison du navigateur \u00e0 Toulon, qu\u2019il a b\u00e2ti lui-m\u00eame. Zoom sur cette propri\u00e9t\u00e9.<\/p>\n<p class=\"fig-paragraph\">Depuis trois ans,\u00a0<a href=\"http:\/\/www.gala.fr\/l_actu\/news_de_stars\/exclu-estelle-denis-amoureuse-de-marc-thiercelin-quand-je-l-ai-rencontre-je-l-ai-d-abord-trouve-tres-beau-20250917\" data-fig-type=\"Article\" data-gtm-custom-categorie=\"navigation\" data-gtm-custom-action=\"crossclick\" data-gtm-custom-label=\"Contextuel\" data-gtm-event=\"customEventSPE\" data-fig-domain=\"GALA\" target=\"_blank\" rel=\"noopener\">Estelle Denis file le parfait amour avec Marc Thiercelin<\/a>. La semaine, l\u2019animatrice vit \u00e0 Paris pour les besoins de son travail, tandis que depuis plusieurs ann\u00e9es, le navigateur a pos\u00e9 ses valises dans le Var, et plus pr\u00e9cis\u00e9ment \u00e0 Toulon. Chaque week-end, le couple a pris l\u2019habitude de se retrouver dans le sud de la France. En effet,\u00a0<a href=\"https:\/\/www.gala.fr\/l_actu\/news_de_stars\/estelle-denis-qui-sont-ses-enfants-victoire-et-merlin-domenech_482208\" data-fig-type=\"Article\" data-gtm-custom-categorie=\"navigation\" data-gtm-custom-action=\"crossclick\" data-gtm-custom-label=\"Contextuel\" data-gtm-event=\"customEventSPE\" data-fig-domain=\"GALA\" target=\"_blank\" rel=\"noopener\">la maman de Victoire et Merlin<\/a>\u00a0rejoint son compagnon dans sa maison. \u00ab \u00c0 Paris, je suis tr\u00e8s occup\u00e9e par mes \u00e9missions. Si Marc y vivait, on n\u2019aurait pas le temps de se voir. Le week-end, c\u2019est notre moment \u00e0 nous\u00a0\u00bb, explique-t-elle\u00a0<a href=\"http:\/\/www.gala.fr\/l_actu\/news_de_stars\/interview-estelle-denis-en-couple-avec-marc-thiercelin-mes-enfants-victoire-et-merlin-me-voient-heureuse-20250926\" data-fig-type=\"Article\" data-gtm-custom-categorie=\"navigation\" data-gtm-custom-action=\"crossclick\" data-gtm-custom-label=\"Contextuel\" data-gtm-event=\"customEventSPE\" data-fig-domain=\"GALA\" target=\"_blank\" rel=\"noopener\">lors d\u2019un entretien avec Gala.\u00a0<\/a><\/p>\n<p class=\"fig-paragraph\">Estelle Denis est d\u2019ailleurs \u00e9galement tomb\u00e9e amoureuse de la propri\u00e9t\u00e9 de Marc Thiercelin. \u00ab Cet endroit avec une tr\u00e8s belle vue\u00a0\u00bb est \u00ab le lieu id\u00e9al pour d\u00e9connecter\u00a0\u00bb, explique-t-elle. Il faut dire que la demeure du skipper de 64 ans a son charme puisqu\u2019elle se situe \u00ab au d\u00e9tour d\u2019un chemin descendant vers la plage, \u00e0 une encablure du centre de Toulon\u00a0\u00bb, comme le rapporte Fran\u00e7ois Ouisse, chef de service actu et people chez Gala. Avant de donner quelques d\u00e9tails sur la maison: \u00ab \u00c0 l\u2019entr\u00e9e, pas de sonnette, mais une cloche, comme sur un bateau\u00a0\u00bb. Une \u00ab maison en terrasses\u00a0\u00bb que Marc Thiercelin a d\u2019ailleurs \u00ab b\u00e2tie de ses mains\u00a0\u00bb. La demeure est \u00ab brute d\u2019aspect\u00a0\u00bb mais \u00ab cache \u00e0 l\u2019int\u00e9rieur une chaleur lumineuse\u00a0\u00bb, peut-on lire.<\/p>\n<p>                                    <a class=\"fig-a11y-skip a11y-hidden\" href=\"#fig-a11y-skip-main-inarticle\"><br \/>\n        Passer la publicit\u00e9<br \/>\n    <\/a><\/p>\n<p>Estelle Denis\u00a0: ce havre de paix en Bretagne qu\u2019elle conserve encore avec Raymond Domenech<\/p>\n<p class=\"fig-paragraph\">En 2013, alors en couple avec Raymond Domenech, l\u2019animatrice avait jet\u00e9 son sur une demeure situ\u00e9e dans les C\u00f4tes-d\u2019Armor.\u00a0<a href=\"http:\/\/www.gala.fr\/lifestyle\/raymond-domenech-les-traitres-trois-etages-vue-sur-mer-ce-refuge-en-bretagne-qu-il-conserve-encore-avec-estelle-denis-20250920\" data-fig-type=\"Article\" data-gtm-custom-categorie=\"navigation\" data-gtm-custom-action=\"crossclick\" data-gtm-custom-label=\"Contextuel\" data-gtm-event=\"customEventSPE\" data-fig-domain=\"GALA\" target=\"_blank\" rel=\"noopener\">Une maison moderne sur trois \u00e9tages<\/a>\u00a0qui surplombe le vieux port de Saint-Quay-Portrieux et est situ\u00e9e dans la petite station baln\u00e9aire d\u2019\u00c9tables-sur-Mer, dans la baie de Saint-Brieuc, comme le pr\u00e9cisait Le Parisien en 2020. \u00ab Il pleuvait quand on a fait la visite, c\u2019\u00e9tait vraiment un temps \u00e0 d\u00e9primer, mais en voyant la mer, j\u2019ai su que c\u2019est l\u00e0 que je voulais poser mes valises [&#8230;] Chaque jour, la lumi\u00e8re est diff\u00e9rente. C\u2019est magique\u00a0\u00bb, confiait \u00e0 l\u2019\u00e9poque Estelle Denis. Avant de pr\u00e9ciser\u00a0: \u00ab Voir tr\u00e8s loin, c\u2019est reposant\u00a0\u00bb. \u00c0 son arriv\u00e9e, la m\u00e8re de Victoire et Merlin a \u00ab tout cass\u00e9\u00a0\u00bb pour \u00e9largir les fen\u00eatres et b\u00e9n\u00e9ficier ainsi d\u2019une vue imprenable sur la mer depuis la cuisine.<\/p>\n","protected":false},"excerpt":{"rendered":"Ensemble depuis trois ans, Estelle Denis et Marc Thiercelin se retrouve chaque week-end dans la maison du navigateur&hellip;\n","protected":false},"author":2,"featured_media":434499,"comment_status":"","ping_status":"","sticky":false,"template":"","format":"standard","meta":{"footnotes":""},"categories":[9619],"tags":[1111,11,9260,17945,1777,674,1011,27,2142,56222,12,882,25,7053,2310,7506],"class_list":{"0":"post-434498","1":"post","2":"type-post","3":"status-publish","4":"format-standard","5":"has-post-thumbnail","7":"category-toulon","8":"tag-actu","9":"tag-actualites","10":"tag-confidences","11":"tag-estelle-denis","12":"tag-eu","13":"tag-europe","14":"tag-fr","15":"tag-france","16":"tag-maison","17":"tag-marc-thiercelin","18":"tag-news","19":"tag-provence-alpes-cote-dazur","20":"tag-republique-francaise","21":"tag-sud","22":"tag-toulon","23":"tag-var"},"share_on_mastodon":{"url":"https:\/\/pubeurope.com\/@fr\/115306440467922195","error":""},"_links":{"self":[{"href":"https:\/\/www.europesays.com\/fr\/wp-json\/wp\/v2\/posts\/434498","targetHints":{"allow":["GET"]}}],"collection":[{"href":"https:\/\/www.europesays.com\/fr\/wp-json\/wp\/v2\/posts"}],"about":[{"href":"https:\/\/www.europesays.com\/fr\/wp-json\/wp\/v2\/types\/post"}],"author":[{"embeddable":true,"href":"https:\/\/www.europesays.com\/fr\/wp-json\/wp\/v2\/users\/2"}],"replies":[{"embeddable":true,"href":"https:\/\/www.europesays.com\/fr\/wp-json\/wp\/v2\/comments?post=434498"}],"version-history":[{"count":0,"href":"https:\/\/www.europesays.com\/fr\/wp-json\/wp\/v2\/posts\/434498\/revisions"}],"wp:featuredmedia":[{"embeddable":true,"href":"https:\/\/www.europesays.com\/fr\/wp-json\/wp\/v2\/media\/434499"}],"wp:attachment":[{"href":"https:\/\/www.europesays.com\/fr\/wp-json\/wp\/v2\/media?parent=434498"}],"wp:term":[{"taxonomy":"category","embeddable":true,"href":"https:\/\/www.europesays.com\/fr\/wp-json\/wp\/v2\/categories?post=434498"},{"taxonomy":"post_tag","embeddable":true,"href":"https:\/\/www.europesays.com\/fr\/wp-json\/wp\/v2\/tags?post=434498"}],"curies":[{"name":"wp","href":"https:\/\/api.w.org\/{rel}","templated":true}]}}