{"id":434504,"date":"2025-10-02T20:25:17","date_gmt":"2025-10-02T20:25:17","guid":{"rendered":"https:\/\/www.europesays.com\/fr\/434504\/"},"modified":"2025-10-02T20:25:17","modified_gmt":"2025-10-02T20:25:17","slug":"pres-de-rouen-le-voleur-dun-supermarche-se-cache-sous-un-buisson-pour-echapper-a-la-police","status":"publish","type":"post","link":"https:\/\/www.europesays.com\/fr\/434504\/","title":{"rendered":"Pr\u00e8s de Rouen, le voleur d&rsquo;un supermarch\u00e9 se cache sous un buisson pour \u00e9chapper \u00e0 la police"},"content":{"rendered":"<p>            Par<br \/>\n        <strong><br \/>\n            <a href=\"https:\/\/actu.fr\/auteur\/yann-rivallan\" title=\"Consulter tous les articles de Yann Rivallan\" target=\"_blank\" rel=\"noopener\">Yann Rivallan<\/a><br \/>\n        <\/strong><\/p>\n<p>        Publi\u00e9 le<\/p>\n<p>            2 oct. 2025 \u00e0 12h08        <\/p>\n<p>Il pensait avoir trouv\u00e9 le camouflage parfait\u2026 Mais \u00e7a n\u2019a pas suffi pour \u00e9chapper aux policiers. \u00c0 21h35, mercredi 1\u1d49\u02b3 octobre 2025, les policiers sont appel\u00e9s par des responsables du <strong>Carrefour Market<\/strong> du centre commercial les Bocquets \u00e0 <a href=\"https:\/\/actu.fr\/normandie\/bois-guillaume_76108\" target=\"_blank\" rel=\"noopener\">Bois-Guillaume (Seine-Maritime)<\/a> pour <strong>un vol dans la r\u00e9serve<\/strong>.<\/p>\n<p>Un voleur arr\u00eat\u00e9 par la s\u00e9curit\u00e9<\/p>\n<p class=\" wall-content\">Sur place, les forces de l\u2019ordre se rapprochent des agents de s\u00e9curit\u00e9 du magasin. Ils ont r\u00e9ussi \u00e0 <strong>arr\u00eater un des voleurs<\/strong>, un homme de 47\u00a0ans. Mais d\u2019apr\u00e8s eux, il n\u2019\u00e9tait pas seul. Un autre a r\u00e9ussi \u00e0 s\u2019enfuir.<\/p>\n<p class=\" wall-content\">Selon la directrice du magasin, \u00ab\u2009un voisin leur a signal\u00e9 que deux personnes \u00e9taient en train d\u2019entrer dans la r\u00e9serve\u2009\u00bb, rapporte une source polici\u00e8re \u00e0 76actu.<\/p>\n<p>Il s\u2019allonge sous un buisson<\/p>\n<p class=\" wall-content\">Avec la description pr\u00e9cise du deuxi\u00e8me voleur, les policiers effectuent un rapide tour dans les environs. Au niveau de l\u2019agence CIC du centre commercial, ils remarquent \u00ab\u2009un homme <strong>allong\u00e9 sous un buisson<\/strong> qui tente de se dissimuler\u2009\u00bb, relate notre source.<\/p>\n<p class=\" wall-content\">Les policiers interpellent cet homme de 49\u00a0ans qui correspond en tous points \u00e0 la description fournie. Les deux comparses sont interpell\u00e9s et plac\u00e9s en garde \u00e0 vue.<\/p>\n<p>Suivez l\u2019actualit\u00e9 de Rouen <a href=\"https:\/\/www.whatsapp.com\/channel\/0029VaKfnf99hXF2ddApFB1D\" target=\"_blank\" rel=\"noopener\">sur notre cha\u00eene WhatsApp<\/a> et <a href=\"https:\/\/www.tiktok.com\/@76actu.fr?lang=fr\" target=\"_blank\" rel=\"noopener\">sur notre compte TikTok<\/a><\/p>\n<p class=\" wall-content\">Personnalisez votre actualit\u00e9 en ajoutant vos villes et m\u00e9dias en favori avec <a href=\"https:\/\/moncompte.actu.fr\" title=\"D\u00e9couvez Mon Actu\" rel=\"nofollow noopener\" data-trk=\"{&quot;cta&quot;:{&quot;action&quot;:&quot;https:\\\/\\\/moncompte.actu.fr&quot;,&quot;category&quot;:&quot;mon compte&quot;,&quot;from&quot;:&quot;article footer&quot;,&quot;name&quot;:&quot;Mon actu&quot;,&quot;type&quot;:&quot;cta&quot;}}\" target=\"_blank\">Mon Actu<\/a>.<\/p>\n<p>                    <script async src=\"\/\/www.tiktok.com\/embed.js\"><\/script><\/p>\n","protected":false},"excerpt":{"rendered":"Par Yann Rivallan Publi\u00e9 le 2 oct. 2025 \u00e0 12h08 Il pensait avoir trouv\u00e9 le camouflage parfait\u2026 Mais&hellip;\n","protected":false},"author":2,"featured_media":434505,"comment_status":"","ping_status":"","sticky":false,"template":"","format":"standard","meta":{"footnotes":""},"categories":[9587],"tags":[1111,11,4304,1777,674,118,1011,27,12,5161,1072,25,9590],"class_list":{"0":"post-434504","1":"post","2":"type-post","3":"status-publish","4":"format-standard","5":"has-post-thumbnail","7":"category-rouen","8":"tag-actu","9":"tag-actualites","10":"tag-carrefour","11":"tag-eu","12":"tag-europe","13":"tag-faits-divers","14":"tag-fr","15":"tag-france","16":"tag-news","17":"tag-normandie","18":"tag-police","19":"tag-republique-francaise","20":"tag-rouen"},"share_on_mastodon":{"url":"https:\/\/pubeurope.com\/@fr\/115306451810787349","error":""},"_links":{"self":[{"href":"https:\/\/www.europesays.com\/fr\/wp-json\/wp\/v2\/posts\/434504","targetHints":{"allow":["GET"]}}],"collection":[{"href":"https:\/\/www.europesays.com\/fr\/wp-json\/wp\/v2\/posts"}],"about":[{"href":"https:\/\/www.europesays.com\/fr\/wp-json\/wp\/v2\/types\/post"}],"author":[{"embeddable":true,"href":"https:\/\/www.europesays.com\/fr\/wp-json\/wp\/v2\/users\/2"}],"replies":[{"embeddable":true,"href":"https:\/\/www.europesays.com\/fr\/wp-json\/wp\/v2\/comments?post=434504"}],"version-history":[{"count":0,"href":"https:\/\/www.europesays.com\/fr\/wp-json\/wp\/v2\/posts\/434504\/revisions"}],"wp:featuredmedia":[{"embeddable":true,"href":"https:\/\/www.europesays.com\/fr\/wp-json\/wp\/v2\/media\/434505"}],"wp:attachment":[{"href":"https:\/\/www.europesays.com\/fr\/wp-json\/wp\/v2\/media?parent=434504"}],"wp:term":[{"taxonomy":"category","embeddable":true,"href":"https:\/\/www.europesays.com\/fr\/wp-json\/wp\/v2\/categories?post=434504"},{"taxonomy":"post_tag","embeddable":true,"href":"https:\/\/www.europesays.com\/fr\/wp-json\/wp\/v2\/tags?post=434504"}],"curies":[{"name":"wp","href":"https:\/\/api.w.org\/{rel}","templated":true}]}}