{"id":434506,"date":"2025-10-02T20:26:19","date_gmt":"2025-10-02T20:26:19","guid":{"rendered":"https:\/\/www.europesays.com\/fr\/434506\/"},"modified":"2025-10-02T20:26:19","modified_gmt":"2025-10-02T20:26:19","slug":"eure-ce-voyage-en-train-hors-du-temps-entre-rouen-et-evreux-a-fait-un-carton","status":"publish","type":"post","link":"https:\/\/www.europesays.com\/fr\/434506\/","title":{"rendered":"Eure. Ce voyage en train hors du temps entre Rouen et \u00c9vreux a fait un carton"},"content":{"rendered":"<p>            Par<br \/>\n        <strong><br \/>\n            <a href=\"https:\/\/actu.fr\/auteur\/anthony-bonnet\" title=\"Consulter tous les articles de Anthony Bonnet\" target=\"_blank\" rel=\"noopener\">Anthony Bonnet<\/a><br \/>\n        <\/strong><\/p>\n<p>        Publi\u00e9 le<\/p>\n<p>            2 oct. 2025 \u00e0 13h59        <\/p>\n<p>Des dizaines de personnes mass\u00e9es sur le quai de<b> la gare <\/b>de <a href=\"https:\/\/actu.fr\/normandie\/brionne_27116\" target=\"_blank\" rel=\"noopener\">Brionne (Eure)<\/a>, voil\u00e0 la premi\u00e8re image frappante de ce samedi 27 septembre 2025. On sait que <b>la fr\u00e9quentation <\/b>a bondi depuis deux ans, gr\u00e2ce \u00e0<a href=\"https:\/\/actu.fr\/normandie\/brionne_27116\/brionne-20-trains-par-jour-sarretent-en-gare-cest-un-moment-historique_60452570.html\" target=\"_blank\" rel=\"noopener\"> l\u2019augmentation de la desserte ferroviaire<\/a>, mais voir autant de monde r\u00e9uni au m\u00eame moment, c\u2019est in\u00e9dit.<\/p>\n<p>Des wagons des ann\u00e9es 1930<\/p>\n<p class=\" wall-content\">Le public avait afflu\u00e9 pour participer \u00e0 l\u2019\u00e9v\u00e9nement organis\u00e9 par<b> l\u2019association Brionne Eco-mobilit\u00e9s<\/b> en partenariat avec<b> le Pacific Vapeur Club <\/b>de Sotteville-l\u00e8s-Rouen : relier directement Rouen \u00e0 \u00c9vreux via Serquigny, \u00e0 bord de<b> wagons des ann\u00e9es 1930<\/b>, tract\u00e9s par une locomotive diesel des ann\u00e9es 1960, pour promouvoir cette liaison qui n\u2019existe pas aujourd\u2019hui.<\/p>\n<p>    <img   decoding=\"async\" loading=\"lazy\" class=\"size-large\" src=\"https:\/\/www.europesays.com\/fr\/wp-content\/uploads\/2025\/10\/ae9fc49e7ad86a2afc49e7ad886afcv-960x640.jpg\" alt=\"Les passagers affluaient sur le quai de la gare de Brionne.\" width=\"960\" height=\"640\"\/><br \/>\n    Les passagers affluaient sur le quai de la gare de Brionne. C\u2019est dans la cit\u00e9 risloise que la plupart des voyageurs ont embarqu\u00e9 \u00e0 bord des wagons. \u00a9Eveil Normand \/ AB<\/p>\n<p class=\" wall-content\">Et quand le train, retard\u00e9 par des incidents sur les voies provoqu\u00e9s par des chevreuils, est entr\u00e9 en gare vers 11 h, c\u2019\u00e9tait l\u2019effervescence. Chacun \u00e9tait press\u00e9 de monter \u00e0 bord.<\/p>\n<p>Un succ\u00e8s populaire<\/p>\n<p class=\" wall-content\">Pr\u00e8s de <b>250 passagers<\/b> avaient r\u00e9serv\u00e9 leurs billets, la majeure partie en provenance de Brionne et des alentours. \u00c9l\u00e9gamment habill\u00e9s, plusieurs avaient rev\u00eatu<b> des tenues d\u2019\u00e9poque <\/b>adapt\u00e9es aux circonstances. \u00ab Tout a \u00e9t\u00e9 vendu en un mois \u00bb, confie Fabrice Berthelot, tr\u00e9sorier de l\u2019association organisatrice.<\/p>\n<p>    <a href=\"https:\/\/www.facebook.com\/plugins\/video.php?height=314&amp;href=https%3A%2F%2Fwww.facebook.com%2FEveilNormand%2Fvideos%2F791480993528366%2F&amp;show_text=false&amp;width=350&amp;t=0\" title=\"Ouvrie le lien\" target=\"_blank\" rel=\"noopener\">Cliquez ici pour visualiser le contenu<\/a><\/p>\n<p>Vid\u00e9os : en ce moment sur Actu<\/p>\n<p class=\" wall-content\">\u00ab Cela repr\u00e9sente <b>six mois de pr\u00e9paration <\/b>et le t\u00e9l\u00e9phone n\u2019arr\u00eatait pas de sonner ces derniers jours, confirme la vice-pr\u00e9sidente, Marie-Christine Zerkaoui. Mais on a la satisfaction du r\u00e9sultat. \u00bb<\/p>\n<p class=\" wall-content\">Car cette journ\u00e9e, pleine de sourires et de joie, a \u00e9t\u00e9 un succ\u00e8s populaire. Et <b>une publicit\u00e9 id\u00e9ale <\/b>pour ce projet conjointement port\u00e9 par les associations d\u2019usagers et les \u00e9lus locaux.<\/p>\n<p>Votre r\u00e9gion, votre actu !<\/p>\n<p>Recevez chaque jour les infos qui comptent pour vous.<\/p>\n<p>\t<a href=\"https:\/\/actu.fr\/newsletter\" class=\"ac-btn ac-btn--corner ac-btn--medium ac-btn--blue800\" target=\"_blank\" rel=\"noopener\">S&rsquo;incrire<\/a><\/p>\n<p class=\" wall-content\">En temps normal, aucun train de voyageurs ne circule entre Rouen et \u00c9vreux, d\u2019o\u00f9 le caract\u00e8re exceptionnel de cette journ\u00e9e. \u00ab C\u2019est une anomalie \u00bb, affirme <b>J\u00e9r\u00f4me Pasco<\/b>, le maire de<a href=\"https:\/\/actu.fr\/normandie\/conches-en-ouche_27165\" target=\"_blank\" rel=\"noopener\"> Conches-en-Ouche<\/a>. Cette ligne permettrait de cr\u00e9er \u00ab un service ferroviaire attendu \u00bb et \u00ab rendrait bien des services \u00e0 <b>un bassin de population d\u2019environ 250 000\u00a0habitants<\/b> \u00bb, en comptant les agglom\u00e9rations d\u2019\u00c9vreux, Conches, Bernay et Bourgtheroulde.<\/p>\n<p class=\" wall-content\">\u00ab Non seulement pour ceux qui travaillent \u00e0 Rouen, pour ceux qui ont des rendez-vous m\u00e9dicaux ou qui souhaitent faire quelques achats, mais aussi pour <b>les \u00e9tudiants <\/b>quand on sait combien c\u2019est co\u00fbteux de se loger \u00bb, ajoute J\u00e9r\u00f4me Pasco, en d\u00e9fendant ce \u00ab projet d\u2019int\u00e9r\u00eat g\u00e9n\u00e9ral \u00bb.<\/p>\n<p>Des am\u00e9nagements \u00e0 pr\u00e9voir<\/p>\n<p class=\" wall-content\"><b>Les infrastructures<\/b> existent, et c\u2019est un immense avantage. \u00ab Les fonctions d\u2019aiguillage, les feux tricolores sont en marche \u00bb, approuve Bernard Champeaux, vice-pr\u00e9sident de la F\u00e9d\u00e9ration nationale des associations d\u2019usagers des transports (FNAUT) en Normandie.<\/p>\n<p class=\" wall-content\"><b>Le raccordement de Serquigny<\/b>, jonction des lignes Rouen-Caen et Caen-Paris, est con\u00e7u pour des trains de travaux lourds, \u00ab il est donc capable d\u2019accueillir des autorails voyageurs, beaucoup plus l\u00e9gers, sans difficult\u00e9 \u00bb, vante Xavier Braud, pr\u00e9sident de Brionne Eco-mobilit\u00e9s.<\/p>\n<p class=\" wall-content\">En revanche, il sera n\u00e9cessaire d\u2019automatiser<b> le passage \u00e0 niveau<\/b>, actuellement manuel. Samedi, un agent SNCF est venu sp\u00e9cialement le man\u0153uvrer.<\/p>\n<blockquote class=\"ac-article-quote wall-content\">\n<p>Il faut donner aussi un coup de jeune \u00e0 la voie ferr\u00e9e et un quai devra \u00eatre am\u00e9nag\u00e9 sur ce raccordement pour desservir Serquigny \u00e0 proximit\u00e9 de l\u2019usine Arkema. Garer des trains suppl\u00e9mentaires \u00e0 Rouen est \u00e9galement un v\u00e9ritable probl\u00e8me \u00e0 court terme.\u00a0<\/p>\n<p>Bernard Champeaux<\/p><\/blockquote>\n<p>Faciliter les voyages vers Paris\u00a0<\/p>\n<p class=\" wall-content\">Samedi 27\u00a0septembre, les participants \u00e0 cette journ\u00e9e unique ont vu d\u00e9filer des <b>paysages bucoliques<\/b> \u00e0 travers les fen\u00eatres du train. Confortablement install\u00e9s pour certains dans les fauteuils moelleux des voitures de premi\u00e8re classe, ou sur les si\u00e8ges un peu plus durs de seconde classe, ils se sont arr\u00eat\u00e9s sous un franc soleil \u00e0 Conches-en-Ouche pour \u00e9couter <b>les prises de parole <\/b>des \u00e9lus. Avant la pause d\u00e9jeuner \u00e0 \u00c9vreux, puis le trajet en sens inverse.<\/p>\n<p>    <img   decoding=\"async\" loading=\"lazy\" class=\"size-large\" src=\"https:\/\/www.europesays.com\/fr\/wp-content\/uploads\/2025\/10\/e8bfc1417bd860dbfc1417bd801cfcv-960x640.jpg\" alt=\"Sous l'oeil de la cam\u00e9ra de France 3, Xavier Braud k\u00e9pi sur la t\u00eate (pr\u00e9sident de Brionne Eco-mobilit\u00e9s), Fr\u00e9d\u00e9ric Delamare (maire de Serquigny), J\u00e9rome Pasco (maire de Conches-en-Ouche) et Val\u00e9ry Beuriot (maire de Brionne).\" width=\"960\" height=\"640\"\/><br \/>\n    Sous l\u2019\u0153il de la cam\u00e9ra de France 3, Xavier Braud, k\u00e9pi sur la t\u00eate (pr\u00e9sident de Brionne Eco-mobilit\u00e9s), Fr\u00e9d\u00e9ric Delamare (maire de Serquigny), J\u00e9r\u00f4me Pasco (maire de Conches-en-Ouche) et Val\u00e9ry Beuriot (maire de Brionne). \u00a9Eveil Normand \/ AB<\/p>\n<p class=\" wall-content\">Relier de fa\u00e7on p\u00e9renne les pr\u00e9fectures de l\u2019Eure et de la Seine-Maritime, soit 113 kilom\u00e8tres, n\u2019est pas envisageable avant 2032, pr\u00e9vient Bernard Champeaux. Selon le sp\u00e9cialiste, ce projet aurait une grande vertu : un cadencement optimal et r\u00e9gulier tout au long de la journ\u00e9e permettrait de voyager facilement de Brionne ou de Beaumont-le-Roger \u00e0 Paris.<\/p>\n<p class=\" wall-content\">\u00ab Le <b>d\u00e9veloppement \u00e9conomique <\/b>de ces villes serait am\u00e9lior\u00e9 \u00bb, pense le vice-pr\u00e9sident de la FNAUT.<\/p>\n<p>\u00ab Une opportunit\u00e9 historique \u00bb<\/p>\n<p class=\" wall-content\">\u00ab C\u2019est une opportunit\u00e9 historique \u00e0 saisir pour nos territoires ruraux, il y a<b> des besoins \u00e0 satisfaire<\/b> sur les mobilit\u00e9s alternatives \u00e0 la voiture \u00bb, confirme <b>Val\u00e9ry Beuriot<\/b>.<\/p>\n<p class=\" wall-content\">Le maire de Brionne peut t\u00e9moigner de \u00ab la progression extraordinaire \u00bb des chiffres depuis que vingt trains par jour s\u2019arr\u00eatent dans sa commune sur la ligne Rouen-Caen : de 10 000 en 2015, le nombre de mont\u00e9es et de descentes d\u00e9passera les 50 000 \u00e0 la fin de l\u2019ann\u00e9e 2025.<\/p>\n<p>    <a href=\"https:\/\/www.facebook.com\/plugins\/video.php?height=314&amp;href=https%3A%2F%2Fwww.facebook.com%2FEveilNormand%2Fvideos%2F1878328432799124%2F&amp;show_text=false&amp;width=350&amp;t=0\" title=\"Ouvrie le lien\" target=\"_blank\" rel=\"noopener\">Cliquez ici pour visualiser le contenu<\/a><\/p>\n<p class=\" wall-content\">\u00ab Nous avons franchi aujourd\u2019hui <b>un mur invisible <\/b>avec le barreau de Serquigny, d\u2019une longueur de 250\u00a0m\u00e8tres. Pour le train, c\u2019est un petit pas. Mais c\u2019est un tr\u00e8s grand pas pour notre territoire \u00bb, philosophe Val\u00e9ry Beuriot, sous les applaudissements du public.<\/p>\n<p class=\" wall-content\">\u00c9tudi\u00e9e minutieusement par l\u2019association Brionne Eco-mobilit\u00e9s, cette id\u00e9e est r\u00e9aliste, promettent ses d\u00e9fenseurs. Reste maintenant \u00e0 convaincre <b>la SNCF et la R\u00e9gion Normandie<\/b> de lui donner vie.<\/p>\n<p class=\" wall-content\">\u00ab Ce projet vient du terrain, du r\u00e9seau associatif et aujourd\u2019hui, c\u2019est la preuve par l\u2019exemple que <b>cette liaison est tout \u00e0 fait pertinente<\/b> \u00bb, appr\u00e9cie Fr\u00e9d\u00e9ric Delamare, maire de Serquigny.<\/p>\n<blockquote class=\"ac-article-quote wall-content\">\n<p>Je me souviens des propos d\u2019Herv\u00e9 Morin (pr\u00e9sident de la R\u00e9gion) qui a dit que c\u2019\u00e9tait un projet malin. Soyez assur\u00e9s de la t\u00e9nacit\u00e9 des \u00e9lus, nous irons jusqu\u2019au bout.<\/p>\n<p>Fr\u00e9d\u00e9ric Delamare<\/p><\/blockquote>\n<p class=\" wall-content\">De retour dans la cit\u00e9 risloise l\u2019apr\u00e8s-midi, \u00e0 l\u2019instant de se dire au revoir, les passagers \u00e9taient heureux d\u2019avoir v\u00e9cu ce \u00ab beau samedi \u00bb.<\/p>\n<p class=\" wall-content\">\u00ab Il y avait <b>une tr\u00e8s bonne ambiance<\/b> dans notre cabine, nous avons fait connaissance avec d\u2019autres voyageurs et nous avons bien rigol\u00e9 \u00bb, racontent Christelle et Priscilla en regagnant leur domicile, la t\u00eate remplie de souvenirs.<\/p>\n<p class=\" wall-content\">Personnalisez votre actualit\u00e9 en ajoutant vos villes et m\u00e9dias en favori avec <a href=\"https:\/\/moncompte.actu.fr\" title=\"D\u00e9couvez Mon Actu\" rel=\"nofollow noopener\" data-trk=\"{&quot;cta&quot;:{&quot;action&quot;:&quot;https:\\\/\\\/moncompte.actu.fr&quot;,&quot;category&quot;:&quot;mon compte&quot;,&quot;from&quot;:&quot;article footer&quot;,&quot;name&quot;:&quot;Mon actu&quot;,&quot;type&quot;:&quot;cta&quot;}}\" target=\"_blank\">Mon Actu<\/a>.<\/p>\n","protected":false},"excerpt":{"rendered":"Par Anthony Bonnet Publi\u00e9 le 2 oct. 2025 \u00e0 13h59 Des dizaines de personnes mass\u00e9es sur le quai&hellip;\n","protected":false},"author":2,"featured_media":434507,"comment_status":"","ping_status":"","sticky":false,"template":"","format":"standard","meta":{"footnotes":""},"categories":[9587],"tags":[1111,11,1777,674,1011,27,24124,937,12,5161,25,9590,2215,104],"class_list":{"0":"post-434506","1":"post","2":"type-post","3":"status-publish","4":"format-standard","5":"has-post-thumbnail","7":"category-rouen","8":"tag-actu","9":"tag-actualites","10":"tag-eu","11":"tag-europe","12":"tag-fr","13":"tag-france","14":"tag-gare-de-rouen","15":"tag-histoire","16":"tag-news","17":"tag-normandie","18":"tag-republique-francaise","19":"tag-rouen","20":"tag-sncf","21":"tag-societe"},"share_on_mastodon":{"url":"https:\/\/pubeurope.com\/@fr\/115306456085385499","error":""},"_links":{"self":[{"href":"https:\/\/www.europesays.com\/fr\/wp-json\/wp\/v2\/posts\/434506","targetHints":{"allow":["GET"]}}],"collection":[{"href":"https:\/\/www.europesays.com\/fr\/wp-json\/wp\/v2\/posts"}],"about":[{"href":"https:\/\/www.europesays.com\/fr\/wp-json\/wp\/v2\/types\/post"}],"author":[{"embeddable":true,"href":"https:\/\/www.europesays.com\/fr\/wp-json\/wp\/v2\/users\/2"}],"replies":[{"embeddable":true,"href":"https:\/\/www.europesays.com\/fr\/wp-json\/wp\/v2\/comments?post=434506"}],"version-history":[{"count":0,"href":"https:\/\/www.europesays.com\/fr\/wp-json\/wp\/v2\/posts\/434506\/revisions"}],"wp:featuredmedia":[{"embeddable":true,"href":"https:\/\/www.europesays.com\/fr\/wp-json\/wp\/v2\/media\/434507"}],"wp:attachment":[{"href":"https:\/\/www.europesays.com\/fr\/wp-json\/wp\/v2\/media?parent=434506"}],"wp:term":[{"taxonomy":"category","embeddable":true,"href":"https:\/\/www.europesays.com\/fr\/wp-json\/wp\/v2\/categories?post=434506"},{"taxonomy":"post_tag","embeddable":true,"href":"https:\/\/www.europesays.com\/fr\/wp-json\/wp\/v2\/tags?post=434506"}],"curies":[{"name":"wp","href":"https:\/\/api.w.org\/{rel}","templated":true}]}}