{"id":434508,"date":"2025-10-02T20:27:34","date_gmt":"2025-10-02T20:27:34","guid":{"rendered":"https:\/\/www.europesays.com\/fr\/434508\/"},"modified":"2025-10-02T20:27:34","modified_gmt":"2025-10-02T20:27:34","slug":"grenoble-les-barbarins-fourchus-font-leur-rentree-a-la-salle-noire-des-dimanche","status":"publish","type":"post","link":"https:\/\/www.europesays.com\/fr\/434508\/","title":{"rendered":"Grenoble. Les Barbarins Fourchus font leur rentr\u00e9e \u00e0 la Salle noire d\u00e8s dimanche"},"content":{"rendered":"<p>Le collectif artistique des Barbarins Fourchus on tout un programme pour ce mois d\u2019octobre. Les \u00e9v\u00e9nements se d\u00e9rouleront \u00e0 la Salle noire, situ\u00e9e au 19, rue des arts et des m\u00e9tiers Grenoble. D\u2019autres \u00e9v\u00e9nements ont lieu \u00e0 la Salle noire dans le cadre de mises \u00e0 disposition de l\u2019espace. \u25b6 \u2002 Dimanche 5\u00a0octobre \u00e0 10\u00a0h\u00a030\u00a0: Gospel Breakfast. Tout public. Participation libre. La chorale Gospel Farmers sera l\u00e0 pour un dimanche matin en musique. <\/p>\n<p class=\"note\">Barbarins fourchus\u00a0: infos@barbarins.com. R\u00e9servations sur\u00a0: barbarins.com, dans l\u2019onglet \u201cLa Salle noire\u201d et le sous-onglet \u201cbilletterie\u201d.<\/p>\n","protected":false},"excerpt":{"rendered":"Le collectif artistique des Barbarins Fourchus on tout un programme pour ce mois d\u2019octobre. Les \u00e9v\u00e9nements se d\u00e9rouleront&hellip;\n","protected":false},"author":2,"featured_media":434509,"comment_status":"","ping_status":"","sticky":false,"template":"","format":"standard","meta":{"footnotes":""},"categories":[9566],"tags":[1111,11,2430,1687,112,1777,674,1011,27,2731,2732,12,25],"class_list":{"0":"post-434508","1":"post","2":"type-post","3":"status-publish","4":"format-standard","5":"has-post-thumbnail","7":"category-grenoble","8":"tag-actu","9":"tag-actualites","10":"tag-auvergne-rhone-alpes","11":"tag-culture-loisirs","12":"tag-edition-grenoble-agglomeration","13":"tag-eu","14":"tag-europe","15":"tag-fr","16":"tag-france","17":"tag-grenoble","18":"tag-grenoble-bassin","19":"tag-news","20":"tag-republique-francaise"},"share_on_mastodon":{"url":"https:\/\/pubeurope.com\/@fr\/115306459529547281","error":""},"_links":{"self":[{"href":"https:\/\/www.europesays.com\/fr\/wp-json\/wp\/v2\/posts\/434508","targetHints":{"allow":["GET"]}}],"collection":[{"href":"https:\/\/www.europesays.com\/fr\/wp-json\/wp\/v2\/posts"}],"about":[{"href":"https:\/\/www.europesays.com\/fr\/wp-json\/wp\/v2\/types\/post"}],"author":[{"embeddable":true,"href":"https:\/\/www.europesays.com\/fr\/wp-json\/wp\/v2\/users\/2"}],"replies":[{"embeddable":true,"href":"https:\/\/www.europesays.com\/fr\/wp-json\/wp\/v2\/comments?post=434508"}],"version-history":[{"count":0,"href":"https:\/\/www.europesays.com\/fr\/wp-json\/wp\/v2\/posts\/434508\/revisions"}],"wp:featuredmedia":[{"embeddable":true,"href":"https:\/\/www.europesays.com\/fr\/wp-json\/wp\/v2\/media\/434509"}],"wp:attachment":[{"href":"https:\/\/www.europesays.com\/fr\/wp-json\/wp\/v2\/media?parent=434508"}],"wp:term":[{"taxonomy":"category","embeddable":true,"href":"https:\/\/www.europesays.com\/fr\/wp-json\/wp\/v2\/categories?post=434508"},{"taxonomy":"post_tag","embeddable":true,"href":"https:\/\/www.europesays.com\/fr\/wp-json\/wp\/v2\/tags?post=434508"}],"curies":[{"name":"wp","href":"https:\/\/api.w.org\/{rel}","templated":true}]}}