{"id":434513,"date":"2025-10-02T20:30:14","date_gmt":"2025-10-02T20:30:14","guid":{"rendered":"https:\/\/www.europesays.com\/fr\/434513\/"},"modified":"2025-10-02T20:30:14","modified_gmt":"2025-10-02T20:30:14","slug":"racisme-sexisme-a-rennes-les-discriminations-dans-le-viseur-de-la-metropole","status":"publish","type":"post","link":"https:\/\/www.europesays.com\/fr\/434513\/","title":{"rendered":"Racisme, sexisme\u2026 \u00c0 Rennes, les discriminations dans le viseur de la M\u00e9tropole"},"content":{"rendered":"<p>Sexisme, racisme, validisme, homophobie\u2026 Selon le barom\u00e8tre 2024 de l\u2019Observatoire m\u00e9tropolitain des discriminations, 74 % des 2 000 r\u00e9pondants d\u00e9clarent avoir subi des discriminations durant les 12 derniers mois, et 76 % en ont \u00e9t\u00e9 t\u00e9moins.<\/p>\n<p>Pour contrer le ph\u00e9nom\u00e8ne, le conseil m\u00e9tropolitain a renouvel\u00e9, ce jeudi 2 octobre, pour cinq ans son plan de lutte lanc\u00e9 en 2009 et prolong\u00e9 en 2017. \u00ab Les discriminations augmentent, alerte Priscilla Zamord, vice-pr\u00e9sidente en charge des solidarit\u00e9s \u00e0 la M\u00e9tropole. Nous sommes dans un contexte de propagande tr\u00e8s forte de certains m\u00e9dias qui r\u00e9pandent des st\u00e9r\u00e9otypes, des amalgames, des pr\u00e9jug\u00e9s\u2026 \u00bb<\/p>\n<p>Intersectionnalit\u00e9<\/p>\n<p>Alors que la parole raciste, notamment, se lib\u00e8re, le plan m\u00e9tropolitain fait entrer dans le champ institutionnel l\u2019intersectionnalit\u00e9, un concept de sciences humaines en<a href=\"https:\/\/www.letelegramme.fr\/ille-et-vilaine\/rennes-35000\/qui-sont-les-nouveaux-visages-du-militantisme-a-rennes-3813855.php\" target=\"_blank\" rel=\"nofollow noopener\"> vogue depuis quelques ann\u00e9es chez les militants progressistes<\/a>. Il met en avant l\u2019effet cumulatif des discriminations. Elles sont prises non pas individuellement mais dans un ensemble. Une personne sera d\u2019autant plus discrimin\u00e9e qu\u2019elle est femme, noire et voil\u00e9e par exemple.<\/p>\n<p>Quant au plan proprement dit, il se d\u00e9cline autour de quatre axes : \u00ab diffuser une culture de l\u2019\u00e9galit\u00e9 \u00bb, \u00ab mobiliser et coop\u00e9rer sur le territoire \u00bb, \u00ab informer et accompagner les victimes \u00bb, et \u00ab agir en tant qu\u2019employeur et \u00e0 travers l\u2019action publique de la collectivit\u00e9 \u00bb.<\/p>\n<p>\u00ab Un pansement sur une plaie b\u00e9ante \u00bb<\/p>\n<p>Concr\u00e8tement, les mesures incluent notamment du testing dans l\u2019acc\u00e8s \u00e0 l\u2019emploi ; la mise en place de dispositifs de sensibilisation autour des journ\u00e9es internationales (droits des femmes, lutte contre le racisme, lutte contre les violences faites aux femmes\u2026) ; stages d\u2019autod\u00e9fense ; dispositifs d\u2019accueil et d\u2019\u00e9coute ; lutte contre la haine en ligne ; sensibilisation des habitants et des agents de la collectivit\u00e9\u2026<\/p>\n<p>De engagements qui sonnent comme \u00ab du vent \u00bb selon Khalil Bettal. Le maire de Parthenay-de-Bretagne a pouss\u00e9 un coup de gueule retentissant : \u00ab C\u2019est un pansement sur une plaie b\u00e9ante. J\u2019ai l\u2019impression de lire le pr\u00e9ambule de SOS racisme en 1983, apr\u00e8s la marche de la fiert\u00e9, injustement appel\u00e9e marche des beurs. C\u2019est toujours le m\u00eame discours. Le racisme, je le subis au quotidien, par des courriers insultants. L\u2019extr\u00eame droite est aux portes du pouvoir. Les victimes n\u2019ont pas besoin de compassion, de caresses sur le dos, mais d\u2019actions concr\u00e8tes et quantifiables. Il suffit de regarder le perchoir de cette assembl\u00e9e. Il n\u2019est pas repr\u00e9sentatif de la diversit\u00e9 de notre m\u00e9tropole. \u00bb<\/p>\n","protected":false},"excerpt":{"rendered":"Sexisme, racisme, validisme, homophobie\u2026 Selon le barom\u00e8tre 2024 de l\u2019Observatoire m\u00e9tropolitain des discriminations, 74 % des 2 000&hellip;\n","protected":false},"author":2,"featured_media":434514,"comment_status":"","ping_status":"","sticky":false,"template":"","format":"standard","meta":{"footnotes":""},"categories":[2821],"tags":[1111,11,829,1777,674,1011,27,12,584,25],"class_list":{"0":"post-434513","1":"post","2":"type-post","3":"status-publish","4":"format-standard","5":"has-post-thumbnail","7":"category-rennes","8":"tag-actu","9":"tag-actualites","10":"tag-bretagne","11":"tag-eu","12":"tag-europe","13":"tag-fr","14":"tag-france","15":"tag-news","16":"tag-rennes","17":"tag-republique-francaise"},"share_on_mastodon":{"url":"https:\/\/pubeurope.com\/@fr\/115306471665306832","error":""},"_links":{"self":[{"href":"https:\/\/www.europesays.com\/fr\/wp-json\/wp\/v2\/posts\/434513","targetHints":{"allow":["GET"]}}],"collection":[{"href":"https:\/\/www.europesays.com\/fr\/wp-json\/wp\/v2\/posts"}],"about":[{"href":"https:\/\/www.europesays.com\/fr\/wp-json\/wp\/v2\/types\/post"}],"author":[{"embeddable":true,"href":"https:\/\/www.europesays.com\/fr\/wp-json\/wp\/v2\/users\/2"}],"replies":[{"embeddable":true,"href":"https:\/\/www.europesays.com\/fr\/wp-json\/wp\/v2\/comments?post=434513"}],"version-history":[{"count":0,"href":"https:\/\/www.europesays.com\/fr\/wp-json\/wp\/v2\/posts\/434513\/revisions"}],"wp:featuredmedia":[{"embeddable":true,"href":"https:\/\/www.europesays.com\/fr\/wp-json\/wp\/v2\/media\/434514"}],"wp:attachment":[{"href":"https:\/\/www.europesays.com\/fr\/wp-json\/wp\/v2\/media?parent=434513"}],"wp:term":[{"taxonomy":"category","embeddable":true,"href":"https:\/\/www.europesays.com\/fr\/wp-json\/wp\/v2\/categories?post=434513"},{"taxonomy":"post_tag","embeddable":true,"href":"https:\/\/www.europesays.com\/fr\/wp-json\/wp\/v2\/tags?post=434513"}],"curies":[{"name":"wp","href":"https:\/\/api.w.org\/{rel}","templated":true}]}}