{"id":434515,"date":"2025-10-02T20:31:13","date_gmt":"2025-10-02T20:31:13","guid":{"rendered":"https:\/\/www.europesays.com\/fr\/434515\/"},"modified":"2025-10-02T20:31:13","modified_gmt":"2025-10-02T20:31:13","slug":"barseghian-choquee-par-la-polemique-tondelier-et-faure-en-soutien","status":"publish","type":"post","link":"https:\/\/www.europesays.com\/fr\/434515\/","title":{"rendered":"Barseghian choqu\u00e9e par la pol\u00e9mique, Tondelier et Faure en soutien"},"content":{"rendered":"<p>La maire \u00e9cologiste de Strasbourg <a href=\"https:\/\/www.lalsace.fr\/p\/jeanne-barseghian\" target=\"_blank\" rel=\"noopener\">Jeanne Barseghian<\/a> s\u2019est dite ce jeudi \u00ab\u00a0choqu\u00e9e\u00a0\u00bb que des habitants soient \u00ab\u00a0pris pour cible\u00a0\u00bb <a href=\"https:\/\/www.lalsace.fr\/insolite\/2025\/09\/29\/une-affiche-avec-une-strasbourgeoise-voilee-declenche-la-polemique\" target=\"_blank\" rel=\"noopener\">d\u2019une pol\u00e9mique li\u00e9e \u00e0 une campagne d\u2019affichage montrant une femme voil\u00e9e<\/a>. \u00ab\u00a0Je pense que c\u2019est extr\u00eamement choquant de prendre pour cible des habitants et des habitantes de notre ville\u00a0\u00bb a-t-elle d\u00e9clar\u00e9.<\/p>\n<p>La campagne de communication aujourd\u2019hui termin\u00e9e visait \u00e0 promouvoir l\u2019action de la Ville en faveur des a\u00een\u00e9s et mettait en sc\u00e8ne huit b\u00e9n\u00e9voles dont une femme voil\u00e9e. La pol\u00e9mique a pris un tour national ce week-end apr\u00e8s un post sur les r\u00e9seaux sociaux d\u2019une militante LR et des r\u00e9actions de l\u2019extr\u00eame droite. \u00c0 Strasbourg, la conseill\u00e8re municipale socialiste Pernelle Richardot, a accus\u00e9 de son c\u00f4t\u00e9 la municipalit\u00e9 \u00e9cologiste de \u00ab\u00a0pros\u00e9lytisme\u00a0\u00bb et de \u00ab\u00a0calcul \u00e9lectoral des plus cyniques\u00a0\u00bb.<\/p>\n<p>  \u00ab\u00a0L\u2019islamophobie, \u00e7a suffit\u00a0\u00bb<\/p>\n<p>Ce jeudi 2 octobre sur France info, la secr\u00e9taire nationale des \u00c9cologistes, <a href=\"https:\/\/www.lalsace.fr\/p\/marine-tondelier\" target=\"_blank\" rel=\"noopener\">Marine Tondelier<\/a>, a r\u00e9clam\u00e9 aupr\u00e8s du Parti socialiste des sanctions \u00e0 l\u2019encontre de la conseill\u00e8re municipale d\u2019opposition\u00a0: \u00ab\u00a0Je demande \u00e0 <a href=\"https:\/\/www.lalsace.fr\/p\/olivier-faure\" target=\"_blank\" rel=\"noopener\">Olivier Faure<\/a> des sanctions contre Pernelle Richardot. L\u2019islamophobie, \u00e7a suffit. La gauche doit \u00eatre exemplaire sur le sujet. Cette \u00e9lue socialiste de Strasbourg a pris pour cible une b\u00e9n\u00e9vole de l\u2019op\u00e9ration \u201cVille amie des a\u00een\u00e9s\u201d parce qu\u2019elle porte le voile. La livrant ainsi \u00e0 la \u201cfachosph\u00e8re\u201d.\u00a0\u00bb<\/p>\n<p>En guise de r\u00e9ponse, sans \u00e9voquer de sanction, Olivier Faure a publi\u00e9 sur sa page Facebook, ce jeudi toujours, le visuel de la campagne accompagn\u00e9 de ses f\u00e9licitations \u00ab\u00a0aux b\u00e9n\u00e9voles engag\u00e9s dans la r\u00e9flexion pour une ville plus inclusive pour nos anciens. Merci \u00e0 toutes et tous quelles que soient vos convictions philosophiques ou religieuses. Vous \u00eates la France dans ce qu\u2019elle a de plus fraternel. Vous \u00eates l\u2019esprit de la R\u00e9publique\u00a0\u00bb.<\/p>\n<p>Ce contenu est bloqu\u00e9 car vous n&rsquo;avez pas accept\u00e9 les cookies et autres traceurs.<\/p>\n<p>En cliquant sur \u00ab J\u2019accepte \u00bb, les cookies et autres traceurs seront d\u00e9pos\u00e9s et vous pourrez visualiser les contenus  (<a href=\"\" class=\"consentModule_policy\" target=\"_blank\" title=\"Consulter la politique de protection des donn\u00e9es du fournisseur\">plus d&rsquo;informations<\/a>).<\/p>\n<p>En cliquant sur \u00ab J\u2019accepte tous les cookies \u00bb, vous autorisez des d\u00e9p\u00f4ts de cookies et autres traceurs pour le stockage de vos donn\u00e9es sur nos sites et applications \u00e0 des fins de personnalisation et de ciblage publicitaire.<\/p>\n<p class=\"consentModule_secondaryText\">Vous gardez la possibilit\u00e9 de retirer votre consentement \u00e0 tout moment en consultant notre <a href=\"https:\/\/www.lalsace.fr\/protection-des-donnees\" target=\"_blank\" title=\"Consulter notre politique de protection des donn\u00e9es\" rel=\"noopener\">politique de protection des donn\u00e9es<\/a>. <br \/>&#13;<br \/>\n            <a href=\"https:\/\/www.lalsace.fr\/politique\/2025\/10\/02\/javascript:Didomi.notice.show()\" class=\"consentModule_cmp\" target=\"_blank\" rel=\"noopener\">G\u00e9rer mes choix<\/a>&#13;\n        <\/p>\n<p>&#13;<br \/>\n                        J&rsquo;accepte&#13;<br \/>\n            J&rsquo;accepte tous les cookies&#13;\n        <\/p>\n<p>Ni Pernelle Richardot ni le chef du PS67 <a href=\"https:\/\/www.lalsace.fr\/p\/thierry-sother\" target=\"_blank\" rel=\"noopener\">Thierry Sother<\/a> n\u2019ont pu \u00eatre joints. De son c\u00f4t\u00e9, pour LFI, le d\u00e9put\u00e9 strasbourgeois <a href=\"https:\/\/www.lalsace.fr\/p\/emmanuel-fernandes\" target=\"_blank\" rel=\"noopener\">Emmanuel Fernandes<\/a> et le conseiller d\u00e9partemental Florian Kobryn ont d\u00e9clar\u00e9 \u00ab\u00a0apporter leur soutien \u00e0 la citoyenne cibl\u00e9e par ces attaques abjectes\u00a0\u00bb et d\u00e9nonc\u00e9 \u00ab\u00a0les r\u00e9cup\u00e9rations politiciennes de toutes parts, de son image\u00a0\u00bb.<\/p>\n","protected":false},"excerpt":{"rendered":"La maire \u00e9cologiste de Strasbourg Jeanne Barseghian s\u2019est dite ce jeudi \u00ab\u00a0choqu\u00e9e\u00a0\u00bb que des habitants soient \u00ab\u00a0pris pour&hellip;\n","protected":false},"author":2,"featured_media":434142,"comment_status":"","ping_status":"","sticky":false,"template":"","format":"standard","meta":{"footnotes":""},"categories":[2820],"tags":[1111,11,2389,1777,674,107,1011,27,775,3539,12,3541,316,25,640],"class_list":{"0":"post-434515","1":"post","2":"type-post","3":"status-publish","4":"format-standard","5":"has-post-thumbnail","7":"category-strasbourg","8":"tag-actu","9":"tag-actualites","10":"tag-alsace","11":"tag-eu","12":"tag-europe","13":"tag-fil-info","14":"tag-fr","15":"tag-france","16":"tag-grand-est","17":"tag-les-ecologistes","18":"tag-news","19":"tag-parti-socialiste","20":"tag-politique","21":"tag-republique-francaise","22":"tag-strasbourg"},"share_on_mastodon":{"url":"https:\/\/pubeurope.com\/@fr\/115306475337667695","error":""},"_links":{"self":[{"href":"https:\/\/www.europesays.com\/fr\/wp-json\/wp\/v2\/posts\/434515","targetHints":{"allow":["GET"]}}],"collection":[{"href":"https:\/\/www.europesays.com\/fr\/wp-json\/wp\/v2\/posts"}],"about":[{"href":"https:\/\/www.europesays.com\/fr\/wp-json\/wp\/v2\/types\/post"}],"author":[{"embeddable":true,"href":"https:\/\/www.europesays.com\/fr\/wp-json\/wp\/v2\/users\/2"}],"replies":[{"embeddable":true,"href":"https:\/\/www.europesays.com\/fr\/wp-json\/wp\/v2\/comments?post=434515"}],"version-history":[{"count":0,"href":"https:\/\/www.europesays.com\/fr\/wp-json\/wp\/v2\/posts\/434515\/revisions"}],"wp:featuredmedia":[{"embeddable":true,"href":"https:\/\/www.europesays.com\/fr\/wp-json\/wp\/v2\/media\/434142"}],"wp:attachment":[{"href":"https:\/\/www.europesays.com\/fr\/wp-json\/wp\/v2\/media?parent=434515"}],"wp:term":[{"taxonomy":"category","embeddable":true,"href":"https:\/\/www.europesays.com\/fr\/wp-json\/wp\/v2\/categories?post=434515"},{"taxonomy":"post_tag","embeddable":true,"href":"https:\/\/www.europesays.com\/fr\/wp-json\/wp\/v2\/tags?post=434515"}],"curies":[{"name":"wp","href":"https:\/\/api.w.org\/{rel}","templated":true}]}}