{"id":434523,"date":"2025-10-02T20:36:58","date_gmt":"2025-10-02T20:36:58","guid":{"rendered":"https:\/\/www.europesays.com\/fr\/434523\/"},"modified":"2025-10-02T20:36:58","modified_gmt":"2025-10-02T20:36:58","slug":"brest-nantes-romain-del-castillo-incertain-apres-une-gene-musculaire-ressentie-a-lentrainement","status":"publish","type":"post","link":"https:\/\/www.europesays.com\/fr\/434523\/","title":{"rendered":"Brest &#8211; Nantes\u00a0: Romain Del Castillo incertain apr\u00e8s une \u00ab\u00a0g\u00eane musculaire\u00a0\u00bb ressentie \u00e0 l\u2019entra\u00eenement"},"content":{"rendered":"<p>Ligue 1 (7e journ\u00e9e). Stade Brestois &#8211; FC Nantes, samedi (19 h)<\/p>\n<p>Apr\u00e8s ses succ\u00e8s contre l\u2019OGC Nice puis Angers, le Stade Brestois re\u00e7oit le FC Nantes ce samedi (19 h), pour le compte de la 7e journ\u00e9e de Ligue 1. Pour cette rencontre, \u00c9ric Roy devra toujours se passer de Lucas Tousart (cuisse) et Mama Bald\u00e9 (cuisse) et aussi R\u00e9my Labeau-Lascary (coude), absent pour <a href=\"https:\/\/www.letelegramme.fr\/sports\/football\/stade-brestois\/blessure-confirmee-pour-remy-labeau-lascary-absent-pour-plusieurs-semaines-avec-le-stade-brestois-6900198.php\" target=\"_blank\" rel=\"noopener\">au moins trois semaines<\/a>.<\/p>\n<p>Mais l\u2019entra\u00eeneur brestois pourrait devoir se passer d\u2019une nouvelle arme offensive contre les Canaris\u2026 D\u00e9cisif et revenu \u00e0 son meilleur niveau, <a href=\"https:\/\/www.letelegramme.fr\/sports\/football\/stade-brestois\/brest-nice-un-joueur-de-tres-haut-niveau-romain-del-castillo-pret-a-redevenir-incontournable-6893586.php\" target=\"_blank\" rel=\"noopener\">Romain Del Castillo<\/a> a subitement quitt\u00e9 l\u2019entra\u00eenement, jeudi matin, \u00e0 Kerlaurent. \u00ab Il a ressenti une g\u00eane musculaire, on verra pour samedi \u00bb, a expliqu\u00e9 \u00c9ric Roy en conf\u00e9rence de presse.<\/p>\n","protected":false},"excerpt":{"rendered":"Ligue 1 (7e journ\u00e9e). Stade Brestois &#8211; FC Nantes, samedi (19 h) Apr\u00e8s ses succ\u00e8s contre l\u2019OGC Nice&hellip;\n","protected":false},"author":2,"featured_media":434524,"comment_status":"","ping_status":"","sticky":false,"template":"","format":"standard","meta":{"footnotes":""},"categories":[2818],"tags":[1111,11,3450,3166,1777,674,63,1011,27,66,766,12,2636,25,60,4449],"class_list":{"0":"post-434523","1":"post","2":"type-post","3":"status-publish","4":"format-standard","5":"has-post-thumbnail","7":"category-nantes","8":"tag-actu","9":"tag-actualites","10":"tag-brest","11":"tag-en-continu-sports","12":"tag-eu","13":"tag-europe","14":"tag-football","15":"tag-fr","16":"tag-france","17":"tag-ligue-1","18":"tag-nantes","19":"tag-news","20":"tag-pays-de-la-loire","21":"tag-republique-francaise","22":"tag-sports","23":"tag-stade-brestois"},"share_on_mastodon":{"url":"https:\/\/pubeurope.com\/@fr\/115306498948463206","error":""},"_links":{"self":[{"href":"https:\/\/www.europesays.com\/fr\/wp-json\/wp\/v2\/posts\/434523","targetHints":{"allow":["GET"]}}],"collection":[{"href":"https:\/\/www.europesays.com\/fr\/wp-json\/wp\/v2\/posts"}],"about":[{"href":"https:\/\/www.europesays.com\/fr\/wp-json\/wp\/v2\/types\/post"}],"author":[{"embeddable":true,"href":"https:\/\/www.europesays.com\/fr\/wp-json\/wp\/v2\/users\/2"}],"replies":[{"embeddable":true,"href":"https:\/\/www.europesays.com\/fr\/wp-json\/wp\/v2\/comments?post=434523"}],"version-history":[{"count":0,"href":"https:\/\/www.europesays.com\/fr\/wp-json\/wp\/v2\/posts\/434523\/revisions"}],"wp:featuredmedia":[{"embeddable":true,"href":"https:\/\/www.europesays.com\/fr\/wp-json\/wp\/v2\/media\/434524"}],"wp:attachment":[{"href":"https:\/\/www.europesays.com\/fr\/wp-json\/wp\/v2\/media?parent=434523"}],"wp:term":[{"taxonomy":"category","embeddable":true,"href":"https:\/\/www.europesays.com\/fr\/wp-json\/wp\/v2\/categories?post=434523"},{"taxonomy":"post_tag","embeddable":true,"href":"https:\/\/www.europesays.com\/fr\/wp-json\/wp\/v2\/tags?post=434523"}],"curies":[{"name":"wp","href":"https:\/\/api.w.org\/{rel}","templated":true}]}}