{"id":434525,"date":"2025-10-02T20:38:12","date_gmt":"2025-10-02T20:38:12","guid":{"rendered":"https:\/\/www.europesays.com\/fr\/434525\/"},"modified":"2025-10-02T20:38:12","modified_gmt":"2025-10-02T20:38:12","slug":"circuits-courts-et-education-au-gout","status":"publish","type":"post","link":"https:\/\/www.europesays.com\/fr\/434525\/","title":{"rendered":"circuits courts et \u00e9ducation au go\u00fbt"},"content":{"rendered":"<p>Du 13 au 19 octobre, la troisi\u00e8me \u00e9dition du Festival Bon\u00a0! investit les quartiers de Bordeaux. Parrain\u00e9 par Philippe Etchebest, l\u2019\u00e9v\u00e9nement met l\u2019accent sur le bien-manger, les circuits courts et l\u2019\u00e9ducation au go\u00fbt pour les plus jeunes, tout en valorisant les producteurs locaux.<\/p>\n<p>\n                      Pourquoi \u00ab\u00a0Bon\u00a0!\u00a0\u00bb\u00a0: le cadre et l\u2019ambition<\/p>\n<p>Lanc\u00e9 en 2023, le Festival Bon\u00a0! poursuit une ambition claire\u00a0: replacer l\u2019alimentation au c\u0153ur de la vie quotidienne bordelaise. \u00ab\u00a0Bien manger est un droit, et ce droit doit \u00eatre accessible \u00e0 tous\u00a0\u00bb, a rappel\u00e9 le maire Pierre Hurmic lors de la conf\u00e9rence de presse du 2 octobre. Une d\u00e9claration qui r\u00e9sume l\u2019esprit de ce rendez-vous automnal\u00a0: promouvoir une alimentation plus v\u00e9g\u00e9tale, locale et \u00e9quilibr\u00e9e, b\u00e9n\u00e9fique pour la sant\u00e9 comme pour l\u2019environnement.<\/p>\n<p>Le festival s\u2019appuie sur un r\u00e9seau de 86 associations et structures locales, mobilisant b\u00e9n\u00e9voles, producteurs et restaurateurs. Le choix de se d\u00e9ployer dans l\u2019ensemble des quartiers illustre cette volont\u00e9 de proximit\u00e9\u00a0: apporter le go\u00fbt du \u00ab\u00a0Bon\u00a0\u00bb au plus pr\u00e8s des habitants, dans leur quotidien.<\/p>\n<p>La conf\u00e9rence de presse s\u2019est ouverte sur une note ludique. Pierre Hurmic a lanc\u00e9 une devinette autour d\u2019une citation c\u00e9l\u00e8bre de Brillat-Savarin\u00a0: \u00ab\u00a0Dis-moi ce que tu manges, je te dirai qui tu es. L\u2019homme se nourrit, l\u2019homme d\u2019esprit sait manger. \u00a0\u00bb Quelques instants plus tard, une seconde citation a \u00e9t\u00e9 propos\u00e9e, cette fois attribu\u00e9e\u2026 \u00e0 Philippe Etchebest lui-m\u00eame\u00a0: \u00ab\u00a0Ma devise, c\u2019est d\u2019abord de se faire plaisir dans tout ce qu\u2019on fait, et d\u2019avoir l\u2019amour du travail bien fait.\u00a0\u00bb.<\/p>\n<p>Au-del\u00e0 de la convivialit\u00e9, le message \u00e9tait clair\u00a0: bien-manger n\u2019est pas seulement une affaire de go\u00fbt, mais aussi de culture partag\u00e9e et de valeurs.<\/p>\n<dl class=\"spip_document_39681 spip_documents spip_documents_center\">\n<dt><img loading=\"lazy\" decoding=\"async\" src=\"https:\/\/www.europesays.com\/fr\/wp-content\/uploads\/2025\/10\/_r2v0172-9ddab.jpg\" width=\"983\" height=\"656\" alt=\"\"\/><\/dt>\n<dt class=\"spip_doc_titre\" style=\"width:350px;\"><strong>Festival Bon\u00a0! 2025<\/strong><\/dt>\n<dd class=\"spip_doc_descriptif\" style=\"width:350px;\">Eve Demange, Pierre Hurmic et Philippe Etchebest\n<\/dd>\n<\/dl>\n<p>Le parrain et la jeunesse\u00a0: ce qui change en 2025<\/p>\n<p>Apr\u00e8s Vivien Durand en 2023 et Thierry Marx en 2024, c\u2019est Philippe Etchebest qui prend le relais cette ann\u00e9e. Figure bordelaise, le chef \u00e9toil\u00e9 et Meilleur Ouvrier de France a tenu \u00e0 inscrire cette \u00e9dition sous le signe de la jeunesse. \u00ab\u00a0Il y a moyen d\u2019\u00e9duquer les enfants, de leur apprendre \u00e0 bien manger, \u00e0 appr\u00e9cier les choses\u00a0\u00bb, a-t-il soulign\u00e9. Concr\u00e8tement, il a imagin\u00e9 des menus pour les 17 000 \u00e9coliers bordelais et pour les seniors, mais aussi un grand quiz culinaire organis\u00e9 le 17 octobre dans les jardins de l\u2019H\u00f4tel de Ville avec 200 \u00e9l\u00e8ves de CE2.<\/p>\n<p>Ce travail \u00e9ducatif s\u2019inscrit dans une d\u00e9marche plus large. \u00ab\u00a071\u00a0% des repas servis dans les \u00e9coles sont d\u00e9sormais bio, dont 75\u00a0% issus de Nouvelle-Aquitaine\u00a0\u00bb, a pr\u00e9cis\u00e9 \u00c8ve Demange, \u00e9lue en charge de la r\u00e9silience alimentaire. Pour elle, l\u2019enjeu est d\u2019installer le bien-manger au c\u0153ur du patrimoine urbain bordelais, en impliquant cantines, associations et familles.<\/p>\n<p>Le programme dans les quartiers<\/p>\n<p>Pendant une semaine, plus de 90 \u00e9v\u00e9nements, majoritairement gratuits, rythmeront la ville. Quelques exemples\u00a0:<\/p>\n<p><strong>Bordeaux Centre<\/strong>\u00a0: concours de la chocolatine le 14 octobre \u00e0 l\u2019H\u00f4tel de Ville, pr\u00e9sid\u00e9 par le boulanger Pascal Rigo\u00a0; banquet de la \u00ab\u00a0BONNE table\u00a0\u00bb le 16 octobre rue Sainte-Colombe.<\/p>\n<p><strong>Bordeaux Maritime<\/strong>\u00a0: ateliers de cuisine \u00e0 la Ferme p\u00e9dagogique, projection du film Les graines de la dignit\u00e9 et concours de soupe \u00ab\u00a0La louche d\u2019or\u00a0\u00bb le 17 octobre.<\/p>\n<p><strong>Nansouty \u2013 Saint-Gen\u00e8s<\/strong>\u00a0: march\u00e9 100\u00a0% v\u00e9g\u00e9tal du Green Market le 19 octobre sur la place Nansouty, avec producteurs locaux et restauration sur place.<\/p>\n<p>L\u2019\u00e9v\u00e9nement de cl\u00f4ture, <strong>Chaud Show<\/strong>, se tiendra le 18 octobre sur le campus de la Victoire. Vingt chefs bordelais y rel\u00e8veront le d\u00e9fi culinaire 75\/25\u00a0: 75\u00a0% d\u2019ingr\u00e9dients d\u2019origine v\u00e9g\u00e9tale, 25\u00a0% d\u2019origine animale.<\/p>\n<p>Circuits courts et r\u00e9silience\u00a0: qui fait quoi \u00e0 Bordeaux<\/p>\n<p>Le <strong>Festival Bon\u00a0!<\/strong> se distingue par son ancrage dans les circuits courts et l\u2019\u00e9conomie locale. Les menus con\u00e7us pour les \u00e9coles et les animations familiales privil\u00e9gient les produits de saison et de proximit\u00e9. \u00ab\u00a0C\u2019est notre quotidien d\u2019aller chercher des producteurs et de les mettre en avant\u00a0\u00bb, a rappel\u00e9 <strong>Philippe Etchebest<\/strong>, citant son propre engagement au sein de ses \u00e9tablissements bordelais.<\/p>\n<p>La dimension \u00e9ducative est omnipr\u00e9sente\u00a0: ateliers de lactofermentation, tables rondes sur l\u2019eau en viticulture ou encore d\u00e9couverte de la permaculture en ville. Ce travail de fond est soutenu par des financements municipaux\u00a0: plus de 100 000 \u20ac allou\u00e9s chaque ann\u00e9e via l\u2019appel \u00e0 projets Bordeaux Recettes d\u2019Avenir, pour encourager les initiatives de terrain.<\/p>\n<p>Au-del\u00e0 de l\u2019alimentation, le festival interroge les liens entre culture, agriculture et solidarit\u00e9. Les \u00e9changes avec des associations comme Surfrider Gironde ou le <strong>Bordeaux Food Club<\/strong> montrent que bien-manger ne se limite pas \u00e0 une assiette\u00a0: c\u2019est un levier de sant\u00e9 publique, d\u2019identit\u00e9 locale et de lien social.<\/p>\n<p>\u00c0 noter<\/p>\n<ul class=\"spip\">\n<li> Concours \u00ab\u00a0Chocolatine\u00a0\u00bb \u2014 mardi 14 octobre, H\u00f4tel de Ville, Bordeaux Centre<\/li>\n<\/ul>\n<ul class=\"spip\">\n<li> La BONNE table \u2014 jeudi 16 octobre, rue Sainte-Colombe<\/li>\n<\/ul>\n<ul class=\"spip\">\n<li> Grand quiz des \u00e9coliers \u2014 vendredi 17 octobre, jardins de l\u2019H\u00f4tel de Ville<\/li>\n<\/ul>\n<ul class=\"spip\">\n<li> Cl\u00f4ture \u00ab\u00a0Chaud Show\u00a0\u00bb \u2014 samedi 18 octobre, campus de la Victoire<\/li>\n<\/ul>\n<ul class=\"spip\">\n<li> Green Market 100\u00a0% v\u00e9g\u00e9tal \u2014 dimanche 19 octobre, place Nansouty<\/li>\n<\/ul>\n","protected":false},"excerpt":{"rendered":"Du 13 au 19 octobre, la troisi\u00e8me \u00e9dition du Festival Bon\u00a0! investit les quartiers de Bordeaux. Parrain\u00e9 par&hellip;\n","protected":false},"author":2,"featured_media":434526,"comment_status":"","ping_status":"","sticky":false,"template":"","format":"standard","meta":{"footnotes":""},"categories":[2817],"tags":[1111,11,1997,1777,674,1011,27,12,2219,25],"class_list":{"0":"post-434525","1":"post","2":"type-post","3":"status-publish","4":"format-standard","5":"has-post-thumbnail","7":"category-bordeaux","8":"tag-actu","9":"tag-actualites","10":"tag-bordeaux","11":"tag-eu","12":"tag-europe","13":"tag-fr","14":"tag-france","15":"tag-news","16":"tag-nouvelle-aquitaine","17":"tag-republique-francaise"},"share_on_mastodon":{"url":"https:\/\/pubeurope.com\/@fr\/115306503267831849","error":""},"_links":{"self":[{"href":"https:\/\/www.europesays.com\/fr\/wp-json\/wp\/v2\/posts\/434525","targetHints":{"allow":["GET"]}}],"collection":[{"href":"https:\/\/www.europesays.com\/fr\/wp-json\/wp\/v2\/posts"}],"about":[{"href":"https:\/\/www.europesays.com\/fr\/wp-json\/wp\/v2\/types\/post"}],"author":[{"embeddable":true,"href":"https:\/\/www.europesays.com\/fr\/wp-json\/wp\/v2\/users\/2"}],"replies":[{"embeddable":true,"href":"https:\/\/www.europesays.com\/fr\/wp-json\/wp\/v2\/comments?post=434525"}],"version-history":[{"count":0,"href":"https:\/\/www.europesays.com\/fr\/wp-json\/wp\/v2\/posts\/434525\/revisions"}],"wp:featuredmedia":[{"embeddable":true,"href":"https:\/\/www.europesays.com\/fr\/wp-json\/wp\/v2\/media\/434526"}],"wp:attachment":[{"href":"https:\/\/www.europesays.com\/fr\/wp-json\/wp\/v2\/media?parent=434525"}],"wp:term":[{"taxonomy":"category","embeddable":true,"href":"https:\/\/www.europesays.com\/fr\/wp-json\/wp\/v2\/categories?post=434525"},{"taxonomy":"post_tag","embeddable":true,"href":"https:\/\/www.europesays.com\/fr\/wp-json\/wp\/v2\/tags?post=434525"}],"curies":[{"name":"wp","href":"https:\/\/api.w.org\/{rel}","templated":true}]}}