{"id":434527,"date":"2025-10-02T20:39:17","date_gmt":"2025-10-02T20:39:17","guid":{"rendered":"https:\/\/www.europesays.com\/fr\/434527\/"},"modified":"2025-10-02T20:39:17","modified_gmt":"2025-10-02T20:39:17","slug":"la-mobilisation-sessouffle-a-bordeaux","status":"publish","type":"post","link":"https:\/\/www.europesays.com\/fr\/434527\/","title":{"rendered":"la mobilisation s\u2019essouffle \u00e0 Bordeaux"},"content":{"rendered":"<p>Ce jeudi 2\u00a0octobre, pr\u00e8s de 2\u00a0600 manifestants, selon la pr\u00e9fecture, se sont rassembl\u00e9s pour cette 3e journ\u00e9e de mobilisation de rentr\u00e9e sociale. Si le nombre de manifestants diminue par rapport aux rassemblements des 10 et 18\u00a0septembre, la col\u00e8re, elle, est toujours forte<\/p>\n<p>Peu avant midi, le cort\u00e8ge s\u2019est \u00e9lanc\u00e9 dans les rues de Bordeaux, avec la place de la Victoire en ligne de mire. Les syndicats, unis derri\u00e8re l\u2019intersyndicale, ont rappel\u00e9 leurs revendications\u00a0: meilleure r\u00e9orientation des flux financiers, partage \u00e9quitable de l\u2019effort collectif et d\u00e9fense du pouvoir d\u2019achat. \u00ab\u00a0Nous comprenons les difficult\u00e9s du pays, mais il faut que chacun contribue de la m\u00eame fa\u00e7on\u00a0\u00bb, insistaient les repr\u00e9sentants syndicaux. Si la col\u00e8re reste palpable dans plusieurs secteurs, notamment chez les jeunes \u00e9tudiants et lyc\u00e9ens, la participation dans l\u2019\u00c9ducation nationale montre des signes d\u2019essoufflement\u00a0: apr\u00e8s un pic de 17\u00a0% de gr\u00e9vistes mi-septembre, la mobilisation peine \u00e0 se maintenir.<\/p>\n","protected":false},"excerpt":{"rendered":"Ce jeudi 2\u00a0octobre, pr\u00e8s de 2\u00a0600 manifestants, selon la pr\u00e9fecture, se sont rassembl\u00e9s pour cette 3e journ\u00e9e de&hellip;\n","protected":false},"author":2,"featured_media":434528,"comment_status":"","ping_status":"","sticky":false,"template":"","format":"standard","meta":{"footnotes":""},"categories":[2817],"tags":[1111,11,1997,1777,674,1011,27,12,2219,25],"class_list":{"0":"post-434527","1":"post","2":"type-post","3":"status-publish","4":"format-standard","5":"has-post-thumbnail","7":"category-bordeaux","8":"tag-actu","9":"tag-actualites","10":"tag-bordeaux","11":"tag-eu","12":"tag-europe","13":"tag-fr","14":"tag-france","15":"tag-news","16":"tag-nouvelle-aquitaine","17":"tag-republique-francaise"},"share_on_mastodon":{"url":"https:\/\/pubeurope.com\/@fr\/115306506840551261","error":""},"_links":{"self":[{"href":"https:\/\/www.europesays.com\/fr\/wp-json\/wp\/v2\/posts\/434527","targetHints":{"allow":["GET"]}}],"collection":[{"href":"https:\/\/www.europesays.com\/fr\/wp-json\/wp\/v2\/posts"}],"about":[{"href":"https:\/\/www.europesays.com\/fr\/wp-json\/wp\/v2\/types\/post"}],"author":[{"embeddable":true,"href":"https:\/\/www.europesays.com\/fr\/wp-json\/wp\/v2\/users\/2"}],"replies":[{"embeddable":true,"href":"https:\/\/www.europesays.com\/fr\/wp-json\/wp\/v2\/comments?post=434527"}],"version-history":[{"count":0,"href":"https:\/\/www.europesays.com\/fr\/wp-json\/wp\/v2\/posts\/434527\/revisions"}],"wp:featuredmedia":[{"embeddable":true,"href":"https:\/\/www.europesays.com\/fr\/wp-json\/wp\/v2\/media\/434528"}],"wp:attachment":[{"href":"https:\/\/www.europesays.com\/fr\/wp-json\/wp\/v2\/media?parent=434527"}],"wp:term":[{"taxonomy":"category","embeddable":true,"href":"https:\/\/www.europesays.com\/fr\/wp-json\/wp\/v2\/categories?post=434527"},{"taxonomy":"post_tag","embeddable":true,"href":"https:\/\/www.europesays.com\/fr\/wp-json\/wp\/v2\/tags?post=434527"}],"curies":[{"name":"wp","href":"https:\/\/api.w.org\/{rel}","templated":true}]}}