{"id":434533,"date":"2025-10-02T20:42:34","date_gmt":"2025-10-02T20:42:34","guid":{"rendered":"https:\/\/www.europesays.com\/fr\/434533\/"},"modified":"2025-10-02T20:42:34","modified_gmt":"2025-10-02T20:42:34","slug":"que-macron-sache-quon-ne-lachera-rien","status":"publish","type":"post","link":"https:\/\/www.europesays.com\/fr\/434533\/","title":{"rendered":"Que Macron sache qu&rsquo;on ne l\u00e2chera rien"},"content":{"rendered":"<p>            Par<br \/>\n        <strong><br \/>\n            <a href=\"https:\/\/actu.fr\/auteur\/redaction-lille\" title=\"Consulter tous les articles de R\u00e9daction Lille\" target=\"_blank\" rel=\"noopener\">R\u00e9daction Lille<\/a><br \/>\n        <\/strong><\/p>\n<p>        Publi\u00e9 le<\/p>\n<p>            2 oct. 2025 \u00e0 15h58<br \/>\n        ; mis \u00e0 jour le 2 oct. 2025 \u00e0 17h18    <\/p>\n<p>Depuis la rentr\u00e9e, plusieurs journ\u00e9es de <a href=\"https:\/\/actu.fr\/tag\/greve\" target=\"_blank\" rel=\"noopener\">gr\u00e8ve<\/a> g\u00e9n\u00e9rale ont marqu\u00e9 l\u2019actualit\u00e9, en France. Un nouvel <b>appel \u00e0 la mobilisation<\/b> a \u00e9t\u00e9 lanc\u00e9 pour ce<b> jeudi 2 octobre 2025.<\/b> Des perturbations dans les transports ou les \u00e9coles avaient \u00e9t\u00e9 <a href=\"https:\/\/actu.fr\/hauts-de-france\/lille_59350\/transports-ecoles-manifestation-ce-qui-vous-attend-a-lille-pour-la-greve-du-jeudi-2-octobre_63235104.html\" target=\"_blank\" rel=\"noopener\">annonc\u00e9es en amont de cette journ\u00e9e<\/a>, marqu\u00e9e par une <b>manifestation \u00e0 Lille <\/b>(Nord). On vous fait revivre l\u2019\u00e9v\u00e9nement.<\/p>\n<p>Revivez la manifestation \u00e0 Lille<\/p>\n<ul class=\" wall-content\">\n<li><b>17h15 : cl\u00f4ture du direct<\/b><\/li>\n<\/ul>\n<p class=\" wall-content\">Il est l\u2019heure pour nous de cl\u00f4turer ce direct, alors que le cort\u00e8ge arrive au niveau du Th\u00e9\u00e2tre S\u00e9bastopol, avant de rejoindre la place de la R\u00e9publique.<\/p>\n<ul class=\" wall-content\">\n<li><b>17h : Pr\u00e8s de 3 000 manifestants dans les rues<\/b><\/li>\n<\/ul>\n<p class=\" wall-content\">Selon la pr\u00e9fecture, pr\u00e8s de 3 000 manifestants d\u00e9filent dans les rues de Lille, ce jeudi. 2 900 plus exactement. Il est pr\u00e9cis\u00e9 que le dispositif de s\u00e9curit\u00e9 mis en place est inf\u00e9rieur \u00e0 celui de la mobilisation du 18 septembre dernier.<\/p>\n<p>    <img   decoding=\"async\" loading=\"lazy\" class=\"size-large\" src=\"https:\/\/www.europesays.com\/fr\/wp-content\/uploads\/2025\/10\/40b9a7a49ed8664b9a7a49ed88ab9av-960x640.jpeg\" alt=\"\u00c0 17h, le cort\u00e8ge poursuit son avanc\u00e9e, dans la rue Solf\u00e9rino \u00e0 Lille.\" width=\"960\" height=\"640\"\/><br \/>\n    \u00c0 17h, le cort\u00e8ge poursuit son avanc\u00e9e, dans la rue Solf\u00e9rino \u00e0 Lille. \u00a9ND\/Lille actu<\/p>\n<ul class=\" wall-content\">\n<li><b>16h51 : Les manifestants aux abords du secteur Mass\u00e9na<\/b><\/li>\n<\/ul>\n<p class=\" wall-content\">Le cort\u00e8ge est rest\u00e9 un moment bloqu\u00e9 au niveau de la rue Nationale, et a repris doucement son avanc\u00e9e, croisant notamment l\u2019axe du boulevard de la Libert\u00e9, bien gard\u00e9 par les forces de l\u2019ordre. Peu avant 17h, il \u00e9volue vers le quartier Mass\u00e9na, en arrivant au niveau de la place de Strasbourg.<\/p>\n<p>Votre r\u00e9gion, votre actu !<\/p>\n<p>Recevez chaque jour les infos qui comptent pour vous.<\/p>\n<p>\t<a href=\"https:\/\/actu.fr\/newsletter\" class=\"ac-btn ac-btn--corner ac-btn--medium ac-btn--blue800\" target=\"_blank\" rel=\"noopener\">S&rsquo;incrire<\/a><\/p>\n<p>    <img   decoding=\"async\" loading=\"lazy\" class=\"size-large\" src=\"https:\/\/www.europesays.com\/fr\/wp-content\/uploads\/2025\/10\/b6d406ce8ed86bad406ce8ed8ced40v-960x640.jpeg\" alt=\"Les \u00e9quipages de police sont mobilis\u00e9s pour encadrer la manifestation. Ils sont en nombre, boulevard de la Libert\u00e9 \u00e0 Lille (Nord) ce jeudi 2 octobre 2025.\" width=\"960\" height=\"640\"\/><br \/>\n    Les \u00e9quipages de police sont mobilis\u00e9s pour encadrer la manifestation. Ils sont en nombre, boulevard de la Libert\u00e9 \u00e0 Lille (Nord) ce jeudi 2 octobre 2025. \u00a9ND\/Lille actu<\/p>\n<p class=\" wall-content\">\n<ul class=\" wall-content\">\n<li><b>16h10 : Arr\u00eat devant le Printemps<\/b><\/li>\n<\/ul>\n<p class=\" wall-content\">Le cort\u00e8ge est \u00e0 l\u2019arr\u00eat devant le magasin Printemps, rue Nationale. \u00c0 16h15, il repart lentement.<\/p>\n<ul class=\" wall-content\">\n<li><b>15h57 : Le cort\u00e8ge rue Nationale\u2026 en musique<\/b><\/li>\n<\/ul>\n<p class=\" wall-content\">Peu avant 16h, les manifestants avancent dans la rue Nationale. Une fanfare met l\u2019ambiance !<\/p>\n<p class=\" wall-content\">\n<ul class=\" wall-content\">\n<li><b>15h49 : \u00ab\u00a0Gouvern\u00e9s par des gens d\u00e9connect\u00e9s de la r\u00e9alit\u00e9\u00a0\u00bb<\/b><\/li>\n<\/ul>\n<p class=\" wall-content\">Yvette, Lilloise de 79 ans, voit le cort\u00e8ge passer sur la Grand\u2019Place : \u00ab\u00a0Je ne suis plus capable de les suivre sinon je serai avec eux. Je les soutiens, on est gouvern\u00e9s par des gens d\u00e9connect\u00e9s de la r\u00e9alit\u00e9.\u00a0\u00bb<\/p>\n<ul class=\" wall-content\">\n<li><b>15h46 : Le cort\u00e8ge au niveau de la Grand\u2019Place<\/b><\/li>\n<\/ul>\n<p class=\" wall-content\">Sous l\u2019oeil curieux des passants, le cort\u00e8ge de manifestants investit la Grand\u2019place de Lille.<\/p>\n<p class=\" wall-content\">\n<ul class=\" wall-content\">\n<li><b>15h32 : La police pr\u00e9sente en nombre<\/b><\/li>\n<\/ul>\n<p class=\" wall-content\">Les chants anti-police se multiplient alors que le cort\u00e8ge s\u2019approche de la place du Th\u00e9\u00e2tre.<\/p>\n<p>    <img   decoding=\"async\" loading=\"lazy\" class=\"size-large\" src=\"https:\/\/www.europesays.com\/fr\/wp-content\/uploads\/2025\/10\/746aad1f7ed86f86aad1f7ed8dc6aav-960x640.jpeg\" alt=\"La police affiche une forte pr\u00e9sence pour la manifestation du 2 octobre 2025 \u00e0 Lille (Nord). Des chants anti-police sont entonn\u00e9s, \u00e0 l'approche de la place du Th\u00e9\u00e2tre.\" width=\"960\" height=\"640\"\/><br \/>\n    La police affiche une forte pr\u00e9sence pour la manifestation du 2 octobre 2025 \u00e0 Lille (Nord). Des chants anti-police sont entonn\u00e9s, \u00e0 l\u2019approche de la place du Th\u00e9\u00e2tre. \u00a9ND\/Lille actu<\/p>\n<ul class=\" wall-content\">\n<li><b>15h27 : Des chants anti-fascistes en t\u00eate de cort\u00e8ge<\/b><\/li>\n<\/ul>\n<p class=\" wall-content\">On peut entendre des chants anti-fascistes en t\u00eate de cort\u00e8ge, alors que les manifestants sont dans la rue Faidherbe. Ils portent leurs drapeaux, banderoles et pancartes, entour\u00e9s des fameux <a href=\"https:\/\/actu.fr\/hauts-de-france\/lille_59350\/a-lille-ces-golden-monoliths-de-12-metres-de-haut-seront-bientot-installes-le-long-de-la-rue-faidherbe_62468132.html\" target=\"_blank\" rel=\"noopener\">\u00ab\u00a0Golden Monoliths\u00a0\u00bb de SpY<\/a>.<\/p>\n<p>    <img   decoding=\"async\" loading=\"lazy\" class=\"size-large\" src=\"https:\/\/www.europesays.com\/fr\/wp-content\/uploads\/2025\/10\/1b076c5e7ed8602176c5e7ed856176v-960x640.jpeg\" alt=\"Les manifestants traversent la rue Faidherbe, o\u00f9 se dressent les fameux \" golden=\"\" monoliths=\"\" de=\"\" spy.=\"\" width=\"960\" height=\"640\"\/><br \/>\n    Les manifestants traversent la rue Faidherbe, o\u00f9 se dressent les fameux \u00ab\u00a0Golden Monoliths\u00a0\u00bb de SpY. \u00a9ND\/Lille actu<\/p>\n<ul class=\" wall-content\">\n<li><b>15h24 : \u00ab\u00a0Montrer qu\u2019on ne se laissera pas faire\u00a0\u00bb<\/b><\/li>\n<\/ul>\n<p class=\" wall-content\">Karine, 43 ans, venue de Villeneuve-d\u2019Ascq, estime : \u00ab\u00a0Il faut montrer qu\u2019on ne se laissera pas faire. Je ne suis pas sure qu\u2019il y ait beaucoup moins de monde que les fois pr\u00e9c\u00e9dentes. En tout cas nous on est l\u00e0. Et l\u2019ambiance est bonne !\u00a0\u00bb<\/p>\n<ul class=\" wall-content\">\n<li><b>15h20 : Les manifestants ont pass\u00e9 la gare<\/b><\/li>\n<\/ul>\n<p class=\" wall-content\">Le cort\u00e8ge est devant la gare et se dirige vers la rue Faidherbe. \u00ab\u00a0De Lille \u00e0 Gaza : R\u00e9sistance\u00a0\u00bb ou encore \u00ab\u00a0Macronnistes cassez-vous, la France n\u2019est pas \u00e0 vous\u00a0\u00bb (CGT), peut-on entendre dans les rangs, o\u00f9 tout est calme.<\/p>\n<ul class=\" wall-content\">\n<li><b>15h14 : \u00ab\u00a0Pas de R\u00e9publique sans services publics\u00a0\u00bb<\/b><\/li>\n<\/ul>\n<p class=\" wall-content\">Alors que les manifestants sont au niveau de la rue du Molinel, les militants de la FSU chantent : \u00ab\u00a0Pas de R\u00e9publique sans services publics\u00a0\u00bb.<\/p>\n<p class=\" wall-content\">\n<ul class=\" wall-content\">\n<li><b>15h10 : Des personnalit\u00e9s politiques \u00e0 la Porte de Paris, qui se vide des manifestants<\/b><\/li>\n<\/ul>\n<p class=\" wall-content\">Alors que le cort\u00e8ge avance, la Porte de Paris se vide des manifestants. Parmi les personnalit\u00e9s pr\u00e9sentes sur les lieux : le maire PS de Lille Arnaud Deslandes et l\u2019\u00e9lu municipal EELV St\u00e9phane Baly.<\/p>\n<ul class=\" wall-content\">\n<li><b>15h01 : \u00ab\u00a0La rue, elle est \u00e0 nous\u00a0\u00bb<\/b><\/li>\n<\/ul>\n<p class=\" wall-content\">Les manifestants chantent et affichent divers slogans sur leurs banderoles et pancartes. Les syndicats comme la CGT, FO ou FSU sont pr\u00e9sents. \u00c0 Lille, on croise aussi les artistes et repr\u00e9sentants du milieu paysan. \u00ab\u00a0On n\u2019en peut plus\u00a0\u00bb, \u00ab\u00a0Des salaires dignes pour des vies dignes\u00a0\u00bb, peut-on lire.<\/p>\n<ul class=\" wall-content\">\n<li><b>14h55 : Les manifestants avancent, rue Pierre Mauroy<\/b><\/li>\n<\/ul>\n<p class=\" wall-content\">\n<p>    <img   decoding=\"async\" loading=\"lazy\" class=\"size-large\" src=\"https:\/\/www.europesays.com\/fr\/wp-content\/uploads\/2025\/10\/25966c177ed8629966c177ed8fc966v-960x640.jpeg\" alt=\"Peu avant 15h, les manifestants traversent la rue Pierre Mauroy \u00e0 Lille (Nord).\" width=\"960\" height=\"640\"\/><br \/>\n    Peu avant 15h, les manifestants traversent la rue Pierre Mauroy \u00e0 Lille (Nord). \u00a9ND\/Lille actu<\/p>\n<ul class=\" wall-content\">\n<li><b>14h50 : Le cort\u00e8ge est parti<\/b><\/li>\n<\/ul>\n<p class=\" wall-content\">Le cort\u00e8ge, tr\u00e8s encadr\u00e9 par les forces de l\u2019ordre, comme lors de la derni\u00e8re journ\u00e9e de mobilisation, avance dans les rues de Lille. Comme \u00e0 son habitude, il passera notamment par <b>la rue Faidherbe, la Grand-Place, les rues Nationale, S\u00e9bastopol, d\u2019Inkermann<\/b>, pour ensuite rejoindre la <b>place de la R\u00e9publique.<\/b><\/p>\n<ul class=\" wall-content\">\n<li><b>14h45 : \u00ab\u00a0On ne l\u00e2chera rien\u00a0\u00bb<\/b><\/li>\n<\/ul>\n<p class=\" wall-content\">Dans les rangs des manifestants, Christophe, 32 ans, venu d\u2019Arras. Il confie \u00e0 notre journaliste sur place : \u00ab\u00a0Il y a moins de monde, c\u2019est \u00e9vident. C\u2019est toujours pareil, faire gr\u00e8ve \u00e0 un co\u00fbt, tout le monde ne peut pas se le permettre. Mais que Macron sache qu\u2019on ne l\u00e2chera rien.\u00a0\u00bb<\/p>\n<ul class=\" wall-content\">\n<li><b>14h34 : Les \u00e9tudiants dans la rue<\/b><\/li>\n<\/ul>\n<p class=\" wall-content\">Des \u00e9tudiants arrivent pour participer \u00e0 la manifestation, \u00e0 Lille. Ils sont une trentaine derri\u00e8re cette banderole.\u00a0<\/p>\n<p>    <img   decoding=\"async\" loading=\"lazy\" class=\"size-large\" src=\"https:\/\/www.europesays.com\/fr\/wp-content\/uploads\/2025\/10\/3263ae917ed862663ae917ed80a63av-960x640.jpeg\" alt=\"Des \u00e9tudiants participent \u00e0 la manifestation du 2 octobre 2025 \u00e0 Lille.\" width=\"960\" height=\"640\"\/><br \/>\n    Des \u00e9tudiants participent \u00e0 la manifestation du 2 octobre 2025 \u00e0 Lille. \u00a9ND\/Lille actu<\/p>\n<ul class=\" wall-content\">\n<li><b>14h30 : Les manifestants se r\u00e9unissent<\/b><\/li>\n<\/ul>\n<p class=\" wall-content\">Autour de la Porte de Paris, les participants \u00e0 la manifestation se r\u00e9unissent. On note sur place une nette baisse de la mobilisation, en comparaison du <a href=\"https:\/\/actu.fr\/hauts-de-france\/lille_59350\/greve-du-18-septembre-suivez-la-manifestation-a-lille_63181081.html\" target=\"_blank\" rel=\"noopener\">18 septembre dernier<\/a>.<\/p>\n<p>    <img   decoding=\"async\" loading=\"lazy\" class=\"size-large\" src=\"https:\/\/www.europesays.com\/fr\/wp-content\/uploads\/2025\/10\/e42d92e07ed86e82d92e07ed8dc2d9v-960x640.jpeg\" alt=\"La manifestation s'appr\u00eate \u00e0 partir \u00e0 Lille, peu avant 14h30. Le cort\u00e8ge se met en place autour de la Porte de Paris.\" width=\"960\" height=\"640\"\/><br \/>\n    La manifestation s\u2019appr\u00eate \u00e0 partir \u00e0 Lille, peu avant 14h30. Le cort\u00e8ge se met en place autour de la Porte de Paris. \u00a9ND\/Lille actu<\/p>\n<p class=\" wall-content\">Pour rappel, des lignes de bus circulant en centre-ville sont d\u00e9vi\u00e9es, le temps de la manifestation.<\/p>\n<p class=\" wall-content\">\n<p class=\" wall-content\"><b>A.V., avec N.D. sur place<\/b><\/p>\n<p class=\" wall-content\">Personnalisez votre actualit\u00e9 en ajoutant vos villes et m\u00e9dias en favori avec <a href=\"https:\/\/moncompte.actu.fr\" title=\"D\u00e9couvez Mon Actu\" rel=\"nofollow noopener\" data-trk=\"{&quot;cta&quot;:{&quot;action&quot;:&quot;https:\\\/\\\/moncompte.actu.fr&quot;,&quot;category&quot;:&quot;mon compte&quot;,&quot;from&quot;:&quot;article footer&quot;,&quot;name&quot;:&quot;Mon actu&quot;,&quot;type&quot;:&quot;cta&quot;}}\" target=\"_blank\">Mon Actu<\/a>.<\/p>\n","protected":false},"excerpt":{"rendered":"Par R\u00e9daction Lille Publi\u00e9 le 2 oct. 2025 \u00e0 15h58 ; mis \u00e0 jour le 2 oct. 2025&hellip;\n","protected":false},"author":2,"featured_media":434534,"comment_status":"","ping_status":"","sticky":false,"template":"","format":"standard","meta":{"footnotes":""},"categories":[2815],"tags":[1111,11,1777,674,1011,27,6151,811,1307,1272,12,25,104],"class_list":{"0":"post-434533","1":"post","2":"type-post","3":"status-publish","4":"format-standard","5":"has-post-thumbnail","7":"category-lille","8":"tag-actu","9":"tag-actualites","10":"tag-eu","11":"tag-europe","12":"tag-fr","13":"tag-france","14":"tag-greve","15":"tag-hauts-de-france","16":"tag-lille","17":"tag-manifestations","18":"tag-news","19":"tag-republique-francaise","20":"tag-societe"},"share_on_mastodon":{"url":"https:\/\/pubeurope.com\/@fr\/115306519878544088","error":""},"_links":{"self":[{"href":"https:\/\/www.europesays.com\/fr\/wp-json\/wp\/v2\/posts\/434533","targetHints":{"allow":["GET"]}}],"collection":[{"href":"https:\/\/www.europesays.com\/fr\/wp-json\/wp\/v2\/posts"}],"about":[{"href":"https:\/\/www.europesays.com\/fr\/wp-json\/wp\/v2\/types\/post"}],"author":[{"embeddable":true,"href":"https:\/\/www.europesays.com\/fr\/wp-json\/wp\/v2\/users\/2"}],"replies":[{"embeddable":true,"href":"https:\/\/www.europesays.com\/fr\/wp-json\/wp\/v2\/comments?post=434533"}],"version-history":[{"count":0,"href":"https:\/\/www.europesays.com\/fr\/wp-json\/wp\/v2\/posts\/434533\/revisions"}],"wp:featuredmedia":[{"embeddable":true,"href":"https:\/\/www.europesays.com\/fr\/wp-json\/wp\/v2\/media\/434534"}],"wp:attachment":[{"href":"https:\/\/www.europesays.com\/fr\/wp-json\/wp\/v2\/media?parent=434533"}],"wp:term":[{"taxonomy":"category","embeddable":true,"href":"https:\/\/www.europesays.com\/fr\/wp-json\/wp\/v2\/categories?post=434533"},{"taxonomy":"post_tag","embeddable":true,"href":"https:\/\/www.europesays.com\/fr\/wp-json\/wp\/v2\/tags?post=434533"}],"curies":[{"name":"wp","href":"https:\/\/api.w.org\/{rel}","templated":true}]}}