{"id":43454,"date":"2025-04-22T08:03:09","date_gmt":"2025-04-22T08:03:09","guid":{"rendered":"https:\/\/www.europesays.com\/fr\/43454\/"},"modified":"2025-04-22T08:03:09","modified_gmt":"2025-04-22T08:03:09","slug":"quel-est-ce-cabinet-dentaire-ambulant-qui-sillonne-les-alpes-maritimes-et-le-var","status":"publish","type":"post","link":"https:\/\/www.europesays.com\/fr\/43454\/","title":{"rendered":"Quel est ce cabinet dentaire ambulant qui sillonne les Alpes-Maritimes et le Var?"},"content":{"rendered":"<p>Ces bus vont directement \u00e0 la rencontre des patients. Ceux qui ont du mal \u00e0 se d\u00e9placer, ceux pour qui les soins dentaires ne sont pas une priorit\u00e9. Ceux qui sont \u00e2g\u00e9s ou en situation de handicap.<\/p>\n<p>L\u2019association d\u00e9partementale Handident \u2013 qui a vu le jour en 2005 \u2013 a pour mission de \u00ab\u00a0faciliter l\u2019acc\u00e8s aux soins dentaires des personnes handicap\u00e9es [dans la r\u00e9gion] en f\u00e9d\u00e9rant des chirurgiens-dentistes au sein d\u2019un r\u00e9seau\u00a0\u00bb. Et, la semaine derni\u00e8re, l\u2019un des bus a stationn\u00e9 sur le parvis de la Fondation Pauliani \u00e0 Nice qui h\u00e9berge des personnes \u00e2g\u00e9es, souvent d\u00e9pendantes ou atteintes de maladies telles Parkinson ou encore Alzheimer. Mis en fonction en septembre 2024, ce v\u00e9ritable cabinet dentaire ambulant est d\u00e9j\u00e0 intervenu dans 10 \u00e9tablissements et a permis de soigner plus de 350 patients soign\u00e9s. Le bus assure des tourn\u00e9s toute l\u2019ann\u00e9e.<\/p>\n<p>tOUTES les informations sur <a href=\"https:\/\/handidentpaca.fr\/\" target=\"_blank\" rel=\"noopener nofollow\">handidentpaca.fr<\/a><\/p>\n","protected":false},"excerpt":{"rendered":"Ces bus vont directement \u00e0 la rencontre des patients. Ceux qui ont du mal \u00e0 se d\u00e9placer, ceux&hellip;\n","protected":false},"author":2,"featured_media":43455,"comment_status":"","ping_status":"","sticky":false,"template":"","format":"standard","meta":{"footnotes":""},"categories":[2819],"tags":[1111,11,1777,674,1011,27,12,2401,882,25,3366],"class_list":{"0":"post-43454","1":"post","2":"type-post","3":"status-publish","4":"format-standard","5":"has-post-thumbnail","7":"category-nice","8":"tag-actu","9":"tag-actualites","10":"tag-eu","11":"tag-europe","12":"tag-fr","13":"tag-france","14":"tag-news","15":"tag-nice","16":"tag-provence-alpes-cote-dazur","17":"tag-republique-francaise","18":"tag-vie-locale"},"share_on_mastodon":{"url":"https:\/\/pubeurope.com\/@fr\/114380577410452305","error":""},"_links":{"self":[{"href":"https:\/\/www.europesays.com\/fr\/wp-json\/wp\/v2\/posts\/43454","targetHints":{"allow":["GET"]}}],"collection":[{"href":"https:\/\/www.europesays.com\/fr\/wp-json\/wp\/v2\/posts"}],"about":[{"href":"https:\/\/www.europesays.com\/fr\/wp-json\/wp\/v2\/types\/post"}],"author":[{"embeddable":true,"href":"https:\/\/www.europesays.com\/fr\/wp-json\/wp\/v2\/users\/2"}],"replies":[{"embeddable":true,"href":"https:\/\/www.europesays.com\/fr\/wp-json\/wp\/v2\/comments?post=43454"}],"version-history":[{"count":0,"href":"https:\/\/www.europesays.com\/fr\/wp-json\/wp\/v2\/posts\/43454\/revisions"}],"wp:featuredmedia":[{"embeddable":true,"href":"https:\/\/www.europesays.com\/fr\/wp-json\/wp\/v2\/media\/43455"}],"wp:attachment":[{"href":"https:\/\/www.europesays.com\/fr\/wp-json\/wp\/v2\/media?parent=43454"}],"wp:term":[{"taxonomy":"category","embeddable":true,"href":"https:\/\/www.europesays.com\/fr\/wp-json\/wp\/v2\/categories?post=43454"},{"taxonomy":"post_tag","embeddable":true,"href":"https:\/\/www.europesays.com\/fr\/wp-json\/wp\/v2\/tags?post=43454"}],"curies":[{"name":"wp","href":"https:\/\/api.w.org\/{rel}","templated":true}]}}