{"id":434541,"date":"2025-10-02T20:46:16","date_gmt":"2025-10-02T20:46:16","guid":{"rendered":"https:\/\/www.europesays.com\/fr\/434541\/"},"modified":"2025-10-02T20:46:16","modified_gmt":"2025-10-02T20:46:16","slug":"lyon-7e-le-clean-up-day-de-la-guill-cest-ce-samedi","status":"publish","type":"post","link":"https:\/\/www.europesays.com\/fr\/434541\/","title":{"rendered":"Lyon 7e. Le Clean up day de la Guill\u2019, c\u2019est ce samedi"},"content":{"rendered":"<p>Ce samedi 4\u00a0octobre, de 14 \u00e0 17\u00a0heures, l\u2019association Redorons la Guilloti\u00e8re organise avec les associations Wings of the Ocean &#8211; Antenne Lyon et trail runner fondation, le Clean up day de la Guill\u2019.<\/p>\n<p>Au programme\u00a0: d\u00e9pollution b\u00e9n\u00e9vole autour de la place Gabriel-P\u00e9ri, sensibilisation aux probl\u00e9matiques des d\u00e9chets, des d\u00e9p\u00f4ts (que devient un m\u00e9got que l\u2019on jette dans la rue\u00a0? etc.).<\/p>\n<p>Informations et discussions autour de ces probl\u00e9matiques. Tout le mat\u00e9riel est fourni par l\u2019association\u00a0et l\u2019\u00e9v\u00e9nement est ouvert \u00e0 tous. Le rendez-vous est donn\u00e9 place Gabriel-P\u00e9ri, ce samedi \u00e0 14 heures.<\/p>\n","protected":false},"excerpt":{"rendered":"Ce samedi 4\u00a0octobre, de 14 \u00e0 17\u00a0heures, l\u2019association Redorons la Guilloti\u00e8re organise avec les associations Wings of the&hellip;\n","protected":false},"author":2,"featured_media":434542,"comment_status":"","ping_status":"","sticky":false,"template":"","format":"standard","meta":{"footnotes":""},"categories":[1889],"tags":[1111,11,2430,2757,436,1777,674,1011,27,9588,2428,5947,5946,12,25],"class_list":{"0":"post-434541","1":"post","2":"type-post","3":"status-publish","4":"format-standard","5":"has-post-thumbnail","7":"category-lyon","8":"tag-actu","9":"tag-actualites","10":"tag-auvergne-rhone-alpes","11":"tag-edition-lyon-villeurbanne","12":"tag-environnement","13":"tag-eu","14":"tag-europe","15":"tag-fr","16":"tag-france","17":"tag-ici-on-agit","18":"tag-lyon","19":"tag-lyon-7e","20":"tag-lyon-7e-arrondissement","21":"tag-news","22":"tag-republique-francaise"},"share_on_mastodon":{"url":"https:\/\/pubeurope.com\/@fr\/115306534455024913","error":""},"_links":{"self":[{"href":"https:\/\/www.europesays.com\/fr\/wp-json\/wp\/v2\/posts\/434541","targetHints":{"allow":["GET"]}}],"collection":[{"href":"https:\/\/www.europesays.com\/fr\/wp-json\/wp\/v2\/posts"}],"about":[{"href":"https:\/\/www.europesays.com\/fr\/wp-json\/wp\/v2\/types\/post"}],"author":[{"embeddable":true,"href":"https:\/\/www.europesays.com\/fr\/wp-json\/wp\/v2\/users\/2"}],"replies":[{"embeddable":true,"href":"https:\/\/www.europesays.com\/fr\/wp-json\/wp\/v2\/comments?post=434541"}],"version-history":[{"count":0,"href":"https:\/\/www.europesays.com\/fr\/wp-json\/wp\/v2\/posts\/434541\/revisions"}],"wp:featuredmedia":[{"embeddable":true,"href":"https:\/\/www.europesays.com\/fr\/wp-json\/wp\/v2\/media\/434542"}],"wp:attachment":[{"href":"https:\/\/www.europesays.com\/fr\/wp-json\/wp\/v2\/media?parent=434541"}],"wp:term":[{"taxonomy":"category","embeddable":true,"href":"https:\/\/www.europesays.com\/fr\/wp-json\/wp\/v2\/categories?post=434541"},{"taxonomy":"post_tag","embeddable":true,"href":"https:\/\/www.europesays.com\/fr\/wp-json\/wp\/v2\/tags?post=434541"}],"curies":[{"name":"wp","href":"https:\/\/api.w.org\/{rel}","templated":true}]}}