{"id":434547,"date":"2025-10-02T20:50:13","date_gmt":"2025-10-02T20:50:13","guid":{"rendered":"https:\/\/www.europesays.com\/fr\/434547\/"},"modified":"2025-10-02T20:50:13","modified_gmt":"2025-10-02T20:50:13","slug":"nouvelle-attaque-a-la-voiture-belier-a-paris","status":"publish","type":"post","link":"https:\/\/www.europesays.com\/fr\/434547\/","title":{"rendered":"nouvelle attaque \u00e0 la voiture b\u00e9lier \u00e0 Paris"},"content":{"rendered":"<p>      lire plus tard<\/p>\n<p id=\"dialog__title\" class=\"dialog__title\">Pour sauvegarder cet article, connectez-vous ou cr\u00e9ez un compte franceinfo<\/p>\n<p class=\"dialog__description\">Sans paiement. Sans abonnement.<\/p>\n<p>        Fermer la fen\u00eatre d\u2019activation des notifications France Info<\/p>\n<p>      cr\u00e9er votre compte<\/p>\n<p>      se connecter<\/p>\n<p>        Fermer la fen\u00eatre de pr\u00e9sentation<\/p>\n<p>    Publi\u00e9 le 02\/10\/2025 22:07<\/p>\n<p>        Temps de lecture : 2min &#8211; vid\u00e9o : 2min<\/p>\n<p>    <img decoding=\"async\" class=\"francetv-player-wrapper__image\" alt=\"Boutiques de luxe : nouvelle attaque \u00e0 la voiture b\u00e9lier \u00e0 Paris\"  width=\"432\" height=\"243\" src=\"https:\/\/www.europesays.com\/fr\/wp-content\/uploads\/2025\/10\/video-30-68deda2b09a76909399851.jpg\" fetchpriority=\"high\"\/><\/p>\n<p>              Boutiques de luxe : nouvelle attaque \u00e0 la voiture b\u00e9lier \u00e0 Paris<br \/>\n                    (France 2)<\/p>\n<p>      2min<\/p>\n<p>\n  \u00c0 Paris, un braquage \u00e0 la voiture-b\u00e9lier d&rsquo;un magasin de luxe a eu lieu jeudi 2 octobre. C&rsquo;est une boutique Chanel qui a \u00e9t\u00e9 attaqu\u00e9e, vers 4 h du matin. Les braqueurs sont repartis avec plusieurs sacs.\n<\/p>\n<p><strong>Ce texte correspond \u00e0 une partie de la retranscription du reportage ci-dessus. Cliquez sur la vid\u00e9o pour la regarder en int\u00e9gralit\u00e9.<\/strong><\/p>\n<p>La grille a \u00e9t\u00e9 d\u00e9fonc\u00e9e et une porte vitr\u00e9e arrach\u00e9e. Jeudi 2 octobre, \u00e0 4 h 40, une Alfa Romeo rouge a fractur\u00e9 une boutique Chanel, rue Royale, dans le 8e arrondissement de la capitale. Les cambrioleurs ont emport\u00e9 une grande partie de la marchandise. \u00ab\u00a0Apparemment, ils ont vol\u00e9 des sacs. \u00c0 l&rsquo;heure \u00e0 laquelle on vous parle, nous n&rsquo;avons pas le montant exact\u00a0\u00bb, indique Jeanne d\u2019Hauteserre, maire (LR) du 8e arrondissement de Paris.<\/p>\n<p>Les braqueurs, au moins deux selon la police, prennent la fuite avec la <a href=\"http:\/\/www.franceinfo.fr\/replay-jt\/france-2\/13-heures\/magasin-de-luxe-nouveau-braquage-a-la-voiture-belier-a-paris-les-auteurs-en-fuite_7527574.html#:~:text=Un%20nouveau%20braquage%20%C3%A0%20la,auteurs%20sont%20toujours%20en%20fuite.\" rel=\"nofollow noopener\" target=\"_blank\">voiture-b\u00e9lier<\/a> et l&rsquo;abandonnent un kilom\u00e8tre plus loin, dans un parking souterrain, avant de r\u00e9cup\u00e9rer un autre v\u00e9hicule. Il n&rsquo;y a pas de t\u00e9moins directs de l&rsquo;attaque. Quand le gardien de l&rsquo;immeuble d&rsquo;en face arrive \u00e0 5 heures, il d\u00e9couvre une boutique minutieusement vid\u00e9e. \u00ab\u00a0Je suis rentr\u00e9 pour prendre mon service. \u00c0 travers la vitre, j&rsquo;ai vu qu&rsquo;il n&rsquo;y avait absolument plus rien \u00e0 l&rsquo;int\u00e9rieur. Tout a \u00e9t\u00e9 bien nettoy\u00e9. Plus de mannequin, plus rien\u00a0\u00bb, raconte-t-il.<\/p>\n<p>Une autre boutique Chanel a d\u00e9j\u00e0 \u00e9t\u00e9 vis\u00e9e \u00e0 Paris l&rsquo;an pass\u00e9. Cent soixante sacs ont \u00e9t\u00e9 d\u00e9rob\u00e9s et quatre personnes ont \u00e9t\u00e9 mises en examen. Le magasin Louis Vuitton du 6e arrondissement a \u00e9t\u00e9 fractur\u00e9 \u00e0 trois reprises. En novembre dernier, la sc\u00e8ne a m\u00eame \u00e9t\u00e9 film\u00e9e par un riverain. En deux ans \u00e0 Paris, les attaques de boutiques de maroquinerie de luxe se sont multipli\u00e9es.<\/p>\n<p>Le butin d\u00e9passe parfois le million d&rsquo;euros. \u00ab\u00a0Effectivement, les boutiques de luxe permettent d&rsquo;arracher un maximum d&rsquo;articles chers et facilement revendables dans un minimum de temps et pour un minimum d&rsquo;espace \u00e0 transporter\u00a0\u00bb, explique Fabien Bogais, syndicat Alliance Police nationale. Aucune interpellation n&rsquo;a eu lieu pour l&rsquo;instant suite au braquage du jeudi 2 octobre. Les auteurs sont toujours en fuite.<\/p>\n","protected":false},"excerpt":{"rendered":"lire plus tard Pour sauvegarder cet article, connectez-vous ou cr\u00e9ez un compte franceinfo Sans paiement. Sans abonnement. Fermer&hellip;\n","protected":false},"author":2,"featured_media":434548,"comment_status":"","ping_status":"","sticky":false,"template":"","format":"standard","meta":{"footnotes":""},"categories":[1888],"tags":[1111,1928,11,1927,1777,674,1011,27,12,1926,626,1925,25],"class_list":{"0":"post-434547","1":"post","2":"type-post","3":"status-publish","4":"format-standard","5":"has-post-thumbnail","7":"category-paris","8":"tag-actu","9":"tag-actu-paris","10":"tag-actualites","11":"tag-actualites-paris","12":"tag-eu","13":"tag-europe","14":"tag-fr","15":"tag-france","16":"tag-news","17":"tag-news-paris","18":"tag-paris","19":"tag-paris-news","20":"tag-republique-francaise"},"share_on_mastodon":{"url":"https:\/\/pubeurope.com\/@fr\/115306550548349766","error":""},"_links":{"self":[{"href":"https:\/\/www.europesays.com\/fr\/wp-json\/wp\/v2\/posts\/434547","targetHints":{"allow":["GET"]}}],"collection":[{"href":"https:\/\/www.europesays.com\/fr\/wp-json\/wp\/v2\/posts"}],"about":[{"href":"https:\/\/www.europesays.com\/fr\/wp-json\/wp\/v2\/types\/post"}],"author":[{"embeddable":true,"href":"https:\/\/www.europesays.com\/fr\/wp-json\/wp\/v2\/users\/2"}],"replies":[{"embeddable":true,"href":"https:\/\/www.europesays.com\/fr\/wp-json\/wp\/v2\/comments?post=434547"}],"version-history":[{"count":0,"href":"https:\/\/www.europesays.com\/fr\/wp-json\/wp\/v2\/posts\/434547\/revisions"}],"wp:featuredmedia":[{"embeddable":true,"href":"https:\/\/www.europesays.com\/fr\/wp-json\/wp\/v2\/media\/434548"}],"wp:attachment":[{"href":"https:\/\/www.europesays.com\/fr\/wp-json\/wp\/v2\/media?parent=434547"}],"wp:term":[{"taxonomy":"category","embeddable":true,"href":"https:\/\/www.europesays.com\/fr\/wp-json\/wp\/v2\/categories?post=434547"},{"taxonomy":"post_tag","embeddable":true,"href":"https:\/\/www.europesays.com\/fr\/wp-json\/wp\/v2\/tags?post=434547"}],"curies":[{"name":"wp","href":"https:\/\/api.w.org\/{rel}","templated":true}]}}